{"id":552703,"date":"2025-11-23T05:10:13","date_gmt":"2025-11-23T05:10:13","guid":{"rendered":"https:\/\/www.europesays.com\/fr\/552703\/"},"modified":"2025-11-23T05:10:13","modified_gmt":"2025-11-23T05:10:13","slug":"cette-enseigne-populaire-reputee-pour-ses-objets-ultra-mignons-sinstalle-dans-la-gare-lille-europe","status":"publish","type":"post","link":"https:\/\/www.europesays.com\/fr\/552703\/","title":{"rendered":"Cette enseigne populaire r\u00e9put\u00e9e pour ses objets ultra mignons s&rsquo;installe dans la gare Lille Europe"},"content":{"rendered":"<p>                    Par<br \/>\n        <strong><br \/>\n            <a href=\"https:\/\/actu.fr\/auteur\/nicolas-demollien\" title=\"Consulter tous les articles de Nicolas Demollien\" target=\"_blank\" rel=\"noopener\">Nicolas Demollien<\/a><br \/>\n                    <\/strong><\/p>\n<p>        Publi\u00e9 le<\/p>\n<p>            23 nov. 2025 \u00e0 6h06        <\/p>\n<p>\u00c7a <b>bouge du c\u00f4t\u00e9 de la gare<\/b> <a href=\"https:\/\/actu.fr\/tag\/lille-europe\" target=\"_blank\" rel=\"noopener\">Lille Europe<\/a> ! L\u2019enceinte de la <a href=\"https:\/\/actu.fr\/tag\/sncf\" target=\"_blank\" rel=\"noopener\">SNCF<\/a> accueille en effet un tout <a href=\"https:\/\/actu.fr\/tag\/nouveaux-commerces\" target=\"_blank\" rel=\"noopener\">nouveau commerce<\/a> depuis la mi-novembre 2025. Et pas n\u2019importe lequel, puisqu\u2019il s\u2019agit d\u2019une <b>enseigne r\u00e9put\u00e9e<\/b> pour ses <b>mignonneries en tout genre<\/b>.<\/p>\n<p>L\u2019enseigne kawa\u00ef Miniso d\u00e9barque \u00e0 Lille Europe<\/p>\n<p class=\" wall-content\">Vous l\u2019avez peut-\u00eatre d\u00e9j\u00e0 devin\u00e9, c\u2019est en effet <b>Miniso qui a ouvert ce nouveau magasin<\/b> \u00e0 <a href=\"https:\/\/actu.fr\/hauts-de-france\/lille_59350\" target=\"_blank\" rel=\"noopener\">Lille<\/a> (Nord). Vous le trouverez <b>entre les halls 2 et 3<\/b>, au sein du Relay.<\/p>\n<p class=\" wall-content\">\u00ab\u00a0En renouvellement permanent, avec 4200 boutiques dans 80 pays et 15 bureaux de design, nous collaborons avec <b>Marvel, Disney et bien d\u2019autres<\/b>. Notre philosophie est une fusion \u00e9nergisante : un mix de ce que l\u2019Asie offre de meilleur et au meilleur prix\u00a0\u00bb, se d\u00e9crit Miniso <a href=\"https:\/\/www.miniso.fr\/pages\/a-propos\" target=\"_blank\" rel=\"noopener\">sur son site internet<\/a>.<\/p>\n<p class=\" wall-content\">Vous y d\u00e9couvrirez ainsi d\u00e9corations, peluches, produits d\u00e9riv\u00e9s de la pop culture, accessoires, produits de beaut\u00e9 et autres gadgets. De quoi vous faire plaisir avec des prix plut\u00f4t comp\u00e9titifs.<\/p>\n<p>    <a href=\"https:\/\/www.facebook.com\/plugins\/post.php?href=https%3A%2F%2Fwww.facebook.com%2FGaredeLilleEurope%2Fposts%2Fpfbid02sDKWjDtTL64sohBMp89kW8zVtautwkyJJNqrDU24vKm2UPj3qVa5CWwZM4ut6UpZl&amp;show_text=true&amp;width=350\" title=\"Ouvrie le lien\" target=\"_blank\" rel=\"noopener\">Cliquez ici pour visualiser le contenu<\/a><\/p>\n<p class=\" wall-content\">Plus d\u2019infos sur le site <a href=\"https:\/\/www.garesetconnexions.sncf\/fr\/gares-services\/lille-europe\/services-commerces\/miniso\" target=\"_blank\" rel=\"noopener\">garesetconnexions.sncf<\/a><\/p>\n<p class=\" wall-content\">Personnalisez votre actualit\u00e9 en ajoutant vos villes et m\u00e9dias en favori avec <a href=\"https:\/\/moncompte.actu.fr\" title=\"D\u00e9couvez Mon Actu\" rel=\"nofollow noopener\" data-trk=\"{&quot;cta&quot;:{&quot;action&quot;:&quot;https:\\\/\\\/moncompte.actu.fr&quot;,&quot;category&quot;:&quot;mon compte&quot;,&quot;from&quot;:&quot;article footer&quot;,&quot;name&quot;:&quot;Mon actu&quot;,&quot;type&quot;:&quot;cta&quot;}}\" target=\"_blank\">Mon Actu<\/a>.<\/p>\n","protected":false},"excerpt":{"rendered":"Par Nicolas Demollien Publi\u00e9 le 23 nov. 2025 \u00e0 6h06 \u00c7a bouge du c\u00f4t\u00e9 de la gare Lille&hellip;\n","protected":false},"author":2,"featured_media":552704,"comment_status":"","ping_status":"","sticky":false,"template":"","format":"standard","meta":{"footnotes":""},"categories":[2815],"tags":[1111,11,1777,674,1011,27,811,1307,32177,12,3147,25,104],"class_list":{"0":"post-552703","1":"post","2":"type-post","3":"status-publish","4":"format-standard","5":"has-post-thumbnail","7":"category-lille","8":"tag-actu","9":"tag-actualites","10":"tag-eu","11":"tag-europe","12":"tag-fr","13":"tag-france","14":"tag-hauts-de-france","15":"tag-lille","16":"tag-lille-europe","17":"tag-news","18":"tag-nouveaux-commerces","19":"tag-republique-francaise","20":"tag-societe"},"share_on_mastodon":{"url":"https:\/\/pubeurope.com\/@fr\/115597293957958562","error":""},"_links":{"self":[{"href":"https:\/\/www.europesays.com\/fr\/wp-json\/wp\/v2\/posts\/552703","targetHints":{"allow":["GET"]}}],"collection":[{"href":"https:\/\/www.europesays.com\/fr\/wp-json\/wp\/v2\/posts"}],"about":[{"href":"https:\/\/www.europesays.com\/fr\/wp-json\/wp\/v2\/types\/post"}],"author":[{"embeddable":true,"href":"https:\/\/www.europesays.com\/fr\/wp-json\/wp\/v2\/users\/2"}],"replies":[{"embeddable":true,"href":"https:\/\/www.europesays.com\/fr\/wp-json\/wp\/v2\/comments?post=552703"}],"version-history":[{"count":0,"href":"https:\/\/www.europesays.com\/fr\/wp-json\/wp\/v2\/posts\/552703\/revisions"}],"wp:featuredmedia":[{"embeddable":true,"href":"https:\/\/www.europesays.com\/fr\/wp-json\/wp\/v2\/media\/552704"}],"wp:attachment":[{"href":"https:\/\/www.europesays.com\/fr\/wp-json\/wp\/v2\/media?parent=552703"}],"wp:term":[{"taxonomy":"category","embeddable":true,"href":"https:\/\/www.europesays.com\/fr\/wp-json\/wp\/v2\/categories?post=552703"},{"taxonomy":"post_tag","embeddable":true,"href":"https:\/\/www.europesays.com\/fr\/wp-json\/wp\/v2\/tags?post=552703"}],"curies":[{"name":"wp","href":"https:\/\/api.w.org\/{rel}","templated":true}]}}