{"id":552705,"date":"2025-11-23T05:11:16","date_gmt":"2025-11-23T05:11:16","guid":{"rendered":"https:\/\/www.europesays.com\/fr\/552705\/"},"modified":"2025-11-23T05:11:16","modified_gmt":"2025-11-23T05:11:16","slug":"marseille-sortie-de-route-pour-le-prefet-qui-avait-prive-de-travail-ce-chauffeur-vtc","status":"publish","type":"post","link":"https:\/\/www.europesays.com\/fr\/552705\/","title":{"rendered":"Marseille. Sortie de route pour le pr\u00e9fet qui avait \u00ab\u00a0priv\u00e9\u00a0\u00bb de travail ce chauffeur VTC"},"content":{"rendered":"<p>                    Par<br \/>\n        <strong><br \/>\n            <a href=\"https:\/\/actu.fr\/auteur\/redaction-marseille\" title=\"Consulter tous les articles de R\u00e9daction Marseille\" target=\"_blank\" rel=\"noopener\">R\u00e9daction Marseille<\/a><br \/>\n                    <\/strong><\/p>\n<p>        Publi\u00e9 le<\/p>\n<p>            22 nov. 2025 \u00e0 6h34        <\/p>\n<p>Le juge des r\u00e9f\u00e9r\u00e9s du tribunal administratif de <a href=\"https:\/\/actu.fr\/marseille\/\" target=\"_blank\" rel=\"noopener\">Marseille<\/a> a donn\u00e9 raison \u00e0 un conducteur de Voiture de transport avec chauffeur (VTC) en suspendant l\u2019arr\u00eat\u00e9 du pr\u00e9fet des <a href=\"https:\/\/actu.fr\/provence-alpes-cote-d-azur\/bouches-du-rhone_13\" target=\"_blank\" rel=\"noopener\">Bouches-du-Rh\u00f4ne<\/a> qui<strong> l\u2019avait priv\u00e9 de sa carte professionnelle pour cinq mois.<\/strong> Le requ\u00e9rant avait \u00e9t\u00e9 contr\u00f4l\u00e9 par la police le 31\u00a0ao\u00fbt 2024\u2009alors qu\u2019<strong>il stationnait irr\u00e9guli\u00e8rement sur la voie publique,<\/strong> relate le juge dans une ordonnance du 25\u00a0septembre 2025 qui vient d\u2019\u00eatre rendue publique.<\/p>\n<p>D\u2019autres motifs avanc\u00e9s<\/p>\n<p class=\" wall-content\">Il avait alors fait l\u2019objet d\u2019une \u00ab\u2009sanction alternative\u2009\u00bb de la part du procureur de la R\u00e9publique\u2009: il avait d\u00fb payer une \u00ab\u2009contribution citoyenne\u2009\u00bb de <strong>200\u00a0euros.<\/strong><\/p>\n<p class=\" wall-content\">Mais le pr\u00e9fet des Bouches-du-Rh\u00f4ne de l\u2019\u00e9poque Georges-Fran\u00e7ois Leclerc \u2013\u00a0remplac\u00e9 il y a deux jours par Jacques Witkowski\u00a0\u2013 avait pris une sanction parall\u00e8le\u00a0le 28\u00a0juillet 2025 \u00ab\u2009pour le m\u00eame motif\u2009\u00bb mais aussi pour un <strong>\u00ab\u2009d\u00e9faut de pr\u00e9sentation du livret individuel de contr\u00f4le et de signal\u00e9tique conformes\u2009\u00bb.<\/strong><\/p>\n<p>Une sanction \u00ab\u2009disproportionn\u00e9e\u2009\u00bb<\/p>\n<p class=\" wall-content\">Le chauffeur VTC avait alors saisi la justice le 10\u00a0septembre 2025 \u00e0 propos de cette sanction \u00ab\u2009disproportionn\u00e9e\u2009\u00bb qui le \u00ab\u2009prive de toute ressource\u2009\u00bb alors qu\u2019il \u00ab\u2009ne peut b\u00e9n\u00e9ficier d\u2019aucune aide\u2009\u00bb.\u00a0Sur la forme, <strong>cet arr\u00eat n\u2019\u00e9tait \u00ab\u2009pas suffisamment motiv\u00e9\u2009\u00bb<\/strong>\u2009; il n\u2019avait par ailleurs \u00ab\u2009jamais re\u00e7u de convocation\u2009\u00bb devant la commission locale des transports.<\/p>\n<p class=\" wall-content\">\u00ab\u2009La suspension [\u2026] le prive de <strong>son unique source de revenus<\/strong> durant cette p\u00e9riode alors qu\u2019il doit faire face \u00e0 des charges incompressibles\u2009\u00bb, confirme le juge des r\u00e9f\u00e9r\u00e9s du tribunal administratif de Marseille. \u00ab\u2009Par suite, la condition d\u2019urgence est remplie.\u2009\u00bb<\/p>\n<p>L\u2019\u00c9tat doit lui verser 1000 euros<\/p>\n<p class=\" wall-content\">\u00ab\u2009Le moyen tir\u00e9 de l\u2019irr\u00e9gularit\u00e9 de la proc\u00e9dure, du fait de l\u2019absence de convocation r\u00e9guli\u00e8re de M. X devant la commission locale des transports, est de nature \u00e0 cr\u00e9er <strong>un doute s\u00e9rieux quant \u00e0 la l\u00e9galit\u00e9 de l\u2019arr\u00eat\u00e9<\/strong>\u2009\u00bb, ajoute le magistrat marseillais. \u00ab\u2009Il y a lieu de suspendre [\u2026] l\u2019arr\u00eat\u00e9 [\u2026] jusqu\u2019\u00e0 ce que le tribunal se prononce au fond.\u2009\u00bb<\/p>\n<p>Votre r\u00e9gion, votre actu !<\/p>\n<p>Recevez chaque jour les infos qui comptent pour vous.<\/p>\n<p>\t<a href=\"https:\/\/actu.fr\/newsletter\" class=\"ac-btn ac-btn--corner ac-btn--medium ac-btn--blue800\" target=\"_blank\" rel=\"noopener\">S&rsquo;incrire<\/a><\/p>\n<p class=\" wall-content\">Le tribunal se repenchera donc sur le dossier par le biais d\u2019une formation coll\u00e9giale de trois juges <strong>d\u2019ici deux ans.<\/strong> En attendant, d\u2019ici l\u00e0, l\u2019\u00c9tat devra verser 1 000 euros au chauffeur VTC pour ses frais d\u2019avocat.<\/p>\n<p class=\" wall-content\"><strong>GF \/ PressPepper<\/strong><\/p>\n<p class=\" wall-content\">Personnalisez votre actualit\u00e9 en ajoutant vos villes et m\u00e9dias en favori avec <a href=\"https:\/\/moncompte.actu.fr\" title=\"D\u00e9couvez Mon Actu\" rel=\"nofollow noopener\" data-trk=\"{&quot;cta&quot;:{&quot;action&quot;:&quot;https:\\\/\\\/moncompte.actu.fr&quot;,&quot;category&quot;:&quot;mon compte&quot;,&quot;from&quot;:&quot;article footer&quot;,&quot;name&quot;:&quot;Mon actu&quot;,&quot;type&quot;:&quot;cta&quot;}}\" target=\"_blank\">Mon Actu<\/a>.<\/p>\n","protected":false},"excerpt":{"rendered":"Par R\u00e9daction Marseille Publi\u00e9 le 22 nov. 2025 \u00e0 6h34 Le juge des r\u00e9f\u00e9r\u00e9s du tribunal administratif de&hellip;\n","protected":false},"author":2,"featured_media":552706,"comment_status":"","ping_status":"","sticky":false,"template":"","format":"standard","meta":{"footnotes":""},"categories":[2814],"tags":[1111,11,1777,674,118,1011,27,303,884,12,882,25,2803],"class_list":{"0":"post-552705","1":"post","2":"type-post","3":"status-publish","4":"format-standard","5":"has-post-thumbnail","7":"category-marseille","8":"tag-actu","9":"tag-actualites","10":"tag-eu","11":"tag-europe","12":"tag-faits-divers","13":"tag-fr","14":"tag-france","15":"tag-justice","16":"tag-marseille","17":"tag-news","18":"tag-provence-alpes-cote-dazur","19":"tag-republique-francaise","20":"tag-transport"},"share_on_mastodon":{"url":"https:\/\/pubeurope.com\/@fr\/115597297879167645","error":""},"_links":{"self":[{"href":"https:\/\/www.europesays.com\/fr\/wp-json\/wp\/v2\/posts\/552705","targetHints":{"allow":["GET"]}}],"collection":[{"href":"https:\/\/www.europesays.com\/fr\/wp-json\/wp\/v2\/posts"}],"about":[{"href":"https:\/\/www.europesays.com\/fr\/wp-json\/wp\/v2\/types\/post"}],"author":[{"embeddable":true,"href":"https:\/\/www.europesays.com\/fr\/wp-json\/wp\/v2\/users\/2"}],"replies":[{"embeddable":true,"href":"https:\/\/www.europesays.com\/fr\/wp-json\/wp\/v2\/comments?post=552705"}],"version-history":[{"count":0,"href":"https:\/\/www.europesays.com\/fr\/wp-json\/wp\/v2\/posts\/552705\/revisions"}],"wp:featuredmedia":[{"embeddable":true,"href":"https:\/\/www.europesays.com\/fr\/wp-json\/wp\/v2\/media\/552706"}],"wp:attachment":[{"href":"https:\/\/www.europesays.com\/fr\/wp-json\/wp\/v2\/media?parent=552705"}],"wp:term":[{"taxonomy":"category","embeddable":true,"href":"https:\/\/www.europesays.com\/fr\/wp-json\/wp\/v2\/categories?post=552705"},{"taxonomy":"post_tag","embeddable":true,"href":"https:\/\/www.europesays.com\/fr\/wp-json\/wp\/v2\/tags?post=552705"}],"curies":[{"name":"wp","href":"https:\/\/api.w.org\/{rel}","templated":true}]}}