{"id":552708,"date":"2025-11-23T05:13:14","date_gmt":"2025-11-23T05:13:14","guid":{"rendered":"https:\/\/www.europesays.com\/fr\/552708\/"},"modified":"2025-11-23T05:13:14","modified_gmt":"2025-11-23T05:13:14","slug":"comment-rejoindre-les-pistes-au-meilleur-prix-depuis-lyon","status":"publish","type":"post","link":"https:\/\/www.europesays.com\/fr\/552708\/","title":{"rendered":"comment rejoindre les pistes au meilleur prix\u00a0depuis Lyon\u00a0?"},"content":{"rendered":"<p>Pour les Lyonnais qui souhaitent rejoindre les grandes stations alpines, la question est simple\u00a0: comment se rendre en montagne sans faire exploser le budget\u00a0? Nous avons compar\u00e9 les solutions voiture, train et car sur un trajet type Lyon\/Bourg-Saint-Maurice, l\u2019une des principales portes d\u2019entr\u00e9e des stations de Tarentaise.<\/p>\n<p>La voiture\u00a0: le choix le plus \u00e9conomique<\/p>\n<p>\u00c0 l\u2019heure o\u00f9 le co\u00fbt des s\u00e9jours grimpe, la voiture reste une valeur s\u00fbre pour ma\u00eetriser son budget. Carburant et p\u00e9ages compris, un aller-retour Lyon \u2013 Bourg-Saint-Maurice tourne autour de 80\u00a0\u20ac, avec des variations li\u00e9es aux conditions de circulation et au prix du carburant avec un temps de trajet d\u2019environ 2\u00a0h\u00a030.<\/p>\n<p>Pour un voyageur seul, la voiture demeure raisonnable, mais l\u00e9g\u00e8rement plus ch\u00e8re que le bus. En revanche, d\u00e8s qu\u2019on voyage \u00e0 plusieurs,&#8230;<\/p>\n","protected":false},"excerpt":{"rendered":"Pour les Lyonnais qui souhaitent rejoindre les grandes stations alpines, la question est simple\u00a0: comment se rendre en&hellip;\n","protected":false},"author":2,"featured_media":552709,"comment_status":"","ping_status":"","sticky":false,"template":"","format":"standard","meta":{"footnotes":""},"categories":[1889],"tags":[1111,11,2430,3542,130,1687,33,2757,1777,674,107,1011,27,2428,2756,12,25,2429,801,104,602,2803],"class_list":{"0":"post-552708","1":"post","2":"type-post","3":"status-publish","4":"format-standard","5":"has-post-thumbnail","7":"category-lyon","8":"tag-actu","9":"tag-actualites","10":"tag-auvergne-rhone-alpes","11":"tag-circulation","12":"tag-consommation","13":"tag-culture-loisirs","14":"tag-economie","15":"tag-edition-lyon-villeurbanne","16":"tag-eu","17":"tag-europe","18":"tag-fil-info","19":"tag-fr","20":"tag-france","21":"tag-lyon","22":"tag-lyon-bassin","23":"tag-news","24":"tag-republique-francaise","25":"tag-rhone","26":"tag-social","27":"tag-societe","28":"tag-tourisme","29":"tag-transport"},"share_on_mastodon":{"url":"https:\/\/pubeurope.com\/@fr\/115597305764607960","error":""},"_links":{"self":[{"href":"https:\/\/www.europesays.com\/fr\/wp-json\/wp\/v2\/posts\/552708","targetHints":{"allow":["GET"]}}],"collection":[{"href":"https:\/\/www.europesays.com\/fr\/wp-json\/wp\/v2\/posts"}],"about":[{"href":"https:\/\/www.europesays.com\/fr\/wp-json\/wp\/v2\/types\/post"}],"author":[{"embeddable":true,"href":"https:\/\/www.europesays.com\/fr\/wp-json\/wp\/v2\/users\/2"}],"replies":[{"embeddable":true,"href":"https:\/\/www.europesays.com\/fr\/wp-json\/wp\/v2\/comments?post=552708"}],"version-history":[{"count":0,"href":"https:\/\/www.europesays.com\/fr\/wp-json\/wp\/v2\/posts\/552708\/revisions"}],"wp:featuredmedia":[{"embeddable":true,"href":"https:\/\/www.europesays.com\/fr\/wp-json\/wp\/v2\/media\/552709"}],"wp:attachment":[{"href":"https:\/\/www.europesays.com\/fr\/wp-json\/wp\/v2\/media?parent=552708"}],"wp:term":[{"taxonomy":"category","embeddable":true,"href":"https:\/\/www.europesays.com\/fr\/wp-json\/wp\/v2\/categories?post=552708"},{"taxonomy":"post_tag","embeddable":true,"href":"https:\/\/www.europesays.com\/fr\/wp-json\/wp\/v2\/tags?post=552708"}],"curies":[{"name":"wp","href":"https:\/\/api.w.org\/{rel}","templated":true}]}}