{"id":552710,"date":"2025-11-23T05:14:16","date_gmt":"2025-11-23T05:14:16","guid":{"rendered":"https:\/\/www.europesays.com\/fr\/552710\/"},"modified":"2025-11-23T05:14:16","modified_gmt":"2025-11-23T05:14:16","slug":"les-six-actus-quil-ne-fallait-pas-manquer-cette-semaine-2","status":"publish","type":"post","link":"https:\/\/www.europesays.com\/fr\/552710\/","title":{"rendered":"les six actus qu\u2019il ne fallait pas manquer cette semaine"},"content":{"rendered":"<p class=\"insetTitle\">4. La Souris en herbe, premi\u00e8re cr\u00e8che en plein air de France, inaugur\u00e9e \u00e0 Lyon<\/p>\n<p>Emmitoufl\u00e9s sous plusieurs couches, c\u2019est ainsi que les enfants viennent \u00e0 la garderie et le personnel au travail. Ce vendredi 21 novembre, la Souris en herbe, premi\u00e8re cr\u00e8che en plein air de France, a \u00e9t\u00e9 inaugur\u00e9e \u00e0 Lyon dans le 3e arrondissement. Une structure novatrice qui a d\u2019ores et d\u00e9j\u00e0 conquis les parents.<\/p>\n<p>\u00ab\u00a0Depuis qu\u2019il vient, mon fils est moins frustr\u00e9. Il peut se d\u00e9fouler toute la journ\u00e9e et respirer le grand air. Il n\u2019est pas \u00e9nerv\u00e9 quand je viens le r\u00e9cup\u00e9rer, contrairement \u00e0 son ancienne cr\u00e8che, et surtout, il fait des nuits compl\u00e8tes \u00bb, assure Freya, m\u00e8re de Ka\u00efs. Sur cette parcelle s\u00e9curis\u00e9e et am\u00e9nag\u00e9e de 485 m\u00b2, dont une cour nature de 285 m2, tout a \u00e9t\u00e9 con\u00e7u pour d\u00e9velopper la motricit\u00e9, renforcer l\u2019immunit\u00e9 et am\u00e9liorer concentration et sommeil chez les petits.<\/p>\n<p><strong>&gt;&gt; <a href=\"https:\/\/www.leprogres.fr\/education\/2025\/11\/21\/mon-fils-est-moins-frustre-et-fait-des-nuits-completes-ces-familles-lyonnaises-ont-dit-oui-a-la-premiere-creche-en-plein-air\" target=\"_blank\" rel=\"noopener\">Lire notre article complet<\/a>.<\/strong><\/p>\n","protected":false},"excerpt":{"rendered":"4. La Souris en herbe, premi\u00e8re cr\u00e8che en plein air de France, inaugur\u00e9e \u00e0 Lyon Emmitoufl\u00e9s sous plusieurs&hellip;\n","protected":false},"author":2,"featured_media":30227,"comment_status":"","ping_status":"","sticky":false,"template":"","format":"standard","meta":{"footnotes":""},"categories":[1889],"tags":[1111,11,1867,2430,1687,33,2757,1777,674,274,1011,27,937,2428,2801,12353,4750,10927,15657,2802,5946,9743,24817,12,2661,25,2429,3151],"class_list":{"0":"post-552710","1":"post","2":"type-post","3":"status-publish","4":"format-standard","5":"has-post-thumbnail","7":"category-lyon","8":"tag-actu","9":"tag-actualites","10":"tag-animaux","11":"tag-auvergne-rhone-alpes","12":"tag-culture-loisirs","13":"tag-economie","14":"tag-edition-lyon-villeurbanne","15":"tag-eu","16":"tag-europe","17":"tag-faits-divers-justice","18":"tag-fr","19":"tag-france","20":"tag-histoire","21":"tag-lyon","22":"tag-lyon-1er-arrondissement","23":"tag-lyon-2e-arrondissement","24":"tag-lyon-3e-arrondissement","25":"tag-lyon-4e-arrondissement","26":"tag-lyon-5e-arrondissement","27":"tag-lyon-6e-arrondissement","28":"tag-lyon-7e-arrondissement","29":"tag-lyon-8e-arrondissement","30":"tag-lyon-9e-arrondissement","31":"tag-news","32":"tag-patrimoine-culturel","33":"tag-republique-francaise","34":"tag-rhone","35":"tag-selection-de-la-redaction-69"},"share_on_mastodon":{"url":"","error":"Validation failed: Text character limit of 500 exceeded"},"_links":{"self":[{"href":"https:\/\/www.europesays.com\/fr\/wp-json\/wp\/v2\/posts\/552710","targetHints":{"allow":["GET"]}}],"collection":[{"href":"https:\/\/www.europesays.com\/fr\/wp-json\/wp\/v2\/posts"}],"about":[{"href":"https:\/\/www.europesays.com\/fr\/wp-json\/wp\/v2\/types\/post"}],"author":[{"embeddable":true,"href":"https:\/\/www.europesays.com\/fr\/wp-json\/wp\/v2\/users\/2"}],"replies":[{"embeddable":true,"href":"https:\/\/www.europesays.com\/fr\/wp-json\/wp\/v2\/comments?post=552710"}],"version-history":[{"count":0,"href":"https:\/\/www.europesays.com\/fr\/wp-json\/wp\/v2\/posts\/552710\/revisions"}],"wp:featuredmedia":[{"embeddable":true,"href":"https:\/\/www.europesays.com\/fr\/wp-json\/wp\/v2\/media\/30227"}],"wp:attachment":[{"href":"https:\/\/www.europesays.com\/fr\/wp-json\/wp\/v2\/media?parent=552710"}],"wp:term":[{"taxonomy":"category","embeddable":true,"href":"https:\/\/www.europesays.com\/fr\/wp-json\/wp\/v2\/categories?post=552710"},{"taxonomy":"post_tag","embeddable":true,"href":"https:\/\/www.europesays.com\/fr\/wp-json\/wp\/v2\/tags?post=552710"}],"curies":[{"name":"wp","href":"https:\/\/api.w.org\/{rel}","templated":true}]}}