{"id":552713,"date":"2025-11-23T05:17:16","date_gmt":"2025-11-23T05:17:16","guid":{"rendered":"https:\/\/www.europesays.com\/fr\/552713\/"},"modified":"2025-11-23T05:17:16","modified_gmt":"2025-11-23T05:17:16","slug":"pluies-redoux-va-t-il-encore-neiger-ce-dimanche","status":"publish","type":"post","link":"https:\/\/www.europesays.com\/fr\/552713\/","title":{"rendered":"Pluies, redoux&#8230; Va-t-il encore neiger ce dimanche ?"},"content":{"rendered":"<p class=\"paragraph text_align_left lp-f-body-02\">Apr\u00e8s un <a href=\"https:\/\/www.leparisien.fr\/paris-75\/direct-froid-en-ile-de-france-les-premiers-flocons-et-du-verglas-attendus-dans-la-soiree-22-11-2025-YSQC7EISQNCHFBIHFFZJKV5AME.php\" target=\"_self\" rel=\"nofollow noopener\">\u00e9pisode de neige<\/a> et de pluies vergla\u00e7antes dans la nuit de samedi \u00e0 dimanche sur l\u2019\u00cele de France et le Massif central, ce dimanche 23 novembre est marqu\u00e9 par l\u2019arriv\u00e9e de nouvelles pluies oc\u00e9aniques et d\u2019un <a href=\"https:\/\/www.leparisien.fr\/meteo\/pluie-plusieurs-centimetres-de-neige-en-ile-de-france-puis-redoux-la-meteo-du-week-end-en-france-21-11-2025-Q6KJS6RIFRGTBPVFCPCO2CJGTI.php\" target=\"_self\" rel=\"nofollow noopener\">net redoux<\/a>.<\/p>\n<p class=\"paragraph text_align_left lp-f-body-02\">Ce dimanche matin, les Franciliens se l\u00e8veront avec de la neige. Entre 1 et 3 cm au sol sont attendus dans la nuit de samedi \u00e0 dimanche, avec localement 5 \u00e0 7 cm. M\u00e9t\u00e9o France place l\u2019ensemble des d\u00e9partements de la r\u00e9gion en <a href=\"https:\/\/www.leparisien.fr\/meteo\/neigeverglas-lile-de-france-placee-en-vigilance-orange-de-la-neige-attendue-dans-la-soiree-22-11-2025-MBPNYVQIONGSZPKZ4JZVBSLUUU.php\" target=\"_self\" rel=\"nofollow noopener\">vigilance orange neige-verglas<\/a>.<\/p>\n<p>Pluies vergla\u00e7antes dans le Massif central<\/p>\n<p class=\"paragraph text_align_left lp-f-body-02\">La Haute-Vienne, la Creuse, le Puy-de-D\u00f4me, la Corr\u00e8ze, le Cantal et l\u2019Aveyron sont \u00e9galement concern\u00e9s par la vigilance. Ainsi, il faudra \u00eatre <a href=\"https:\/\/www.leparisien.fr\/meteo\/neige-et-verglas-prudence-samedi-soir-en-ile-de-france-et-dans-plusieurs-regions-20-11-2025-PNZ2QJIML5AKJKKV6EHKTPDLJU.php\" target=\"_self\" rel=\"nofollow noopener\">extr\u00eamement prudent sur les routes<\/a> du Massif central ce dimanche, en raison d\u2019un \u00e9pisode de <a href=\"https:\/\/www.leparisien.fr\/meteo\/complexes-imprevisibles-et-dangereuses-alerte-aux-pluies-verglacantes-17-01-2024-7KFAAJEYONG2BPLX2F6IJTULS4.php\" target=\"_self\" rel=\"nofollow noopener\">pluies vergla\u00e7antes <\/a>qui devrait arriver \u00e0 partir du milieu de la nuit.<\/p>\n<p class=\"paragraph text_align_left lp-f-body-02\">M\u00eame en faibles quantit\u00e9s, ces pr\u00e9cipitations pourraient rendre la circulation d\u00e9licate en raison du verglas. Le ph\u00e9nom\u00e8ne pourrait se poursuivre jusqu\u2019\u00e0 l\u2019aube. L\u2019\u00e9pisode neigeux prendra fin dans la nuit. Des flocons en petite quantit\u00e9 pourraient tout de m\u00eame tomber du c\u00f4t\u00e9 d\u2019<a href=\"https:\/\/www.leparisien.fr\/meteo\/on-nest-pas-en-bretagne-mais-on-est-toujours-equipes-a-aurillac-une-des-zones-les-plus-pluvieuses-de-france-25-10-2025-MYYABFEBCBF55POBNW2A7AWMMM.php\" target=\"_self\" rel=\"nofollow noopener\">Aurillac<\/a> (Cantal) dimanche matin.<\/p>\n<p class=\"paragraph text_align_left lp-f-body-02\">Dimanche sera marqu\u00e9 par l\u2019arriv\u00e9e par de pluies oc\u00e9aniques qui traverseront progressivement le pays d\u2019ouest tout au long de la journ\u00e9e. Des pr\u00e9cipitations sont \u00e0 pr\u00e9voir sur l\u2019ensemble du pays \u00e0 l\u2019exception des Alpes-Maritimes qui verront appara\u00eetre des \u00e9claircies.<\/p>\n<p class=\"paragraph text_align_left lp-f-body-02\">Les pluies devraient se poursuivre dans le centre et dans le sud de l\u2019Hexagone dans l\u2019apr\u00e8s-midi et dans la soir\u00e9e.<\/p>\n<p>Les temp\u00e9ratures en hausse<\/p>\n<p class=\"paragraph text_align_left lp-f-body-02\">C\u00f4t\u00e9 mercure, les pluies s\u2019accompagneront d\u2019un redoux sur la fa\u00e7ade ouest. Jusqu\u2019\u00e0 13 \u00b0C sont attendus \u00e0 Cherbourg et 14 \u00b0C \u00e0 Biarritz dans la matin\u00e9e. Dans la capitale, le thermom\u00e8tre se r\u00e9chauffera aussi de quelques degr\u00e9s avec 4 \u00b0C pr\u00e9vus et une minimale de 0 \u00b0C \u00e0 Strasbourg et Belfort.<\/p>\n<p class=\"paragraph text_align_left lp-f-body-02\">L\u2019apr\u00e8s-midi, 5 \u00b0C sont attendus \u00e0 Lille, 7 \u00b0C \u00e0 Paris et Lyon, 13 \u00b0C \u00e0 Toulouse et jusqu\u2019\u00e0 16 \u00b0C sur le Pays basque.<\/p>\n<p class=\"paragraph text_align_left lp-f-body-02\">Lundi, les temp\u00e9ratures se maintiendront et les pr\u00e9cipitations se poursuivront sur presque tout le pays. L\u2019\u00cele de France, le sud de la Normandie et l\u2019Ille-et-Vilaine devraient conna\u00eetre des \u00e9claircies.<\/p>\n","protected":false},"excerpt":{"rendered":"Apr\u00e8s un \u00e9pisode de neige et de pluies vergla\u00e7antes dans la nuit de samedi \u00e0 dimanche sur l\u2019\u00cele&hellip;\n","protected":false},"author":2,"featured_media":552714,"comment_status":"","ping_status":"","sticky":false,"template":"","format":"standard","meta":{"footnotes":""},"categories":[1888],"tags":[1111,1928,11,1927,1777,674,1011,27,2487,12,1926,626,1925,25],"class_list":{"0":"post-552713","1":"post","2":"type-post","3":"status-publish","4":"format-standard","5":"has-post-thumbnail","7":"category-paris","8":"tag-actu","9":"tag-actu-paris","10":"tag-actualites","11":"tag-actualites-paris","12":"tag-eu","13":"tag-europe","14":"tag-fr","15":"tag-france","16":"tag-meteo","17":"tag-news","18":"tag-news-paris","19":"tag-paris","20":"tag-paris-news","21":"tag-republique-francaise"},"share_on_mastodon":{"url":"https:\/\/pubeurope.com\/@fr\/115597321467175327","error":""},"_links":{"self":[{"href":"https:\/\/www.europesays.com\/fr\/wp-json\/wp\/v2\/posts\/552713","targetHints":{"allow":["GET"]}}],"collection":[{"href":"https:\/\/www.europesays.com\/fr\/wp-json\/wp\/v2\/posts"}],"about":[{"href":"https:\/\/www.europesays.com\/fr\/wp-json\/wp\/v2\/types\/post"}],"author":[{"embeddable":true,"href":"https:\/\/www.europesays.com\/fr\/wp-json\/wp\/v2\/users\/2"}],"replies":[{"embeddable":true,"href":"https:\/\/www.europesays.com\/fr\/wp-json\/wp\/v2\/comments?post=552713"}],"version-history":[{"count":0,"href":"https:\/\/www.europesays.com\/fr\/wp-json\/wp\/v2\/posts\/552713\/revisions"}],"wp:featuredmedia":[{"embeddable":true,"href":"https:\/\/www.europesays.com\/fr\/wp-json\/wp\/v2\/media\/552714"}],"wp:attachment":[{"href":"https:\/\/www.europesays.com\/fr\/wp-json\/wp\/v2\/media?parent=552713"}],"wp:term":[{"taxonomy":"category","embeddable":true,"href":"https:\/\/www.europesays.com\/fr\/wp-json\/wp\/v2\/categories?post=552713"},{"taxonomy":"post_tag","embeddable":true,"href":"https:\/\/www.europesays.com\/fr\/wp-json\/wp\/v2\/tags?post=552713"}],"curies":[{"name":"wp","href":"https:\/\/api.w.org\/{rel}","templated":true}]}}