{"id":552721,"date":"2025-11-23T05:22:17","date_gmt":"2025-11-23T05:22:17","guid":{"rendered":"https:\/\/www.europesays.com\/fr\/552721\/"},"modified":"2025-11-23T05:22:17","modified_gmt":"2025-11-23T05:22:17","slug":"direct-le-plan-de-reglement-du-conflit-en-ukraine-vient-bien-des-etats-unis-insiste-washington","status":"publish","type":"post","link":"https:\/\/www.europesays.com\/fr\/552721\/","title":{"rendered":"DIRECT &#8211; Le plan de r\u00e8glement du conflit en Ukraine vient bien des \u00c9tats-Unis, insiste Washington"},"content":{"rendered":"<p>Le 23 novembre 2025 \u00e0 06h15, modifi\u00e9 le 23 novembre 2025 \u00e0 06h17<\/p>\n<p class=\"tlg-h5\">Ukrainiens, Am\u00e9ricains et Europ\u00e9ens se retrouvent, ce dimanche, en Suisse pour discuter du plan de Donald Trump visant \u00e0 mettre fin \u00e0 la guerre en Ukraine, au moment o\u00f9 Kiev craint d&rsquo;\u00eatre pouss\u00e9 \u00e0 la capitulation face \u00e0 Moscou. Suivez notre direct.<\/p>\n<p><img fetchpriority=\"high\" decoding=\"async\" src=\"https:\/\/www.europesays.com\/fr\/wp-content\/uploads\/2025\/11\/692298041c62c9321c01e56e.1.jpeg\" width=\"960\" height=\"600\" class=\"web_golden_xl\" loading=\"eager\" alt=\"USA GOVERNMENT\"\/>epa12542649 US President Donald Trump speaks to members of the media on the South Lawn of the White House before boarding Marine One in Washington, DC, USA, 22 November 2025.  EPA\/GRAEME SLOAN \/ POOL (Photo Graeme Sloan\/EPA)<\/p>\n","protected":false},"excerpt":{"rendered":"Le 23 novembre 2025 \u00e0 06h15, modifi\u00e9 le 23 novembre 2025 \u00e0 06h17 Ukrainiens, Am\u00e9ricains et Europ\u00e9ens se&hellip;\n","protected":false},"author":2,"featured_media":552722,"comment_status":"","ping_status":"","sticky":false,"template":"","format":"standard","meta":{"footnotes":""},"categories":[1591],"tags":[11,765,1887,131,2069,74,12,1885,1886,132,18089],"class_list":{"0":"post-552721","1":"post","2":"type-post","3":"status-publish","4":"format-standard","5":"has-post-thumbnail","7":"category-russie","8":"tag-actualites","9":"tag-en-continu","10":"tag-federation-de-russie","11":"tag-guerre-en-ukraine","12":"tag-guerre-ukraine-russie","13":"tag-monde","14":"tag-news","15":"tag-russia","16":"tag-russian-federation","17":"tag-russie","18":"tag-selection-showcase"},"share_on_mastodon":{"url":"https:\/\/pubeurope.com\/@fr\/115597341716316874","error":""},"_links":{"self":[{"href":"https:\/\/www.europesays.com\/fr\/wp-json\/wp\/v2\/posts\/552721","targetHints":{"allow":["GET"]}}],"collection":[{"href":"https:\/\/www.europesays.com\/fr\/wp-json\/wp\/v2\/posts"}],"about":[{"href":"https:\/\/www.europesays.com\/fr\/wp-json\/wp\/v2\/types\/post"}],"author":[{"embeddable":true,"href":"https:\/\/www.europesays.com\/fr\/wp-json\/wp\/v2\/users\/2"}],"replies":[{"embeddable":true,"href":"https:\/\/www.europesays.com\/fr\/wp-json\/wp\/v2\/comments?post=552721"}],"version-history":[{"count":0,"href":"https:\/\/www.europesays.com\/fr\/wp-json\/wp\/v2\/posts\/552721\/revisions"}],"wp:featuredmedia":[{"embeddable":true,"href":"https:\/\/www.europesays.com\/fr\/wp-json\/wp\/v2\/media\/552722"}],"wp:attachment":[{"href":"https:\/\/www.europesays.com\/fr\/wp-json\/wp\/v2\/media?parent=552721"}],"wp:term":[{"taxonomy":"category","embeddable":true,"href":"https:\/\/www.europesays.com\/fr\/wp-json\/wp\/v2\/categories?post=552721"},{"taxonomy":"post_tag","embeddable":true,"href":"https:\/\/www.europesays.com\/fr\/wp-json\/wp\/v2\/tags?post=552721"}],"curies":[{"name":"wp","href":"https:\/\/api.w.org\/{rel}","templated":true}]}}