{"id":552725,"date":"2025-11-23T05:24:16","date_gmt":"2025-11-23T05:24:16","guid":{"rendered":"https:\/\/www.europesays.com\/fr\/552725\/"},"modified":"2025-11-23T05:24:16","modified_gmt":"2025-11-23T05:24:16","slug":"le-plan-de-paix-vient-bien-des-etats-unis-insiste-washington","status":"publish","type":"post","link":"https:\/\/www.europesays.com\/fr\/552725\/","title":{"rendered":"le plan de paix vient bien des \u00c9tats-Unis, insiste Washington"},"content":{"rendered":"<p>\n    Des \u00e9lus avaient affirm\u00e9 que le document ne correspondait pas \u00e0 la position officielle des \u00c9tats-Unis, mais simplement un point de d\u00e9part pour des discussions.<\/p>\n<p class=\"fig-paragraph\">L&rsquo;administration de\u00a0<a href=\"http:\/\/www.lefigaro.fr\/international\/dossier\/donald-trump-investi-47e-president-des-etats-unis-notre-dossier-pour-tout-comprendre\" data-fig-type=\"Topic\" data-gtm-custom-categorie=\"navigation\" data-gtm-custom-action=\"crossclick\" data-gtm-custom-label=\"Contextuel\" data-gtm-event=\"customEventSPE\" data-fig-domain=\"LEFIGARO\" target=\"_blank\" rel=\"noopener\">Donald Trump<\/a>\u00a0a insist\u00e9 samedi soir sur le fait que le plan de r\u00e8glement du conflit en Ukraine annonc\u00e9 cette semaine venait bien des \u00c9tats-Unis et ne correspondait pas simplement aux exigences de la Russie, comme l&rsquo;ont affirm\u00e9 des s\u00e9nateurs am\u00e9ricains. \u00abC&rsquo;est compl\u00e8tement faux\u00bb, a d\u00e9clar\u00e9 sur X le porte-parole du d\u00e9partement d&rsquo;\u00c9tat Tommy Pigott, r\u00e9agissant aux d\u00e9clarations de deux s\u00e9nateurs.<\/p>\n<p class=\"fig-paragraph\">Ces \u00e9lus avaient affirm\u00e9 que le secr\u00e9taire d&rsquo;\u00c9tat Marco Rubio leur avait dit que le document ne correspondait pas \u00e0 la position officielle des \u00c9tats-Unis, mais simplement un point de d\u00e9part pour des discussions comprenant une \u00abliste de souhaits russe\u00bb.<\/p>\n<p>                                    <a class=\"fig-a11y-skip a11y-hidden\" href=\"#fig-a11y-skip-main-inarticle\"><br \/>\n        Passer la publicit\u00e9<br \/>\n    <\/a><\/p>\n<p class=\"fig-paragraph\">\u00abLe secr\u00e9taire Rubio nous a appel\u00e9s cet apr\u00e8s-midi. Je pense qu\u2019il nous a tr\u00e8s clairement expliqu\u00e9 que nous sommes les destinataires d\u2019une proposition qui a \u00e9t\u00e9 transmise \u00e0 l\u2019un de nos repr\u00e9sentants. Ce n\u2019est pas notre recommandation. Ce n\u2019est pas notre plan de paix\u00bb, a d\u00e9clar\u00e9 le s\u00e9nateur r\u00e9publicain Mike Rounds.<\/p>\n<p>Plusieurs exigences cl\u00e9s de la Russie<\/p>\n<p class=\"fig-paragraph\">M. Rubio est attendu dimanche \u00e0 Gen\u00e8ve, avec l\u2019\u00e9missaire diplomatique de Donald Trump, Steve Witkoff, pour des discussions avec les Ukrainiens et les Europ\u00e9ens, qui ont fait part de leur inqui\u00e9tude face au plan en 28 points d\u00e9voil\u00e9 cette semaine pour mettre fin \u00e0 pr\u00e8s de quatre ans de conflit provoqu\u00e9 par l\u2019invasion russe.<\/p>\n<p class=\"fig-paragraph\">Le document, publi\u00e9 par plusieurs m\u00e9dias, reprend plusieurs exigences cl\u00e9s de la Russie, \u00e0 savoir que l\u2019Ukraine lui c\u00e8de des territoires, accepte de r\u00e9duire la taille de son arm\u00e9e et renonce \u00e0 int\u00e9grer l\u2019Otan. Il offre cependant des garanties de s\u00e9curit\u00e9 occidentales \u00e0 Kiev pour pr\u00e9venir toute nouvelle attaque russe.<\/p>\n<p class=\"fig-paragraph\">Donald Trump avait donn\u00e9 jusqu\u2019au 27 novembre, jour de la f\u00eate de Thanksgiving, \u00e0 M. Zelensky pour donner sa r\u00e9ponse aux solutions propos\u00e9es. Mais samedi, le pr\u00e9sident am\u00e9ricain a r\u00e9pondu \u00abnon\u00bb \u00e0 la question de savoir si son plan de paix pour l\u2019Ukraine \u00e9tait sa \u00abderni\u00e8re offre\u00bb. \u00abNous essayons d\u2019y mettre fin. D\u2019une mani\u00e8re ou d\u2019une autre, nous devons y mettre fin\u00bb, a-t-il d\u00e9clar\u00e9 \u00e0 la presse, sans toutefois donner davantage de d\u00e9tails.<\/p>\n","protected":false},"excerpt":{"rendered":"Des \u00e9lus avaient affirm\u00e9 que le document ne correspondait pas \u00e0 la position officielle des \u00c9tats-Unis, mais simplement&hellip;\n","protected":false},"author":2,"featured_media":552726,"comment_status":"","ping_status":"","sticky":false,"template":"","format":"standard","meta":{"footnotes":""},"categories":[1589],"tags":[11,73,1866,131,12,1864,1865,1863,308],"class_list":{"0":"post-552725","1":"post","2":"type-post","3":"status-publish","4":"format-standard","5":"has-post-thumbnail","7":"category-etats-unis","8":"tag-actualites","9":"tag-etats-unis","10":"tag-etats-unis-damerique","11":"tag-guerre-en-ukraine","12":"tag-news","13":"tag-united-states","14":"tag-united-states-of-america","15":"tag-us","16":"tag-usa"},"share_on_mastodon":{"url":"https:\/\/pubeurope.com\/@fr\/115597348960029485","error":""},"_links":{"self":[{"href":"https:\/\/www.europesays.com\/fr\/wp-json\/wp\/v2\/posts\/552725","targetHints":{"allow":["GET"]}}],"collection":[{"href":"https:\/\/www.europesays.com\/fr\/wp-json\/wp\/v2\/posts"}],"about":[{"href":"https:\/\/www.europesays.com\/fr\/wp-json\/wp\/v2\/types\/post"}],"author":[{"embeddable":true,"href":"https:\/\/www.europesays.com\/fr\/wp-json\/wp\/v2\/users\/2"}],"replies":[{"embeddable":true,"href":"https:\/\/www.europesays.com\/fr\/wp-json\/wp\/v2\/comments?post=552725"}],"version-history":[{"count":0,"href":"https:\/\/www.europesays.com\/fr\/wp-json\/wp\/v2\/posts\/552725\/revisions"}],"wp:featuredmedia":[{"embeddable":true,"href":"https:\/\/www.europesays.com\/fr\/wp-json\/wp\/v2\/media\/552726"}],"wp:attachment":[{"href":"https:\/\/www.europesays.com\/fr\/wp-json\/wp\/v2\/media?parent=552725"}],"wp:term":[{"taxonomy":"category","embeddable":true,"href":"https:\/\/www.europesays.com\/fr\/wp-json\/wp\/v2\/categories?post=552725"},{"taxonomy":"post_tag","embeddable":true,"href":"https:\/\/www.europesays.com\/fr\/wp-json\/wp\/v2\/tags?post=552725"}],"curies":[{"name":"wp","href":"https:\/\/api.w.org\/{rel}","templated":true}]}}