{"id":55273,"date":"2025-04-26T21:00:09","date_gmt":"2025-04-26T21:00:09","guid":{"rendered":"https:\/\/www.europesays.com\/fr\/55273\/"},"modified":"2025-04-26T21:00:09","modified_gmt":"2025-04-26T21:00:09","slug":"ligue-1-buteur-et-passeur-contre-saint-etienne-diego-moreira-a-illumine-la-meinau","status":"publish","type":"post","link":"https:\/\/www.europesays.com\/fr\/55273\/","title":{"rendered":"Ligue 1. Buteur et passeur contre Saint-\u00c9tienne, Diego Moreira a illumin\u00e9 la Meinau"},"content":{"rendered":"<p>Depuis qu\u2019il a rejoint le Racing le 16\u00a0ao\u00fbt dernier, <a href=\"https:\/\/www.dna.fr\/p\/diego-moreira-footballeur-belgo-portugais\" target=\"_blank\" rel=\"noopener\">Diego Moreira<\/a> n\u2019avait r\u00e9ussi \u00e0 faire trembler les filets adverses qu\u2019\u00e0 une seule reprise, le 29\u00a0septembre \u00e0 la Meinau contre Marseille.<\/p>\n<p>Ce soir-l\u00e0, il avait exploit\u00e9 \u00e0 merveille une passe de Sebastian Nanasi pour tromper Geronimo Rulli (40e ). C\u2019\u00e9tait le seul but de la rencontre et quand on fera les bilans \u00e0 la fin de saison, ces trois points offerts au Racing vaudront chers.<\/p>\n<p>Depuis, le natif de Li\u00e8ge \u2013 qui s\u2019\u00e9tait signal\u00e9 avant la r\u00e9ception de l\u2019OM par une passe&#8230;<\/p>\n","protected":false},"excerpt":{"rendered":"Depuis qu\u2019il a rejoint le Racing le 16\u00a0ao\u00fbt dernier, Diego Moreira n\u2019avait r\u00e9ussi \u00e0 faire trembler les filets&hellip;\n","protected":false},"author":2,"featured_media":55274,"comment_status":"","ping_status":"","sticky":false,"template":"","format":"standard","meta":{"footnotes":""},"categories":[9653],"tags":[1111,11,2430,2880,1777,674,107,63,1011,27,12,9371,25,4001,517,640,2879],"class_list":{"0":"post-55273","1":"post","2":"type-post","3":"status-publish","4":"format-standard","5":"has-post-thumbnail","7":"category-saint-etienne","8":"tag-actu","9":"tag-actualites","10":"tag-auvergne-rhone-alpes","11":"tag-edition-strasbourg","12":"tag-eu","13":"tag-europe","14":"tag-fil-info","15":"tag-football","16":"tag-fr","17":"tag-france","18":"tag-news","19":"tag-rcsa-racing-club-strasbourg","20":"tag-republique-francaise","21":"tag-saint-etienne","22":"tag-sport","23":"tag-strasbourg","24":"tag-strasbourg-ville"},"share_on_mastodon":{"url":"https:\/\/pubeurope.com\/@fr\/114406281884303499","error":""},"_links":{"self":[{"href":"https:\/\/www.europesays.com\/fr\/wp-json\/wp\/v2\/posts\/55273","targetHints":{"allow":["GET"]}}],"collection":[{"href":"https:\/\/www.europesays.com\/fr\/wp-json\/wp\/v2\/posts"}],"about":[{"href":"https:\/\/www.europesays.com\/fr\/wp-json\/wp\/v2\/types\/post"}],"author":[{"embeddable":true,"href":"https:\/\/www.europesays.com\/fr\/wp-json\/wp\/v2\/users\/2"}],"replies":[{"embeddable":true,"href":"https:\/\/www.europesays.com\/fr\/wp-json\/wp\/v2\/comments?post=55273"}],"version-history":[{"count":0,"href":"https:\/\/www.europesays.com\/fr\/wp-json\/wp\/v2\/posts\/55273\/revisions"}],"wp:featuredmedia":[{"embeddable":true,"href":"https:\/\/www.europesays.com\/fr\/wp-json\/wp\/v2\/media\/55274"}],"wp:attachment":[{"href":"https:\/\/www.europesays.com\/fr\/wp-json\/wp\/v2\/media?parent=55273"}],"wp:term":[{"taxonomy":"category","embeddable":true,"href":"https:\/\/www.europesays.com\/fr\/wp-json\/wp\/v2\/categories?post=55273"},{"taxonomy":"post_tag","embeddable":true,"href":"https:\/\/www.europesays.com\/fr\/wp-json\/wp\/v2\/tags?post=55273"}],"curies":[{"name":"wp","href":"https:\/\/api.w.org\/{rel}","templated":true}]}}