{"id":552731,"date":"2025-11-23T05:27:14","date_gmt":"2025-11-23T05:27:14","guid":{"rendered":"https:\/\/www.europesays.com\/fr\/552731\/"},"modified":"2025-11-23T05:27:14","modified_gmt":"2025-11-23T05:27:14","slug":"ledito-kiev-bouclier-pour-leurope","status":"publish","type":"post","link":"https:\/\/www.europesays.com\/fr\/552731\/","title":{"rendered":"L\u2019\u00e9dito. Kiev, bouclier pour l\u2019Europe"},"content":{"rendered":"<p>Le plan de paix que Donald Trump veut imposer \u00e0 l\u2019Ukraine n\u2019est rien d\u2019autre que la n\u00e9gation de toutes les r\u00e8gles du droit international. Car le pr\u00e9sident am\u00e9ricain exige la capitulation de Kiev d\u00e8s lors qu\u2019il tente de tordre le bras de Volodymyr Zelensky en lui imposant toutes les conditions pos\u00e9es par Vladimir Poutine.<\/p>\n<p>Ce plan de paix est inacceptable pour les Ukrainiens comme pour les Europ\u00e9ens. Les premiers n\u2019auront probablement pas d\u2019autre choix que de l\u2019accepter, au moins partiellement, tant la pression est forte sur Kiev. Elle l\u2019est sur le plan militaire avec une arm\u00e9e russe grignotant du terrain et bombardant sans rel\u00e2che un pays affaibli par les tergiversations des \u00c9tats-Unis. La pression politique sur l\u2019Ukraine est \u00e9galement de plus en plus puissante\u00a0: Volodymyr Zelensky passe plus de temps \u00e0 tenter de convaincre les Am\u00e9ricains de la justice comme de la justesse de d\u00e9fendre la cause de son pays agress\u00e9 qu\u2019\u00e0 le g\u00e9rer. L\u2019Ukraine est plus spectatrice qu\u2019actrice d\u2019un sc\u00e9nario o\u00f9 les Am\u00e9ricains font preuve d\u2019une h\u00e9g\u00e9monie visant moins, comme par le pass\u00e9, \u00e0 venir en aide \u00e0 un pays alli\u00e9 agress\u00e9 par un \u00c9tat voisin aux vis\u00e9es expansionnistes qu\u2019\u00e0 fermer les yeux pour tourner la page comme si rien ne s\u2019\u00e9tait pass\u00e9. Pour la Maison Blanche, Zelensky est plus un probl\u00e8me que la solution d\u00e8s lors qu\u2019il refuse de capituler.<\/p>\n<p>\u00c0 l\u2019inverse, pour les dirigeants europ\u00e9ens, Zelensky n\u2019est pas le probl\u00e8me. Certes fragilis\u00e9, il a f\u00e9d\u00e9r\u00e9 l\u2019Ukraine, freinant l\u2019invasion russe sur l\u2019ensemble d\u2019un territoire situ\u00e9 aux fronti\u00e8res de l\u2019Europe. L\u2019invasion de l\u2019Ukraine est un signal d\u2019alerte. Car Poutine aujourd\u2019hui, Medvedev ou un autre demain, ne s\u2019arr\u00eateront pas en si bon chemin dans leur folle ambition de reconstituer l\u2019empire sovi\u00e9tique de la seconde moiti\u00e9 du XXe \u00a0si\u00e8cle. De cela, les Europ\u00e9ens, except\u00e9 le Hongrois Orban, sont conscients. D\u2019o\u00f9 leur volont\u00e9 de peser sur les conditions d\u2019une paix juste et \u00e9quitable en Ukraine. Laquelle conditionnera les \u00e9quilibres sur le continent pour une grande partie du prochain demi-si\u00e8cle. Ce n\u2019est pas seulement l\u2019avenir de l\u2019Ukraine qui est en jeu. C\u2019est celui de tout le continent europ\u00e9en.<\/p>\n","protected":false},"excerpt":{"rendered":"Le plan de paix que Donald Trump veut imposer \u00e0 l\u2019Ukraine n\u2019est rien d\u2019autre que la n\u00e9gation de&hellip;\n","protected":false},"author":2,"featured_media":552732,"comment_status":"","ping_status":"","sticky":false,"template":"","format":"standard","meta":{"footnotes":""},"categories":[1586],"tags":[11,3206,6084,1777,674,107,1011,27,329,9933,12,316,25,104],"class_list":{"0":"post-552731","1":"post","2":"type-post","3":"status-publish","4":"format-standard","5":"has-post-thumbnail","7":"category-europe","8":"tag-actualites","9":"tag-defense-guerre-conflit","10":"tag-droit","11":"tag-eu","12":"tag-europe","13":"tag-fil-info","14":"tag-fr","15":"tag-france","16":"tag-france-monde","17":"tag-leditorial","18":"tag-news","19":"tag-politique","20":"tag-republique-francaise","21":"tag-societe"},"share_on_mastodon":{"url":"https:\/\/pubeurope.com\/@fr\/115597360700342653","error":""},"_links":{"self":[{"href":"https:\/\/www.europesays.com\/fr\/wp-json\/wp\/v2\/posts\/552731","targetHints":{"allow":["GET"]}}],"collection":[{"href":"https:\/\/www.europesays.com\/fr\/wp-json\/wp\/v2\/posts"}],"about":[{"href":"https:\/\/www.europesays.com\/fr\/wp-json\/wp\/v2\/types\/post"}],"author":[{"embeddable":true,"href":"https:\/\/www.europesays.com\/fr\/wp-json\/wp\/v2\/users\/2"}],"replies":[{"embeddable":true,"href":"https:\/\/www.europesays.com\/fr\/wp-json\/wp\/v2\/comments?post=552731"}],"version-history":[{"count":0,"href":"https:\/\/www.europesays.com\/fr\/wp-json\/wp\/v2\/posts\/552731\/revisions"}],"wp:featuredmedia":[{"embeddable":true,"href":"https:\/\/www.europesays.com\/fr\/wp-json\/wp\/v2\/media\/552732"}],"wp:attachment":[{"href":"https:\/\/www.europesays.com\/fr\/wp-json\/wp\/v2\/media?parent=552731"}],"wp:term":[{"taxonomy":"category","embeddable":true,"href":"https:\/\/www.europesays.com\/fr\/wp-json\/wp\/v2\/categories?post=552731"},{"taxonomy":"post_tag","embeddable":true,"href":"https:\/\/www.europesays.com\/fr\/wp-json\/wp\/v2\/tags?post=552731"}],"curies":[{"name":"wp","href":"https:\/\/api.w.org\/{rel}","templated":true}]}}