{"id":552733,"date":"2025-11-23T05:28:13","date_gmt":"2025-11-23T05:28:13","guid":{"rendered":"https:\/\/www.europesays.com\/fr\/552733\/"},"modified":"2025-11-23T05:28:13","modified_gmt":"2025-11-23T05:28:13","slug":"blagnac-a-eu-un-coeur-enorme-pour-revenir-trois-fois-au-score","status":"publish","type":"post","link":"https:\/\/www.europesays.com\/fr\/552733\/","title":{"rendered":"Blagnac a eu un c\u0153ur \u00e9norme pour revenir trois fois au score"},"content":{"rendered":"<p>&gt;<b> L\u2019ESSENTIEL<\/b><\/p>\n<p>Marquer trois fois et ne pas gagner, c\u2019est bien le reflet que depuis le d\u00e9but de saison les choses ne tournent pas dans le sens esp\u00e9r\u00e9 pour le BFC. Faute de n\u2019avoir pas su une nouvelle fois concr\u00e9tiser les belles occasions cr\u00e9\u00e9es lors d\u2019un premier acte abouti, il a fallu courir apr\u00e8s le score tout le match. Pourtant il y a eu la place pour mener, voire m\u00eame se d\u00e9tacher. Las ! Entre impr\u00e9cision et manque de r\u00e9alisme, le nul vierge au repos ne refl\u00e9tait pas la bonne production locale.<\/p>\n<p>Ce qui devait arriver&#8230;. arriva. Un contre rondement men\u00e9, un placement de Baba Alla un peu surprenant et Agde passe devant. La suite verra une r\u00e9silience locale magnifique, un premier retour avec l\u2019\u00e9galisation d\u2019Edderaoui, d\u00e9cisif pour son retour apr\u00e8s sa blessure aux adducteurs. Mais il est dit que rien ne serait facile puisqu\u2019Agde a claqu\u00e9 une nouvelle fois. Les Caouecs ont pouss\u00e9, et m\u00eame pouss\u00e9 leurs h\u00f4tes \u00e0 la faute pour obtenir un premier penalty transform\u00e9 facilement par Quenet. <\/p>\n<p>Le plus beau n\u2019\u00e9tait pas encore vu, car le bijou de vol\u00e9e claqu\u00e9e par le capitaine Chamboro est certainement le plus beau but vu \u00e0 Androm\u00e8de depuis des ann\u00e9es. Une r\u00e9alisation exceptionnelle qui a remis les Agathois en t\u00eate. Le groupe local, \u00e0 d\u00e9faut de savoir claquer sur ses temps forts, a une nouvelle fois fait preuve de caract\u00e8re et de combativit\u00e9. Une \u00e9ni\u00e8me tentative a permis d\u2019obtenir un second penalty tout \u00e0 fait justifi\u00e9 pour un doubl\u00e9 ais\u00e9 de Quenet. \u00c0 d\u00e9faut de gagner, Blagnac a su ne pas perdre avec panache, cela suffira-t-il ? <\/p>\n<p>&gt;<b> ILS ONT DIT <\/b><\/p>\n<p><b>Fabrice Dubois (entra\u00eeneur de Blagnac) :<\/b> \u00ab\u00a0Le gros d\u00e9faut c\u2019est de ne pas avoir marqu\u00e9 en premier parce qu\u2019on revient trois fois. On a la mainmise avec une grosse premi\u00e8re mi-temps avec des occasions tr\u00e8s, tr\u00e8s franches. La dynamique du moment ne nous permet pas de prendre le score. On revient trois fois, on sait qu\u2019on a la valeur mais \u00e9tant men\u00e9 c\u2019est toujours compliqu\u00e9.\u00a0\u00bb <\/p>\n<p><b>Laurent Scala (entra\u00eeneur d\u2019Agde) : <\/b>\u00ab\u00a0Un match \u00e2pre, tr\u00e8s disput\u00e9. On commet trop de fautes \u00e9vitables notamment deux penaltys. Quand on marque 3 \u00e0 2 on pense qu\u2019on peut tenir. On pratique un football offensif, agr\u00e9able \u00e0 voir jouer mais aujourd\u2019hui \u00e7a ne sourit pas.\u00a0\u00bb<\/p>\n","protected":false},"excerpt":{"rendered":"&gt; L\u2019ESSENTIEL Marquer trois fois et ne pas gagner, c\u2019est bien le reflet que depuis le d\u00e9but de&hellip;\n","protected":false},"author":2,"featured_media":552734,"comment_status":"","ping_status":"","sticky":false,"template":"","format":"standard","meta":{"footnotes":""},"categories":[1586],"tags":[11,1777,674,1779,1011,27,12,25,1778,364],"class_list":{"0":"post-552733","1":"post","2":"type-post","3":"status-publish","4":"format-standard","5":"has-post-thumbnail","7":"category-europe","8":"tag-actualites","9":"tag-eu","10":"tag-europe","11":"tag-european-union","12":"tag-fr","13":"tag-france","14":"tag-news","15":"tag-republique-francaise","16":"tag-ue","17":"tag-union-europeenne"},"share_on_mastodon":{"url":"https:\/\/pubeurope.com\/@fr\/115597364709490089","error":""},"_links":{"self":[{"href":"https:\/\/www.europesays.com\/fr\/wp-json\/wp\/v2\/posts\/552733","targetHints":{"allow":["GET"]}}],"collection":[{"href":"https:\/\/www.europesays.com\/fr\/wp-json\/wp\/v2\/posts"}],"about":[{"href":"https:\/\/www.europesays.com\/fr\/wp-json\/wp\/v2\/types\/post"}],"author":[{"embeddable":true,"href":"https:\/\/www.europesays.com\/fr\/wp-json\/wp\/v2\/users\/2"}],"replies":[{"embeddable":true,"href":"https:\/\/www.europesays.com\/fr\/wp-json\/wp\/v2\/comments?post=552733"}],"version-history":[{"count":0,"href":"https:\/\/www.europesays.com\/fr\/wp-json\/wp\/v2\/posts\/552733\/revisions"}],"wp:featuredmedia":[{"embeddable":true,"href":"https:\/\/www.europesays.com\/fr\/wp-json\/wp\/v2\/media\/552734"}],"wp:attachment":[{"href":"https:\/\/www.europesays.com\/fr\/wp-json\/wp\/v2\/media?parent=552733"}],"wp:term":[{"taxonomy":"category","embeddable":true,"href":"https:\/\/www.europesays.com\/fr\/wp-json\/wp\/v2\/categories?post=552733"},{"taxonomy":"post_tag","embeddable":true,"href":"https:\/\/www.europesays.com\/fr\/wp-json\/wp\/v2\/tags?post=552733"}],"curies":[{"name":"wp","href":"https:\/\/api.w.org\/{rel}","templated":true}]}}