{"id":552735,"date":"2025-11-23T05:29:10","date_gmt":"2025-11-23T05:29:10","guid":{"rendered":"https:\/\/www.europesays.com\/fr\/552735\/"},"modified":"2025-11-23T05:29:10","modified_gmt":"2025-11-23T05:29:10","slug":"depoortere-et-bielle-biarrey-en-feu-trop-de-fautes-pour-meafou","status":"publish","type":"post","link":"https:\/\/www.europesays.com\/fr\/552735\/","title":{"rendered":"Depoortere et Bielle-Biarrey en feu, trop de fautes pour Meafou"},"content":{"rendered":"<p>                    Par<br \/>\n        <strong><br \/>\n            <a href=\"https:\/\/actu.fr\/auteur\/nicolas-dendri-actu-fr\" title=\"Consulter tous les articles de Nicolas Dendri\" target=\"_blank\" rel=\"noopener\">Nicolas Dendri<\/a><br \/>\n                    <\/strong><\/p>\n<p>        Publi\u00e9 le<\/p>\n<p>            22 nov. 2025 \u00e0 23h20        <\/p>\n<p>Le <a href=\"https:\/\/actu.fr\/rugby\/xv-de-france\" target=\"_blank\" rel=\"noopener\">XV de France<\/a> a termin\u00e9 sa tourn\u00e9e d\u2019automne par <a href=\"https:\/\/actu.fr\/sports\/rugby\/xv-de-france\/france-australie-une-touche-royale-la-classe-de-lbb-une-entame-cata-ce-qui-nous-a-plu-et-deplu_63475397.html\" target=\"_blank\" rel=\"noopener\">un succ\u00e8s 48-33<\/a> contre l\u2019Australie ce samedi 22 novembre au Stade de France. Une rencontre durant laquelle la connexion entre Louis Bielle-Biarrey et Nicolas Depoort\u00e8re a magnifi\u00e9 le jeu des Bleus. Voici <strong>les notes<\/strong> de ce <strong>France-Australie<\/strong>.<\/p>\n<p>Les notes du XV de France : ils ont brill\u00e9\u00a0<\/p>\n<p class=\" wall-content\">Passeur d\u00e9cisif par deux fois pour son co\u00e9quipier de l\u2019Union Bordeaux-B\u00e8gles Nicolas Depoort\u00e8re au 9e et 53e minutes, Louis Bielle-Biarrey a <strong>gagn\u00e9 112 m\u00e8tres<\/strong> et <strong>battus 4 d\u00e9fenseurs<\/strong> australiens. Tout cela saupoudr\u00e9 d\u2019<strong>un doubl\u00e9<\/strong>.\u00a0<\/p>\n<p class=\" wall-content\">Bien servi sur son aile par Damien Penaud, l\u2019ailier de 22 ans a fait sa sp\u00e9ciale : petit coup de pied par-dessus Max Jorgensen avant d\u2019effacer Tane Edmed (30e). Puis en seconde p\u00e9riode, il est \u00e0 la conclusion d\u2019une magnifique prise d\u2019intervalle de Kalvin Gourgues (70e). En revanche, le Bordelais est \u00e0 l\u2019origine du quatri\u00e8me essai australien apr\u00e8s s\u2019\u00eatre fait arracher le ballon par Joseph Sua\u2019ali\u2019i (55e).\u00a0<\/p>\n<p class=\" wall-content\">D\u00e9j\u00e0 auteur d\u2019un doubl\u00e9 contre les Fidji la semaine derni\u00e8re, Nicolas Depoort\u00e8re a r\u00e9cidiv\u00e9 contre l\u2019Australie au Stade de France. Par deux fois, le trois-quarts centre, qui c\u00e9l\u00e9brait sa 7e s\u00e9lection, a \u00e9t\u00e9 servi par Louis Bielle-Biarrey.<\/p>\n<p class=\" wall-content\">Par ailleurs, il a relev\u00e9 le d\u00e9fi offensif et d\u00e9fensif (4\/4 aux plaquages) face \u00e0 Len Ikitau et Joseph Sua\u2019ali\u2019i. Il \u00e9tait aussi \u00e0 deux doigts de rattraper Max Jorgensen et d\u2019emp\u00eacher le troisi\u00e8me essai australien.\u00a0<\/p>\n<p>Votre r\u00e9gion, votre actu !<\/p>\n<p>Recevez chaque jour les infos qui comptent pour vous.<\/p>\n<p>\t<a href=\"https:\/\/actu.fr\/newsletter\" class=\"ac-btn ac-btn--corner ac-btn--medium ac-btn--blue800\" target=\"_blank\" rel=\"noopener\">S&rsquo;incrire<\/a><\/p>\n<p class=\" wall-content\">Imp\u00e9rial sur la touche fran\u00e7aise qui a permis aux Bleus d\u2019inscrire deux essais sur ballon port\u00e9 (63e\u00a0et 78e), Thibaut Flament s\u2019est aussi illustr\u00e9 en d\u00e9fense (8 plaquages r\u00e9ussis pour un seul manqu\u00e9). \u00c0 l\u2019impact, il a aussi fait parler sa puissance avec un gain de 17 m\u00e8tres. Un match solide du deuxi\u00e8me ligne toulousain.\u00a0<\/p>\n<p class=\" wall-content\">Mais aussi : Thomas Ramos\u2026<\/p>\n<p>Les notes du XV de France : ils ont \u00e9t\u00e9 un ton en-dessous\u00a0<\/p>\n<p class=\" wall-content\">Malgr\u00e9 une belle entame avec un grattage qui a permis aux Bleus d\u2019obtenir une p\u00e9nalit\u00e9 (4e) et de belles avanc\u00e9es au contact, Emmanuel Meafou s\u2019est mis \u00e0 la faute \u00e0 plusieurs reprises dans les rucks. Le colosse toulousain s\u2019est aussi manqu\u00e9 au plaquage \u00e0 la 12e minute sur Harry Wilson qui a transperc\u00e9 la ligne de d\u00e9fense fran\u00e7aise.\u00a0<\/p>\n<p class=\" wall-content\"><strong>64% de plaquages r\u00e9ussis<\/strong> ! La statistique est lourde pour le demi de m\u00eal\u00e9e du XV de France. Maxime Lucu s\u2019est notamment fait prendre \u00e0 l\u2019int\u00e9rieur \u00e0 la suite d\u2019une m\u00eal\u00e9e \u00e0 la 70e minute. Il a aussi manqu\u00e9 son retour sur le pilier Angus Bell sur le premier essai australien (21e). Enfin, le Bordelais s\u2019est mis b\u00eatement \u00e0 la faute dans un ruck \u00e0 la 35e minute et a \u00e9t\u00e9 sanctionn\u00e9 d\u2019un carton jaune.<\/p>\n<p class=\" wall-content\">Mais aussi : Ga\u00ebl Fickou\u00a0<\/p>\n<p class=\" wall-content\">Personnalisez votre actualit\u00e9 en ajoutant vos villes et m\u00e9dias en favori avec <a href=\"https:\/\/moncompte.actu.fr\" title=\"D\u00e9couvez Mon Actu\" rel=\"nofollow noopener\" data-trk=\"{&quot;cta&quot;:{&quot;action&quot;:&quot;https:\\\/\\\/moncompte.actu.fr&quot;,&quot;category&quot;:&quot;mon compte&quot;,&quot;from&quot;:&quot;article footer&quot;,&quot;name&quot;:&quot;Mon actu&quot;,&quot;type&quot;:&quot;cta&quot;}}\" target=\"_blank\">Mon Actu<\/a>.<\/p>\n","protected":false},"excerpt":{"rendered":"Par Nicolas Dendri Publi\u00e9 le 22 nov. 2025 \u00e0 23h20 Le XV de France a termin\u00e9 sa tourn\u00e9e&hellip;\n","protected":false},"author":2,"featured_media":552736,"comment_status":"","ping_status":"","sticky":false,"template":"","format":"standard","meta":{"footnotes":""},"categories":[2],"tags":[11,5035,1011,27,12,25,479,60,513],"class_list":{"0":"post-552735","1":"post","2":"type-post","3":"status-publish","4":"format-standard","5":"has-post-thumbnail","7":"category-actualites","8":"tag-actualites","9":"tag-australie","10":"tag-fr","11":"tag-france","12":"tag-news","13":"tag-republique-francaise","14":"tag-rugby","15":"tag-sports","16":"tag-xv-de-france"},"share_on_mastodon":{"url":"https:\/\/pubeurope.com\/@fr\/115597368603767738","error":""},"_links":{"self":[{"href":"https:\/\/www.europesays.com\/fr\/wp-json\/wp\/v2\/posts\/552735","targetHints":{"allow":["GET"]}}],"collection":[{"href":"https:\/\/www.europesays.com\/fr\/wp-json\/wp\/v2\/posts"}],"about":[{"href":"https:\/\/www.europesays.com\/fr\/wp-json\/wp\/v2\/types\/post"}],"author":[{"embeddable":true,"href":"https:\/\/www.europesays.com\/fr\/wp-json\/wp\/v2\/users\/2"}],"replies":[{"embeddable":true,"href":"https:\/\/www.europesays.com\/fr\/wp-json\/wp\/v2\/comments?post=552735"}],"version-history":[{"count":0,"href":"https:\/\/www.europesays.com\/fr\/wp-json\/wp\/v2\/posts\/552735\/revisions"}],"wp:featuredmedia":[{"embeddable":true,"href":"https:\/\/www.europesays.com\/fr\/wp-json\/wp\/v2\/media\/552736"}],"wp:attachment":[{"href":"https:\/\/www.europesays.com\/fr\/wp-json\/wp\/v2\/media?parent=552735"}],"wp:term":[{"taxonomy":"category","embeddable":true,"href":"https:\/\/www.europesays.com\/fr\/wp-json\/wp\/v2\/categories?post=552735"},{"taxonomy":"post_tag","embeddable":true,"href":"https:\/\/www.europesays.com\/fr\/wp-json\/wp\/v2\/tags?post=552735"}],"curies":[{"name":"wp","href":"https:\/\/api.w.org\/{rel}","templated":true}]}}