{"id":552739,"date":"2025-11-23T05:31:19","date_gmt":"2025-11-23T05:31:19","guid":{"rendered":"https:\/\/www.europesays.com\/fr\/552739\/"},"modified":"2025-11-23T05:31:19","modified_gmt":"2025-11-23T05:31:19","slug":"meteo-en-hauts-de-france-du-dimanche-23-novembre-redoux-humide-et-vente","status":"publish","type":"post","link":"https:\/\/www.europesays.com\/fr\/552739\/","title":{"rendered":"M\u00e9t\u00e9o en Hauts-de-France du dimanche 23 novembre : redoux humide et vent\u00e9"},"content":{"rendered":"<p class=\"article__intro\">La perturbation qui est arriv\u00e9e hier soir par l\u2019ouest, a occasionn\u00e9 un nouveau passage neigeux sur la r\u00e9gion. Le redoux qui l\u2019accompagne va tout faire fondre en journ\u00e9e. Prudence ce matin sur les routes glissantes, \u00e0 cause des pluies vergla\u00e7antes qui touchent l\u2019est de la r\u00e9gion. Bonne f\u00eate aux Cl\u00e9ment aux Cl\u00e9mentine.<\/p>\n<p>\n      L\u2019actu des r\u00e9gions\n    <\/p>\n<p>\n      Chaque jour, un tour d\u2019horizon des principales infos de toutes les r\u00e9gions.\n    <\/p>\n<p>    France T\u00e9l\u00e9visions utilise votre adresse e-mail afin de vous envoyer la newsletter \u00ab\u00a0L\u2019actu des r\u00e9gions\u00a0\u00bb. Vous pouvez vous d\u00e9sinscrire \u00e0 tout moment via le lien en bas de cette newsletter. <a target=\"_blank\" href=\"https:\/\/www.francetelevisions.fr\/groupe\/confidentialite\/politique-de-confidentialite\/politique-de-confidentialite-de-france-televisions-6503\" rel=\"nofollow noopener\">Notre politique de confidentialit\u00e9<\/a><\/p>\n<p>Commen\u00e7ons par l&rsquo;alerte lanc\u00e9e hier en fin d&rsquo;apr\u00e8s-midi par M\u00e9t\u00e9o France<\/p>\n<blockquote class=\"bluesky-embed\" data-bluesky-uri=\"at:\/\/did:plc:fhkymxxtcr7idtpq4wzjtsc7\/app.bsky.feed.post\/3m6a66cfug22z\" data-bluesky-cid=\"bafyreifriln2d7pmdthhsc2ambwkblkzb4odsrev3uklj2wc4pglnrqrtm\" data-bluesky-embed-color-mode=\"system\">\n<p lang=\"fr\">\u2744\ufe0fPrudence si vous devez vous d\u00e9placer cette nuit :<br \/>\n-premiers flocons sur le littoral entre 20H et 21H<br \/>\n-progression de l&rsquo;axe neigeux dans les terres, traversant les Hauts-de-France jusqu&rsquo;au lendemain matin<br \/>\n-possibilit\u00e9 de faibles pluies vergla\u00e7antes \u00e0 l&rsquo;arri\u00e8re de cet axe neigeux<\/p>\n<p><a href=\"https:\/\/bsky.app\/profile\/did:plc:fhkymxxtcr7idtpq4wzjtsc7\/post\/3m6a66cfug22z?ref_src=embed\" rel=\"nofollow noopener\" target=\"_blank\">[image or embed]<\/a><\/p>\n<p>\u2014 M\u00e9t\u00e9o-France Nord (<a href=\"https:\/\/bsky.app\/profile\/did:plc:fhkymxxtcr7idtpq4wzjtsc7?ref_src=embed\" rel=\"nofollow noopener\" target=\"_blank\">@meteofrance-n.bsky.social<\/a>) <a href=\"https:\/\/bsky.app\/profile\/did:plc:fhkymxxtcr7idtpq4wzjtsc7\/post\/3m6a66cfug22z?ref_src=embed\" rel=\"nofollow noopener\" target=\"_blank\">22 novembre 2025 \u00e0 17:00<\/a><\/p><\/blockquote>\n<p>La fameuse perturbation de la nuit derni\u00e8re se d\u00e9cale vers l\u2019est ce matin. La neige peut laisser sa place \u00e0 quelques pluies vergla\u00e7antes sur la Thi\u00e9rache et sur l\u2019Avesnois donc prudence sur ce secteur mais aussi sur les routes enneig\u00e9es. Une fois ces pr\u00e9cipitations hivernales \u00e9vacu\u00e9es, nous b\u00e9n\u00e9ficions d\u2019une petite accalmie, tandis que sur les c\u00f4tes des averses s\u2019activent, elles vont gagner l\u2019ensemble de la journ\u00e9e \u00e0 la mi-journ\u00e9e. Le vent, orient\u00e9 au secteur ce matin, se renforce. Il souffle en rafales et pr\u00e8s des c\u00f4tes atteint 60 \u00e0 70 km\/h, voire 80 sur les caps expos\u00e9s.<\/p>\n<p><a data-article-figure=\"\" href=\"https:\/\/france3-regions.franceinfo.fr\/image\/ozfK-Qf_W_xCbuoDWDJ7WorJo_8\/914x514\/regions\/2025\/11\/22\/ciel-matin-6921ea8dbcdb6158711574.jpg\" data-pswp-width=\"914\" data-pswp-height=\"514\" target=\"_blank\" rel=\"nofollow noopener\"><\/p>\n<p>          <img width=\"600\" height=\"400\" class=\"article-image lazy\" data-src=\"https:\/\/www.europesays.com\/fr\/wp-content\/uploads\/2025\/11\/ciel-matin-6921ea8dbcdb6158711574.jpg\" alt=\"Apr\u00e8s la neige, place aux pluies vergla\u00e7antes ce matin sur l'est. Prudence\" fetchpriority=\"high\" as=\"image\"\/><\/p>\n<p>\n            Apr\u00e8s la neige, place aux pluies vergla\u00e7antes ce matin sur l&rsquo;est. Prudence<br \/>\n                           \u2022<br \/>\n                                      \u00a9 France T\u00e9l\u00e9visions\n                      <\/p>\n<p><\/a><\/p>\n<p>Cet apr\u00e8s-midi les averses continuent de traverser la r\u00e9gion, puis touchent principalement sur un axe reliant le d\u00e9partement de la Somme et le nord de l\u2019Aisne. Ailleurs, des \u00e9claircies se d\u00e9veloppent. Le vent tourne \u00e0 l\u2019ouest et reste souvent assez fort \u00e0 fort sur la c\u00f4te.<\/p>\n<p><a data-article-figure=\"\" href=\"https:\/\/france3-regions.franceinfo.fr\/image\/ci9RVhIg_Z0wHEwXTVz5-oftDFc\/912x513\/regions\/2025\/11\/22\/ciel-apres-midi-6921eaa95fb75906769488.jpg\" data-pswp-width=\"912\" data-pswp-height=\"513\" target=\"_blank\" rel=\"nofollow noopener\"><\/p>\n<p>          <img width=\"600\" height=\"400\" class=\"article-image lazy\" data-src=\"https:\/\/www.europesays.com\/fr\/wp-content\/uploads\/2025\/11\/ciel-apres-midi-6921eaa95fb75906769488.jpg\" alt=\"Des averses de pluie et quelques \u00e9claircies\" fetchpriority=\"high\" as=\"image\"\/><\/p>\n<p>\n            Des averses de pluie et quelques \u00e9claircies<br \/>\n                           \u2022<br \/>\n                                      \u00a9 France T\u00e9l\u00e9visions\n                      <\/p>\n<p><\/a><\/p>\n<p>Ce matin, il fait encore froid. M\u00e9t\u00e9o France annonce -2\u00b0C \u00e0 Avesnes-sur-Helpe, -1\u00b0C \u00e0 Saint-Quentin et Ch\u00e2teau-Thierry, 0\u00b0C partout ailleurs dans l\u2019int\u00e9rieur et 1\u00b0C sur la zone c\u00f4ti\u00e8re.<\/p>\n<p><a data-article-figure=\"\" href=\"https:\/\/france3-regions.franceinfo.fr\/image\/vhiHbczwvGVIA6oGTwmhSCw2E6k\/913x514\/regions\/2025\/11\/22\/minimales-6921eb3e17e68699158491.jpg\" data-pswp-width=\"913\" data-pswp-height=\"514\" target=\"_blank\" rel=\"nofollow noopener\"><\/p>\n<p>          <img width=\"600\" height=\"400\" class=\"article-image lazy\" data-src=\"https:\/\/www.europesays.com\/fr\/wp-content\/uploads\/2025\/11\/minimales-6921eb3e17e68699158491.jpg\" alt=\"Encore des gel\u00e9es ce matin\" fetchpriority=\"high\" as=\"image\"\/><\/p>\n<p>\n            Encore des gel\u00e9es ce matin<br \/>\n                           \u2022<br \/>\n                                      \u00a9 France T\u00e9l\u00e9visions\n                      <\/p>\n<p><\/a><\/p>\n<p>Le redoux se fera vraiment sentir cet apr\u00e8s-midi avec des valeurs de 6 \u00e0 7\u00b0C dans les terres, localement 9\u00b0C \u00e0 Abbeville et nous retrouverons des maximales \u00e0 deux chiffres sur la c\u00f4te gr\u00e2ce \u00e0 l\u2019air doux qui suivra le sillage de la perturbation\u00a0: 11\u00b0C \u00e0 Leffrinckoucke, 12\u00b0C \u00e0 Wissant.<\/p>\n<p><a data-article-figure=\"\" href=\"https:\/\/france3-regions.franceinfo.fr\/image\/3nPbVUJ_-4KTPqKWmzG1wgj6iQ8\/910x513\/regions\/2025\/11\/22\/maximales-6921eb59314bb091003929.jpg\" data-pswp-width=\"910\" data-pswp-height=\"513\" target=\"_blank\" rel=\"nofollow noopener\"><\/p>\n<p>          <img width=\"600\" height=\"400\" class=\"article-image lazy\" data-src=\"https:\/\/www.europesays.com\/fr\/wp-content\/uploads\/2025\/11\/maximales-6921eb59314bb091003929.jpg\" alt=\"Le redoux est l\u00e0\" fetchpriority=\"high\" as=\"image\"\/><\/p>\n<p>\n            Le redoux est l\u00e0<br \/>\n                           \u2022<br \/>\n                                      \u00a9 France T\u00e9l\u00e9visions\n                      <\/p>\n<p><\/a><\/p>\n<p><strong>Lundi<\/strong>\u00a0: la 48\u00e8me semaine de l\u2019ann\u00e9e va commencer sous les nuages et la pluie d\u2019une autre perturbation. Les cumuls pourraient \u00eatre marqu\u00e9s sur la fa\u00e7ade ouest. Le vent de sud-ouest restera sensible. Pas de gel\u00e9es matinales gr\u00e2ce \u00e0 la nette remont\u00e9e des minimales\u00a0: 3 \u00e0 5\u00b0C. Les maximales devraient afficher 6 \u00e0 8\u00b0C dans l\u2019int\u00e9rieur, 9 ou 10\u00b0C en bord de mer.<\/p>\n<p><strong>Mardi\u00a0<\/strong>: le ciel sera changeant, nuageux \u00e0 couvert le plus souvent, averses des averses une nouvelle fois plus marqu\u00e9es sur le littoral. Le vent va s\u2019installer au nord-ouest et soufflera en rafales de 50 \u00e0 70 km\/h \u00e0 l\u2019ouest d\u2019une ligne reliant Lille \u00e0 Compi\u00e8gne l\u2019apr\u00e8s-midi. Minimales de 2 \u00e0 5\u00b0C dans les terres, de 5 \u00e0 7\u00b0C sur la c\u00f4te, maximales de 5 \u00e0 10\u00b0C.<\/p>\n<p><strong>Mercredi\u00a0<\/strong>: journ\u00e9e cl\u00e9mente c\u00f4t\u00e9 gr\u00e2ce \u00e0 une pouss\u00e9e temporaire de l\u2019anticyclone des A\u00e7ores. Le temps devrait donc \u00eatre nettement plus sec, le ciel variable, m\u00eame si en d\u00e9but de journ\u00e9e une petite ond\u00e9e n\u2019est pas exclue sur le littoral de la mer du Nord. Le vent sera faible \u00e0 mod\u00e9r\u00e9 et les temp\u00e9ratures minimales devraient baisser avec 0 \u00e0 3\u00b0C dans l\u2019int\u00e9rieur, 5 et 6\u00b0C en bord de mer. Les maximales iront de 6 \u00e0 11\u00b0C.<\/p>\n<p><a data-article-figure=\"\" href=\"https:\/\/france3-regions.franceinfo.fr\/image\/hcakNUi4Fv9PymS_n_vWrJ08dyQ\/911x512\/regions\/2025\/11\/22\/tendances-6921eb7592fa7381852423.jpg\" data-pswp-width=\"911\" data-pswp-height=\"512\" target=\"_blank\" rel=\"nofollow noopener\"><\/p>\n<p>          <img width=\"600\" height=\"400\" class=\"article-image lazy\" data-src=\"https:\/\/www.europesays.com\/fr\/wp-content\/uploads\/2025\/11\/tendances-6921eb7592fa7381852423.jpg\" alt=\"Vivement mercredi\" fetchpriority=\"high\" as=\"image\"\/><\/p>\n<p>\n            Vivement mercredi<br \/>\n                           \u2022<br \/>\n                                      \u00a9 France T\u00e9l\u00e9visions\n                      <\/p>\n<p><\/a><\/p>\n<p>Gr\u00e2ce aux pluies du jour, les concentrations en particules vont baisser. La qualit\u00e9 de l\u2019air devrait donc \u00eatre bonne \u00e0 moyenne, avec l\u2019ozone comme polluant principal. Pour rester inform\u00e9 sur l\u2019\u00e9tat de la qualit\u00e9 de l\u2019air dans la r\u00e9gion, abonnez-vous aux alertes sur le site internet <a href=\"https:\/\/www.atmo-hdf.fr\/\" target=\"_blank\" rel=\"noopener noreferrer nofollow\" data-tooltip-url=\"https:\/\/www.atmo-hdf.fr\/\">d\u2019ATMO Hauts-de-France<\/a>.<\/p>\n<p><a data-article-figure=\"\" href=\"https:\/\/france3-regions.franceinfo.fr\/image\/r4TrdCGf4ByAdZA5hP0XrY-tLPM\/1014x569\/regions\/2025\/11\/22\/qa1-6921ebccbe1e3504630733.jpg\" data-pswp-width=\"1014\" data-pswp-height=\"569\" target=\"_blank\" rel=\"nofollow noopener\"><\/p>\n<p>          <img width=\"600\" height=\"400\" class=\"article-image lazy\" data-src=\"https:\/\/www.europesays.com\/fr\/wp-content\/uploads\/2025\/11\/qa1-6921ebccbe1e3504630733.jpg\" alt=\"L'indice ATMO garde le sourire aujourd'hui\" fetchpriority=\"high\" as=\"image\"\/><\/p>\n<p>\n            L&rsquo;indice ATMO garde le sourire aujourd&rsquo;hui<br \/>\n                           \u2022<br \/>\n                                      \u00a9 France T\u00e9l\u00e9visions\n                      <\/p>\n<p><\/a><\/p>\n<p>Ce dimanche 23 novembre est le 327\u00e8me jour de l\u2019ann\u00e9e. Il en reste donc 38.<\/p>\n<p>Joyeux anniversaire \u00e0 Francis Cabrel (1953), Vincent Cassel (1966) et peut-\u00eatre \u00e0 vous qui nous lisez ce matin. Une pens\u00e9e particuli\u00e8re pour tous les bateliers de la r\u00e9gion puisque Saint Cl\u00e9ment est leur patron.<\/p>\n<p>Bon dimanche \u00e0 tous, et demain, n\u2019oubliez pas de f\u00eater les Flora.<\/p>\n<p><a data-article-figure=\"\" href=\"https:\/\/france3-regions.franceinfo.fr\/image\/jhOsREB4A_y9_kmYAOgtm6reuHk\/913x512\/regions\/2025\/11\/22\/ephemeride-6921ec202d2b6811715386.jpg\" data-pswp-width=\"913\" data-pswp-height=\"512\" target=\"_blank\" rel=\"nofollow noopener\"><\/p>\n<p>          <img width=\"600\" height=\"400\" class=\"article-image lazy\" data-src=\"https:\/\/www.europesays.com\/fr\/wp-content\/uploads\/2025\/11\/ephemeride-6921ec202d2b6811715386.jpg\" alt=\"Ainsi se termine la 47\u00e8me semaine de l'ann\u00e9e\" fetchpriority=\"high\" as=\"image\"\/><\/p>\n<p>\n            Ainsi se termine la 47\u00e8me semaine de l&rsquo;ann\u00e9e<br \/>\n                           \u2022<br \/>\n                                      \u00a9 France T\u00e9l\u00e9visions\n                      <\/p>\n<p><\/a><\/p>\n","protected":false},"excerpt":{"rendered":"La perturbation qui est arriv\u00e9e hier soir par l\u2019ouest, a occasionn\u00e9 un nouveau passage neigeux sur la r\u00e9gion.&hellip;\n","protected":false},"author":2,"featured_media":552740,"comment_status":"","ping_status":"","sticky":false,"template":"","format":"standard","meta":{"footnotes":""},"categories":[4],"tags":[11,1011,27,12,25],"class_list":{"0":"post-552739","1":"post","2":"type-post","3":"status-publish","4":"format-standard","5":"has-post-thumbnail","7":"category-france","8":"tag-actualites","9":"tag-fr","10":"tag-france","11":"tag-news","12":"tag-republique-francaise"},"share_on_mastodon":{"url":"https:\/\/pubeurope.com\/@fr\/115597376427595678","error":""},"_links":{"self":[{"href":"https:\/\/www.europesays.com\/fr\/wp-json\/wp\/v2\/posts\/552739","targetHints":{"allow":["GET"]}}],"collection":[{"href":"https:\/\/www.europesays.com\/fr\/wp-json\/wp\/v2\/posts"}],"about":[{"href":"https:\/\/www.europesays.com\/fr\/wp-json\/wp\/v2\/types\/post"}],"author":[{"embeddable":true,"href":"https:\/\/www.europesays.com\/fr\/wp-json\/wp\/v2\/users\/2"}],"replies":[{"embeddable":true,"href":"https:\/\/www.europesays.com\/fr\/wp-json\/wp\/v2\/comments?post=552739"}],"version-history":[{"count":0,"href":"https:\/\/www.europesays.com\/fr\/wp-json\/wp\/v2\/posts\/552739\/revisions"}],"wp:featuredmedia":[{"embeddable":true,"href":"https:\/\/www.europesays.com\/fr\/wp-json\/wp\/v2\/media\/552740"}],"wp:attachment":[{"href":"https:\/\/www.europesays.com\/fr\/wp-json\/wp\/v2\/media?parent=552739"}],"wp:term":[{"taxonomy":"category","embeddable":true,"href":"https:\/\/www.europesays.com\/fr\/wp-json\/wp\/v2\/categories?post=552739"},{"taxonomy":"post_tag","embeddable":true,"href":"https:\/\/www.europesays.com\/fr\/wp-json\/wp\/v2\/tags?post=552739"}],"curies":[{"name":"wp","href":"https:\/\/api.w.org\/{rel}","templated":true}]}}