{"id":552741,"date":"2025-11-23T05:34:17","date_gmt":"2025-11-23T05:34:17","guid":{"rendered":"https:\/\/www.europesays.com\/fr\/552741\/"},"modified":"2025-11-23T05:34:17","modified_gmt":"2025-11-23T05:34:17","slug":"romain-ntamack-enfin-finie-ces-mots-sans-appel-a-sa-compagne","status":"publish","type":"post","link":"https:\/\/www.europesays.com\/fr\/552741\/","title":{"rendered":"Romain Ntamack : \u00ab\u00a0Enfin finie&#8230;\u00a0\u00bb, ces mots sans appel \u00e0 sa compagne"},"content":{"rendered":"<p class=\"p1\"><a href=\"https:\/\/www.closermag.fr\/people\/romain-ntamack-bientot-papa-le-joueur-poursuit-sa-convalescence-et-sa-compagne-lisa-partage-son-baby-bump-3410022\" target=\"_blank\" rel=\"noopener\"><br \/>\nEn juin dernier, Romain Ntamack, lessiv\u00e9, a remport\u00e9 haut la main<br \/>\nle Top 14 \u00e0 l&rsquo;issue d&rsquo;un match sans merci contre l&rsquo;UBB (Union<br \/>\nBordeaux B\u00e8gles)<\/a>. Rien ne laissait deviner que le rugbyman<br \/>\nd\u00e9crocherait la victoire. Il faut dire que <strong>la saison n&rsquo;a<br \/>\npas \u00e9t\u00e9 de tout repos<\/strong> pour le demi d&rsquo;ouverture du XV de<br \/>\nFrance.<\/p>\n<p class=\"p1\">D&rsquo;apr\u00e8s les informations relay\u00e9es par Le 10<br \/>\nSport, le Toulousain a \u00e9t\u00e9 <strong>op\u00e9r\u00e9 du genou<\/strong> peu<br \/>\napr\u00e8s avoir disput\u00e9 la finale, intervention chirurgicales pr\u00e9vue<br \/>\nbien avant la rencontre. \u00ab\u00a0J\u2019\u00e9tais heureux, mais <strong>surtout<br \/>\ntr\u00e8s soulag\u00e9 d\u2019avoir gagn\u00e9<\/strong>. Ce fut une finale compliqu\u00e9e<br \/>\npour nous, confie-t-il dans une interview accord\u00e9e \u00e0 nos<br \/>\nconfr\u00e8res du journal Midi Olympique. Pour moi aussi, \u00e0 l\u2019image<br \/>\nde ma saison. En fait, c\u2019\u00e9tait un soulagement, parce que la saison<br \/>\n\u00e9tait termin\u00e9e. Je savais que, deux jours apr\u00e8s, j\u2019allais me faire<br \/>\nop\u00e9rer. Il y avait vraiment beaucoup de soulagement, plus que de la<br \/>\njoie ou autre chose.\u00a0\u00bb<\/p>\n<p>Romain Ntamack : qu&rsquo;a-t-il confi\u00e9 \u00e0 sa compagne<br \/>\n?<\/p>\n<p class=\"p1\">La victoire en poche, Romain Ntamack a senti un<br \/>\nfrisson lui parcourir le corps. \u00ab\u00a0Ce sont <strong>les premiers<br \/>\nmots que j\u2019ai dits \u00e0 ma copine :<\/strong> <strong>&lsquo;C\u2019est bon,<br \/>\nla saison est enfin finie, on peut passer \u00e0 autre chose&rsquo;<\/strong>\u00ab\u00a0,<br \/>\nr\u00e9v\u00e8le-t-il dans cette m\u00eame interview, ajoutant, sans appel :<br \/>\n\u00ab\u00a0Franchement, j\u2019en avais marre\u00a0\u00bb.<\/p>\n<p class=\"p1\">Apr\u00e8s l&rsquo;effort, le r\u00e9confort. \u00ab\u00a0J\u2019en ai vraiment<br \/>\nprofit\u00e9 avec les copains dans les heures suivantes, parce que la<br \/>\nsaison avait \u00e9t\u00e9 dure pour tout le monde, pour tout un tas de<br \/>\nraisons. Et j\u2019\u00e9tais tr\u00e8s content que \u00e7a se termine comme \u00e7a\u00a0\u00bb,<br \/>\nconclut <a href=\"https:\/\/www.closermag.fr\/people\/romain-ntamack-bientot-papa-nous-attendons-il-devoile-le-sexe-du-bebe-3435622\" target=\"_blank\" rel=\"noopener\"><br \/>\nla star du XV de France<\/a>, \u00e0 qui l&rsquo;on souhaite un repos bien<br \/>\nm\u00e9rit\u00e9.<\/p>\n<p>Romain Ntamack : qui est sa compagne<br \/>\n?<\/p>\n<p class=\"p1\">Voil\u00e0 un an que <strong>Romain Ntamack a trouv\u00e9<br \/>\nl&rsquo;amour<\/strong> dans les bras d&rsquo;une jeune femme. <a href=\"https:\/\/www.closermag.fr\/people\/romain-ntamack-qui-est-lisa-sa-compagne-1689696\" target=\"_blank\" rel=\"noopener\"><br \/>\nLisa Lopez<\/a>, l&rsquo;heureuse \u00e9lue, <strong>travaille dans le secteur<br \/>\nde l&rsquo;immobilier<\/strong>. Une story publi\u00e9e sur Instagram cette<br \/>\nann\u00e9e indique qu&rsquo;elle occupe le poste de consultante transaction et<br \/>\nn\u00e9gociatrice vente pour le compte de Car\u00e9 Immobilier, dans la<br \/>\nbanlieue toulousaine.<\/p>\n<p class=\"p1\">La jeune femme a donn\u00e9 naissance l&rsquo;an dernier \u00e0<br \/>\n<strong>son premier enfant, un gar\u00e7on pr\u00e9nomm\u00e9 Noah<\/strong>.<br \/>\n\u00ab\u00a0Dans ma vie d\u2019homme, \u00e7a change beaucoup de choses. On ne pense<br \/>\nplus du tout \u00e0 nous, on ne pense qu\u2019\u00e0 lui. On veut juste son<br \/>\nbonheur \u00e0 lui. On essaie de faire les choses du mieux possible pour<br \/>\nqu\u2019il grandisse correctement dans un environnement sain, on<br \/>\ns\u2019oublie compl\u00e8tement. <strong>C\u2019est un changement<br \/>\nradical<\/strong>\u00a0[\u2026] J\u2019ai l\u2019impression de jouer pour deux<br \/>\nmaintenant\u00a0\u00bb, livre-t-il dans une interview relay\u00e9e par La<br \/>\nD\u00e9p\u00eache.<\/p>\n","protected":false},"excerpt":{"rendered":"En juin dernier, Romain Ntamack, lessiv\u00e9, a remport\u00e9 haut la main le Top 14 \u00e0 l&rsquo;issue d&rsquo;un match&hellip;\n","protected":false},"author":2,"featured_media":552742,"comment_status":"","ping_status":"","sticky":false,"template":"","format":"standard","meta":{"footnotes":""},"categories":[1416],"tags":[10281,1011,27,7205,479,1468,60,65861],"class_list":{"0":"post-552741","1":"post","2":"type-post","3":"status-publish","4":"format-standard","5":"has-post-thumbnail","7":"category-rugby","8":"tag-buzz-nonli","9":"tag-fr","10":"tag-france","11":"tag-romain-ntamack","12":"tag-rugby","13":"tag-rugby-football","14":"tag-sports","15":"tag-trend"},"share_on_mastodon":{"url":"https:\/\/pubeurope.com\/@fr\/115597388335586742","error":""},"_links":{"self":[{"href":"https:\/\/www.europesays.com\/fr\/wp-json\/wp\/v2\/posts\/552741","targetHints":{"allow":["GET"]}}],"collection":[{"href":"https:\/\/www.europesays.com\/fr\/wp-json\/wp\/v2\/posts"}],"about":[{"href":"https:\/\/www.europesays.com\/fr\/wp-json\/wp\/v2\/types\/post"}],"author":[{"embeddable":true,"href":"https:\/\/www.europesays.com\/fr\/wp-json\/wp\/v2\/users\/2"}],"replies":[{"embeddable":true,"href":"https:\/\/www.europesays.com\/fr\/wp-json\/wp\/v2\/comments?post=552741"}],"version-history":[{"count":0,"href":"https:\/\/www.europesays.com\/fr\/wp-json\/wp\/v2\/posts\/552741\/revisions"}],"wp:featuredmedia":[{"embeddable":true,"href":"https:\/\/www.europesays.com\/fr\/wp-json\/wp\/v2\/media\/552742"}],"wp:attachment":[{"href":"https:\/\/www.europesays.com\/fr\/wp-json\/wp\/v2\/media?parent=552741"}],"wp:term":[{"taxonomy":"category","embeddable":true,"href":"https:\/\/www.europesays.com\/fr\/wp-json\/wp\/v2\/categories?post=552741"},{"taxonomy":"post_tag","embeddable":true,"href":"https:\/\/www.europesays.com\/fr\/wp-json\/wp\/v2\/tags?post=552741"}],"curies":[{"name":"wp","href":"https:\/\/api.w.org\/{rel}","templated":true}]}}