{"id":552745,"date":"2025-11-23T05:39:19","date_gmt":"2025-11-23T05:39:19","guid":{"rendered":"https:\/\/www.europesays.com\/fr\/552745\/"},"modified":"2025-11-23T05:39:19","modified_gmt":"2025-11-23T05:39:19","slug":"arkea-bxb-hotels-guernalec-ne-se-souvient-pas-de-son-accident-sports","status":"publish","type":"post","link":"https:\/\/www.europesays.com\/fr\/552745\/","title":{"rendered":"Ark\u00e9a-BxB Hotels : Guernalec ne se souvient pas de son accident : Sports"},"content":{"rendered":"<p class=\"date\">\n                                                            Mathieu Warnier, Media365, publi\u00e9 le samedi 22 novembre 2025 \u00e0 17h00\n                                                    <\/p>\n<p>Percut\u00e9 par une voiture lors d&rsquo;une sortie d&rsquo;entra\u00eenement ce jeudi, Thibault Guernalec a assur\u00e9 ne pas avoir le moindre souvenir de ce qui lui est arriv\u00e9.<\/p>\n<p>Thibault Guernalec ne vit pas une fin d&rsquo;ann\u00e9e facile. Membre de l&rsquo;\u00e9quipe Ark\u00e9a-BxB Hotels depuis le d\u00e9but de sa carri\u00e8re professionnelle en 2017, le natif de Ch\u00e2teaulin se retrouve dans l&rsquo;incertitude. En effet, la fermeture de la formation dirig\u00e9e par Emmanuel Hubert laisse le coureur de 28 ans sans contrat pour la saison 2026, quelques mois apr\u00e8s avoir particip\u00e9 au titre de champion d&rsquo;Europe du relais mixte remport\u00e9 par l&rsquo;\u00e9quipe de France sur ses terres. A cela est venu s&rsquo;ajouter ce jeudi un s\u00e9rieux accident intervenu lors d&rsquo;une sortie d&rsquo;entra\u00eenement dont il n&rsquo;est pas sorti indemne. En effet, le coureur form\u00e9 au VC Ch\u00e2teaulin a \u00e9t\u00e9 percut\u00e9 par une voiture.<\/p>\n<p>Guernalec : \u00ab\u00a0Je ne\u00a0me souviens de rien\u00a0\u00bb<\/p>\n<p>Il souffre depuis d&rsquo;une fracture au niveau d&rsquo;une vert\u00e8bre lombaire et d&rsquo;un doigt auxquels s&rsquo;ajoute une commotion c\u00e9r\u00e9brale. Malgr\u00e9 l&rsquo;\u00e9tendue des blessures, Thibault Guernalec peut marcher mais&#8230; sa m\u00e9moire a totalement occult\u00e9 tout ce qui touche \u00e0 cet accident. \u00ab\u00a0Ce qui me fait peur, c&rsquo;est que je ne\u00a0me souviens de rien, a-t-il confi\u00e9 dans un entretien accord\u00e9 au quotidien local Le T\u00e9l\u00e9gramme. Je ne me rappelle pas d&rsquo;\u00eatre parti rouler, je ne me souviens de rien. Je ne me rappelle pas de l&rsquo;accident, non plus.\u00a0\u00bb S&rsquo;il est certain de ne pas avoir perdu connaissance lors de cet accident, il a \u00e9voqu\u00e9 un \u00ab\u00a0trou noir\u00a0\u00bb.<\/p>\n<p>Guernalec : \u00ab\u00a0Si vous voyiez mon\u00a0casque&#8230;\u00a0\u00bb<\/p>\n<p>Ce dernier concerne les quatre heures ayant suivi cet \u00e9v\u00e9nement. Un choc avec une voiture qui met un peu plus en lumi\u00e8re les dangers li\u00e9s \u00e0 la pratique cycliste sur routes ouvertes. \u00ab\u00a0J&rsquo;ai conscience que l&rsquo;on peut avoir un accident tous\u00a0les jours en prenant le volant mais\u00a0l\u00e0, c&rsquo;est chaud, a confi\u00e9 Thibault Guernalec lors de cet entretien. Si vous voyiez mon\u00a0casque&#8230;\u00a0\u00bb En qu\u00eate d&rsquo;un point de chute en vue de la saison prochaine, avec le nom de l&rsquo;\u00e9quipe TotalEnergies dirig\u00e9e par Jean-Ren\u00e9 Bernaudeau qui a \u00e9t\u00e9 \u00e9voqu\u00e9, le Finist\u00e9rien va devoir laisser son v\u00e9lo de c\u00f4t\u00e9 pour une dur\u00e9e de six semaines apr\u00e8s avoir subi une op\u00e9ration visant \u00e0 traiter sa vert\u00e8bre fractur\u00e9e.<\/p>\n","protected":false},"excerpt":{"rendered":"Mathieu Warnier, Media365, publi\u00e9 le samedi 22 novembre 2025 \u00e0 17h00 Percut\u00e9 par une voiture lors d&rsquo;une sortie&hellip;\n","protected":false},"author":2,"featured_media":552746,"comment_status":"","ping_status":"","sticky":false,"template":"","format":"standard","meta":{"footnotes":""},"categories":[1411],"tags":[1154,207,1011,27,60],"class_list":{"0":"post-552745","1":"post","2":"type-post","3":"status-publish","4":"format-standard","5":"has-post-thumbnail","7":"category-cyclisme","8":"tag-cycling","9":"tag-cyclisme","10":"tag-fr","11":"tag-france","12":"tag-sports"},"share_on_mastodon":{"url":"https:\/\/pubeurope.com\/@fr\/115597408024679847","error":""},"_links":{"self":[{"href":"https:\/\/www.europesays.com\/fr\/wp-json\/wp\/v2\/posts\/552745","targetHints":{"allow":["GET"]}}],"collection":[{"href":"https:\/\/www.europesays.com\/fr\/wp-json\/wp\/v2\/posts"}],"about":[{"href":"https:\/\/www.europesays.com\/fr\/wp-json\/wp\/v2\/types\/post"}],"author":[{"embeddable":true,"href":"https:\/\/www.europesays.com\/fr\/wp-json\/wp\/v2\/users\/2"}],"replies":[{"embeddable":true,"href":"https:\/\/www.europesays.com\/fr\/wp-json\/wp\/v2\/comments?post=552745"}],"version-history":[{"count":0,"href":"https:\/\/www.europesays.com\/fr\/wp-json\/wp\/v2\/posts\/552745\/revisions"}],"wp:featuredmedia":[{"embeddable":true,"href":"https:\/\/www.europesays.com\/fr\/wp-json\/wp\/v2\/media\/552746"}],"wp:attachment":[{"href":"https:\/\/www.europesays.com\/fr\/wp-json\/wp\/v2\/media?parent=552745"}],"wp:term":[{"taxonomy":"category","embeddable":true,"href":"https:\/\/www.europesays.com\/fr\/wp-json\/wp\/v2\/categories?post=552745"},{"taxonomy":"post_tag","embeddable":true,"href":"https:\/\/www.europesays.com\/fr\/wp-json\/wp\/v2\/tags?post=552745"}],"curies":[{"name":"wp","href":"https:\/\/api.w.org\/{rel}","templated":true}]}}