{"id":552751,"date":"2025-11-23T05:42:56","date_gmt":"2025-11-23T05:42:56","guid":{"rendered":"https:\/\/www.europesays.com\/fr\/552751\/"},"modified":"2025-11-23T05:42:56","modified_gmt":"2025-11-23T05:42:56","slug":"cette-photographe-expose-ses-cliches-de-lieux-abandonnes","status":"publish","type":"post","link":"https:\/\/www.europesays.com\/fr\/552751\/","title":{"rendered":"cette photographe expose ses clich\u00e9s de lieux abandonn\u00e9s"},"content":{"rendered":"<p>                    Par<br \/>\n        <strong><br \/>\n            <a href=\"https:\/\/actu.fr\/auteur\/journaliste-ledemocrate\" title=\"Consulter tous les articles de R\u00e9daction Vernon\" rel=\"nofollow noopener\" target=\"_blank\">R\u00e9daction Vernon<\/a><br \/>\n                    <\/strong><\/p>\n<p>        Publi\u00e9 le<\/p>\n<p>            20 nov. 2025 \u00e0 12h08        <\/p>\n<p>Quand on pense \u00e0 <b>usine abandonn\u00e9e<\/b>, on imagine imm\u00e9diatement des murs pleins de tags, des toitures d\u00e9fonc\u00e9es qui ne donnent pas envie de regarder. C\u2019est pourtant un <b>regard plein de po\u00e9sie<\/b> que Marie Micallef pose sur ces lieux d\u00e9sert\u00e9s de toute vie humaine.<\/p>\n<p class=\" wall-content\">Son travail est expos\u00e9 \u00e0 la m\u00e9diath\u00e8que de <a href=\"https:\/\/actu.fr\/normandie\/vernon_27681\" rel=\"nofollow noopener\" target=\"_blank\">Vernon <\/a><b>(Eure)<\/b> jusqu\u2019au <b>17 d\u00e9cembre 2025.<\/b><\/p>\n<p class=\" wall-content\">En 2013, un ami emm\u00e8ne Marie voir une usine ferm\u00e9e depuis des ann\u00e9es. Et la <b>fascination<\/b> commence, qui va de pair avec le questionnement. Pourquoi\u00a0? Comment\u00a0? Quand\u00a0? Marie s\u2019int\u00e9resse au lieu, aux personnes qui ont travaill\u00e9 dans ces b\u00e2timents.<\/p>\n<p>Du hobby \u00e0 la passion<\/p>\n<p class=\" wall-content\">De retour chez elle, elle se renseigne et prend conscience que tout un monde de passionn\u00e9s fourmille d\u00e9j\u00e0 depuis plusieurs ann\u00e9es sur les r\u00e9seaux sociaux.<\/p>\n<p>    <a href=\"https:\/\/www.facebook.com\/plugins\/post.php?href=https%3A%2F%2Fwww.facebook.com%2FSNACulture27%2Fposts%2Fpfbid0c6uc1rqjQ1XSYn7NavfNDf8VFibM576JpGCTWjMvSZAB59hgoT62GByQASiRLQsbl&amp;show_text=true&amp;width=350\" title=\"Ouvrie le lien\" rel=\"nofollow noopener\" target=\"_blank\">Cliquez ici pour visualiser le contenu<\/a><\/p>\n<p class=\" wall-content\">\u00ab\u00a0Au d\u00e9part, je visitais sans prendre de photos, juste pour le plaisir de d\u00e9couvrir. D\u2019ailleurs, je n\u2019avais jamais pris de photos autres que des photos souvenirs, un peu comme tout le monde. Puis j\u2019ai commenc\u00e9 \u00e0 prendre des photos des lieux que je visitais avec mon t\u00e9l\u00e9phone. Petit \u00e0 petit, j\u2019ai appris \u00e0 les retoucher l\u00e9g\u00e8rement pour leur donner la lumi\u00e8re et l\u2019\u00e9clat que mon \u0153il avait enregistr\u00e9s\u00a0\u00bb, raconte Marie.<\/p>\n<p>Vid\u00e9os : en ce moment sur Actu<\/p>\n<p class=\" wall-content\">De visites en d\u00e9couvertes, ce qui n\u2019\u00e9tait qu\u2019un <b>hobby<\/b> au d\u00e9part s\u2019est transform\u00e9 en <b>passion.<\/b><\/p>\n<blockquote class=\"ac-article-quote wall-content\">\n<p>J\u2019adore le patrimoine, faire des recherches pour savoir qui a habit\u00e9 tel ch\u00e2teau abandonn\u00e9, telle maison en ruines. Pourquoi l\u2019usine a ferm\u00e9.<\/p>\n<p>Marie Micallef, photographe.\u00a0<\/p><\/blockquote>\n<p>Votre r\u00e9gion, votre actu !<\/p>\n<p>Recevez chaque jour les infos qui comptent pour vous.<\/p>\n<p>\t<a href=\"https:\/\/actu.fr\/newsletter\" class=\"ac-btn ac-btn--corner ac-btn--medium ac-btn--blue800\" rel=\"nofollow noopener\" target=\"_blank\">S&rsquo;incrire<\/a><\/p>\n<p class=\" wall-content\">Le monde de <b>l\u2019Urbex<\/b> acronyme de urban exploration est vaste.<\/p>\n<p class=\" wall-content\">Marie n\u2019h\u00e9site pas \u00e0 sillonner la campagne, \u0153il aux aguets, pour d\u00e9nicher une prochaine destination. Ses p\u00e9riples l\u2019emm\u00e8nent jusqu\u2019en Allemagne ou en Italie o\u00f9 une grosse communaut\u00e9 d\u2019urbexeurs et d\u2019urbexeuses existe, communaut\u00e9 qui se rencontre et s\u2019\u00e9largit gr\u00e2ce aux r\u00e9seaux sociaux.<\/p>\n<p>\u00ab\u00a0On ne touche \u00e0 rien\u00a0\u00bb<\/p>\n<p class=\" wall-content\">\u00ab\u00a0Je n\u2019explore <b>jamais<\/b> un lieu abandonn\u00e9, quel qu\u2019il soit, <b>seule.<\/b> On fait tr\u00e8s attention, car on sait que l\u2019on entre dans une propri\u00e9t\u00e9 priv\u00e9e qui peut s\u2019av\u00e9rer dangereuse. On ne touche \u00e0 rien. Je prends de tr\u00e8s nombreuses photos et quand je rentre, un second travail, tout aussi passionnant, commence sur l\u2019histoire de ce lieu : Qui ? Pourquoi ? Quand ? J\u2019aime documenter un lieu, lui rendre un peu de sa vie pass\u00e9e.\u00a0\u00bb\u00a0<\/p>\n<p class=\" wall-content\">Marie Micallef sera pr\u00e9sente \u00e0 la <a href=\"https:\/\/biblio.sna27.fr\/\" rel=\"nofollow noopener\" target=\"_blank\">m\u00e9diath\u00e8que de Vernon<\/a> <b>samedi 22 novembre<\/b>, de 14h \u00e0 17h, pour r\u00e9pondre aux questions et commenter son travail.<\/p>\n<p class=\" wall-content\">Sa passion pour l\u2019urbex ne s\u2019est pas encore transform\u00e9e en gagne-pain substantiel, ce qu\u2019elle envisage pourtant, volontiers.<\/p>\n<p class=\" wall-content\">Elle pr\u00e9sentera des \u0153uvres et un calendrier \u00e0 la vente.<\/p>\n<p>Exposition visible jusqu\u2019au 17 d\u00e9cembre aux heures d\u2019ouverture de la m\u00e9diath\u00e8que.\u00a0<\/p>\n<p class=\" wall-content\">Personnalisez votre actualit\u00e9 en ajoutant vos villes et m\u00e9dias en favori avec <a href=\"https:\/\/moncompte.actu.fr\" title=\"D\u00e9couvez Mon Actu\" rel=\"nofollow noopener\" data-trk=\"{&quot;cta&quot;:{&quot;action&quot;:&quot;https:\\\/\\\/moncompte.actu.fr&quot;,&quot;category&quot;:&quot;mon compte&quot;,&quot;from&quot;:&quot;article footer&quot;,&quot;name&quot;:&quot;Mon actu&quot;,&quot;type&quot;:&quot;cta&quot;}}\" target=\"_blank\">Mon Actu<\/a>.<\/p>\n","protected":false},"excerpt":{"rendered":"Par R\u00e9daction Vernon Publi\u00e9 le 20 nov. 2025 \u00e0 12h08 Quand on pense \u00e0 usine abandonn\u00e9e, on imagine&hellip;\n","protected":false},"author":2,"featured_media":552752,"comment_status":"","ping_status":"","sticky":false,"template":"","format":"standard","meta":{"footnotes":""},"categories":[1358],"tags":[1348,1384,1385,1386,58,59,1011,27,1756,104,57680],"class_list":{"0":"post-552751","1":"post","2":"type-post","3":"status-publish","4":"format-standard","5":"has-post-thumbnail","7":"category-arts-et-design","8":"tag-arts","9":"tag-arts-and-design","10":"tag-arts-et-design","11":"tag-design","12":"tag-divertissement","13":"tag-entertainment","14":"tag-fr","15":"tag-france","16":"tag-photographie","17":"tag-societe","18":"tag-urbex"},"share_on_mastodon":{"url":"https:\/\/pubeurope.com\/@fr\/115597423619686532","error":""},"_links":{"self":[{"href":"https:\/\/www.europesays.com\/fr\/wp-json\/wp\/v2\/posts\/552751","targetHints":{"allow":["GET"]}}],"collection":[{"href":"https:\/\/www.europesays.com\/fr\/wp-json\/wp\/v2\/posts"}],"about":[{"href":"https:\/\/www.europesays.com\/fr\/wp-json\/wp\/v2\/types\/post"}],"author":[{"embeddable":true,"href":"https:\/\/www.europesays.com\/fr\/wp-json\/wp\/v2\/users\/2"}],"replies":[{"embeddable":true,"href":"https:\/\/www.europesays.com\/fr\/wp-json\/wp\/v2\/comments?post=552751"}],"version-history":[{"count":0,"href":"https:\/\/www.europesays.com\/fr\/wp-json\/wp\/v2\/posts\/552751\/revisions"}],"wp:featuredmedia":[{"embeddable":true,"href":"https:\/\/www.europesays.com\/fr\/wp-json\/wp\/v2\/media\/552752"}],"wp:attachment":[{"href":"https:\/\/www.europesays.com\/fr\/wp-json\/wp\/v2\/media?parent=552751"}],"wp:term":[{"taxonomy":"category","embeddable":true,"href":"https:\/\/www.europesays.com\/fr\/wp-json\/wp\/v2\/categories?post=552751"},{"taxonomy":"post_tag","embeddable":true,"href":"https:\/\/www.europesays.com\/fr\/wp-json\/wp\/v2\/tags?post=552751"}],"curies":[{"name":"wp","href":"https:\/\/api.w.org\/{rel}","templated":true}]}}