{"id":552766,"date":"2025-11-23T05:52:18","date_gmt":"2025-11-23T05:52:18","guid":{"rendered":"https:\/\/www.europesays.com\/fr\/552766\/"},"modified":"2025-11-23T05:52:18","modified_gmt":"2025-11-23T05:52:18","slug":"plus-de-80-deputes-reclament-linterdiction-de-shein-en-france-afin-de-proteger-sante-emplois-et-environnement","status":"publish","type":"post","link":"https:\/\/www.europesays.com\/fr\/552766\/","title":{"rendered":"Plus de 80 d\u00e9put\u00e9s r\u00e9clament \u00ab\u00a0l\u2019interdiction de Shein\u00a0\u00bb en France afin de prot\u00e9ger sant\u00e9, emplois et environnement"},"content":{"rendered":"<p>                      <img loading=\"lazy\" decoding=\"async\" src=\"https:\/\/www.europesays.com\/fr\/wp-content\/uploads\/2025\/11\/7fb4fa9_ftp-import-images-1-qxqphyofmimv-2025-11-19t142446z-838283993-rc2cqham9njd-rtrmadp-3-shein-f.jpeg\" alt=\"Devant le BHV de l\u2019H\u00f4tel de Ville, le jour de l\u2019ouverture de rayons Shein, \u00e0 Paris, le 5\u00a0novembre 2025.\"   width=\"664\" height=\"443\"\/>    Devant le BHV de l\u2019H\u00f4tel de Ville, le jour de l\u2019ouverture de rayons Shein, \u00e0 Paris, le 5\u00a0novembre 2025.  ABDUL SABOOR\/REUTERS                            <\/p>\n<p class=\"article__paragraph  \">Plus de 80 d\u00e9put\u00e9s, emmen\u00e9s par la pr\u00e9sidente de la commission du d\u00e9veloppement durable de l\u2019Assembl\u00e9e, Sandrine Le Feur (Ensemble pour la R\u00e9publique), r\u00e9clament \u00ab\u00a0l\u2019interdiction de Shein sur le territoire fran\u00e7ais\u00a0\u00bb pour \u00ab\u00a0prot\u00e9ger les travailleurs, la sant\u00e9 publique et la plan\u00e8te\u00a0\u00bb, dans un texte publi\u00e9 dans La Tribune Dimanche.<\/p>\n<p>                                              Lire aussi |  Article r\u00e9serv\u00e9 \u00e0 nos abonn\u00e9s  <a href=\"https:\/\/www.lemonde.fr\/economie\/article\/2025\/11\/19\/contre-shein-les-commercants-francais-reclament-des-dommages-et-interets-pour-concurrence-deloyale_6654069_3234.html\" class=\"js-article-read-also catcher--favoris__link\" data-premium=\"1\" id=\"article-title-3447354\" rel=\"nofollow noopener\" target=\"_blank\">Contre Shein, les commer\u00e7ants fran\u00e7ais r\u00e9clament des dommages et int\u00e9r\u00eats pour concurrence d\u00e9loyale<\/a>    <\/p>\n<p>   Lire plus tard  <\/p>\n<p class=\"article__paragraph  \">Avec l\u2019installation d\u00e9but novembre de la marque asiatique au BHV, grand magasin parisien, \u00ab\u00a0ce n\u2019est pas la mode qui se d\u00e9mocratise, c\u2019est Shein qui se d\u00e9diabolise\u00a0\u00bb, plaident 83 parlementaires, parmi lesquels de nombreux d\u00e9put\u00e9s Ensemble pour la R\u00e9publique, aux c\u00f4t\u00e9s entre autres de Marie-No\u00eblle Battistel (PS), Anne-C\u00e9cile Violland (Horizons), Josiane Corneloup (LR) ou encore Erwan Balanant (MoDem).<\/p>\n<p class=\"article__paragraph  \">\u00ab\u00a0Le visage le plus brutal de la fast fashion (\u2026) s\u2019offre une respectabilit\u00e9 de fa\u00e7ade\u00a0\u00bb, mais cela ne peut \u00ab\u00a0masquer l\u2019envers du d\u00e9cor alors qu\u2019il d\u00e9truit la plan\u00e8te, nos emplois et la sant\u00e9 des consommateurs\u00a0\u00bb, jugent les signataires. \u00ab\u00a0Une mesure s\u2019impose\u00a0: l\u2019interdiction de Shein sur le territoire fran\u00e7ais\u00a0\u00bb, assurent-ils, accusant notamment le g\u00e9ant de la mode ultra-\u00e9ph\u00e9m\u00e8re de \u00ab\u00a0concurrence d\u00e9loyale\u00a0\u00bb ou encore d\u2019inonder le march\u00e9 de \u00ab\u00a0produits toxiques\u00a0\u00bb. \u00ab\u00a0Puisque le d\u00e9bat ne peut plus se contenter d\u2019indignation, la commission du d\u00e9veloppement durable de l\u2019Assembl\u00e9e nationale a convoqu\u00e9 les dirigeants de Shein pour enfin les entendre sur leurs pratiques\u00a0\u00bb, rappellent les d\u00e9put\u00e9s. \u00ab\u00a0Une audition qu\u2019ils avaient tent\u00e9 d\u2019esquiver\u00a0\u00bb, lancent-ils.<\/p>\n<p>                                         Lire aussi |  Article r\u00e9serv\u00e9 \u00e0 nos abonn\u00e9s  <a href=\"https:\/\/www.lemonde.fr\/economie\/article\/2025\/11\/05\/les-difficultes-des-pouvoirs-publics-a-reguler-la-deferlante-shein_6652050_3234.html\" class=\"js-article-read-also catcher--favoris__link\" data-premium=\"1\" id=\"article-title-3444476\" rel=\"nofollow noopener\" target=\"_blank\">Shein\u00a0: pourquoi les pouvoirs publics ont tant de mal \u00e0 r\u00e9guler<\/a>    <\/p>\n<p>   Lire plus tard  <\/p>\n<p>                            Shein devant la justice et le parlement                      <\/p>\n<p class=\"article__paragraph  \">Initialement pr\u00e9vue le 26\u00a0novembre, cette convocation a \u00e9t\u00e9 d\u00e9cal\u00e9e au 2\u00a0d\u00e9cembre, la plateforme d\u2019e-commerce ayant expliqu\u00e9 ne pas \u00eatre en mesure d\u2019honorer le premier rendez-vous en raison d\u2019une audience judiciaire le m\u00eame jour.<\/p>\n<p class=\"article__paragraph  \">Dans le viseur du gouvernement, la plateforme est convoqu\u00e9e mercredi matin devant le tribunal judiciaire de Paris, qui devra statuer sur la suspension du site en France apr\u00e8s la d\u00e9couverte de la vente de poup\u00e9es sexuelles d\u2019apparence enfantine et d\u2019armes de cat\u00e9gorie A. Shein avait d\u00e9j\u00e0 d\u00e9clin\u00e9 une audition le 18\u00a0novembre devant la mission d\u2019information sur les contr\u00f4les des produits import\u00e9s en France, \u00e9voquant cette \u00e9ch\u00e9ance judiciaire.<\/p>\n<p class=\"article__paragraph  \">Par ailleurs, une proposition de r\u00e9solution europ\u00e9enne a \u00e9t\u00e9 d\u00e9pos\u00e9e cette semaine \u00e0 l\u2019Assembl\u00e9e par des d\u00e9put\u00e9s de tous bords \u2013 except\u00e9s les groupes LFI, RN et UDR \u2013 r\u00e9clamant plus de fermet\u00e9 envers certaines plateformes. Elle sera examin\u00e9e mercredi. Shein a d\u00e9j\u00e0 \u00e9cop\u00e9 cette ann\u00e9e en France de trois amendes d\u2019un total de 191\u00a0millions d\u2019euros, notamment pour fausses promotions et informations trompeuses.<\/p>\n<p>                                         Lire aussi |  Article r\u00e9serv\u00e9 \u00e0 nos abonn\u00e9s  <a href=\"https:\/\/www.lemonde.fr\/economie\/article\/2024\/03\/14\/les-sites-d-ultra-fast-fashion-comme-shein-et-temu-dans-le-viseur-des-deputes_6221904_3234.html\" class=\"js-article-read-also catcher--favoris__link\" data-premium=\"1\" id=\"article-title-3363838\" rel=\"nofollow noopener\" target=\"_blank\">Les sites d\u2019ultra-fast fashion comme Shein et Temu dans le viseur des d\u00e9put\u00e9s<\/a>    <\/p>\n<p>   Lire plus tard  <\/p>\n<p class=\"author__detail\">  Le Monde avec AFP  <\/p>\n<p>                <a href=\"https:\/\/www.lemonde.fr\/syndication\/\" class=\"reuse__content\" title=\"R\u00e9utiliser ce contenu\" target=\"_blank\" rel=\"nofollow noopener\">R\u00e9utiliser ce contenu<\/a>      <\/p>\n","protected":false},"excerpt":{"rendered":"Devant le BHV de l\u2019H\u00f4tel de Ville, le jour de l\u2019ouverture de rayons Shein, \u00e0 Paris, le 5\u00a0novembre&hellip;\n","protected":false},"author":2,"featured_media":552767,"comment_status":"","ping_status":"","sticky":false,"template":"","format":"standard","meta":{"footnotes":""},"categories":[6],"tags":[35,33,34,1011,27],"class_list":{"0":"post-552766","1":"post","2":"type-post","3":"status-publish","4":"format-standard","5":"has-post-thumbnail","7":"category-economie","8":"tag-business","9":"tag-economie","10":"tag-economy","11":"tag-fr","12":"tag-france"},"share_on_mastodon":{"url":"https:\/\/pubeurope.com\/@fr\/115597459375573972","error":""},"_links":{"self":[{"href":"https:\/\/www.europesays.com\/fr\/wp-json\/wp\/v2\/posts\/552766","targetHints":{"allow":["GET"]}}],"collection":[{"href":"https:\/\/www.europesays.com\/fr\/wp-json\/wp\/v2\/posts"}],"about":[{"href":"https:\/\/www.europesays.com\/fr\/wp-json\/wp\/v2\/types\/post"}],"author":[{"embeddable":true,"href":"https:\/\/www.europesays.com\/fr\/wp-json\/wp\/v2\/users\/2"}],"replies":[{"embeddable":true,"href":"https:\/\/www.europesays.com\/fr\/wp-json\/wp\/v2\/comments?post=552766"}],"version-history":[{"count":0,"href":"https:\/\/www.europesays.com\/fr\/wp-json\/wp\/v2\/posts\/552766\/revisions"}],"wp:featuredmedia":[{"embeddable":true,"href":"https:\/\/www.europesays.com\/fr\/wp-json\/wp\/v2\/media\/552767"}],"wp:attachment":[{"href":"https:\/\/www.europesays.com\/fr\/wp-json\/wp\/v2\/media?parent=552766"}],"wp:term":[{"taxonomy":"category","embeddable":true,"href":"https:\/\/www.europesays.com\/fr\/wp-json\/wp\/v2\/categories?post=552766"},{"taxonomy":"post_tag","embeddable":true,"href":"https:\/\/www.europesays.com\/fr\/wp-json\/wp\/v2\/tags?post=552766"}],"curies":[{"name":"wp","href":"https:\/\/api.w.org\/{rel}","templated":true}]}}