{"id":552770,"date":"2025-11-23T05:55:16","date_gmt":"2025-11-23T05:55:16","guid":{"rendered":"https:\/\/www.europesays.com\/fr\/552770\/"},"modified":"2025-11-23T05:55:16","modified_gmt":"2025-11-23T05:55:16","slug":"des-blesses-legers-et-des-interpellations-en-marge-du-match-ogc-nice-om-deux-personnes-placees-en-garde-a-vue-nice-matin","status":"publish","type":"post","link":"https:\/\/www.europesays.com\/fr\/552770\/","title":{"rendered":"Des bless\u00e9s l\u00e9gers et des interpellations en marge du match OGC Nice &#8211; OM : deux personnes plac\u00e9es en garde \u00e0 vue &#8211; Nice-Matin"},"content":{"rendered":"<ol>\n<li><a href=\"https:\/\/news.google.com\/rss\/articles\/CBMi4wFBVV95cUxPVU1vN3NmWG9qaHF0NEJqMDltWFdoS1daOXZnLWxfNVNiWVZ4d0d4dWowSEZ3Q2lJb2pRSXhmUWxGenJZRWR6RUZVb1hVZDNkS0pTUjlKSkxNNUpxVkdZeHlrN0pxdkRmc3JDQms4V3ZwX0FzQlJLdUpjQVU0czJiNlczQTdYWE16WVZIZEp6azhBM0ZncDBvU1E0YldoeG9WNGNBOXo5TG13d0VMNXhnVFQxRkFlbkFoSkZURkp3WHRxbjRfQ3V1d0pkTk5JdHBOY0wtcUlLUk5UX3FKZTMxYmpkMA?oc=5\" target=\"_blank\" rel=\"noopener\">Des bless\u00e9s l\u00e9gers et des interpellations en marge du match OGC Nice &#8211; OM : deux personnes plac\u00e9es en garde \u00e0 vue<\/a>&nbsp;&nbsp;Nice-Matin<\/li>\n<li><a href=\"https:\/\/news.google.com\/rss\/articles\/CBMiwgFBVV95cUxONXlDY3ZOVXRDX0RPZkNMYUNxZUlkVm5MR3ZreUVEM0k0UzczTUtydlVUMDVaTEtxQlEtSHpyemstWE9kV1pJaGU4WkhJXzBpczEycnhtbnlxXzdfTWU1N2tIV1c0ZXUzUTJueGJ3T0s0QVBmZ0J3WGFKeXV6c3V2ekEzbWkyWmtfQ0dKSlQyNWV5UHFDaUJIQVV3Zy12c3BqbklZU0lXV0VNb21YWFpiYUhDc3FnamJidU1jQ3JaaGdLUQ?oc=5\" target=\"_blank\" rel=\"noopener\">Ligue 1 : c\u2019est l\u2019incompr\u00e9hension totale \u00e0 Nice apr\u00e8s la gifle re\u00e7ue face \u00e0 l\u2019OM<\/a>&nbsp;&nbsp;Foot Mercato<\/li>\n<li><a href=\"https:\/\/news.google.com\/rss\/articles\/CBMiggFBVV95cUxQcDkzUEhjYkIzTXZLVjVKNGt4a2lmVUY1UmhjdFFXWDQwSEowNWhnaTVhR2RsdVFQU29qdXNVMWZoUnFsUkwtYmtENjE1ZE96VnFRSHRZczZSWF9uOS1IX1l2aDVURGtQWUxKandiSDdsbDJYMjY1UHM0aElnNWpFc19n?oc=5\" target=\"_blank\" rel=\"noopener\">Haise : \u00ab On fait trop de cadeaux \u00bb<\/a>&nbsp;&nbsp;OGC Nice<\/li>\n<li><a href=\"https:\/\/news.google.com\/rss\/articles\/CBMizAFBVV95cUxOb1VQRzJrRTc1NDI2THRrZnJ3STJTcEl6U0dHR3NjdzdaOWphaU1DTkJfRzAydkl5Zzdxa3VMSTBQanA4b2tUOE5xN3hNc1dBZmhZdzA4WkIzb3hvek1HSDJHQ0RJMUQ4WnRfMmdlbUFydnpCZHVhSEllTkM0elZWc0tyVUxHR2c0YU9rQlRxVkxEZmNuVGQzNXBTMm5jd3pZbXBJb1dMSzlOSEthNnVIdm9rUEVfQkVMbVZUdHFQWWtEOWdjY014M2hTanDSAcsBQVVfeXFMTmFaQXZucDlTakJUWEdaWjB5emJNWU5mZEJUcHdlTnNZRWN3QXlMaEtjT2lMVVhrZXpZakRMdHZTc1BMSHFsMG9hRVJ6VnloU1pJY1hIa1U3bTRJWmIzYVk2Ql96T3BzX2gyNHRDX2M1YnJqQXpXLUxGa2FRZWVwbjF2dVYtdFZxcGR2ckZHT3NyWTkyYllPZ2lBZkdMSVNLVE1mSWNycWxuYVhyX1doVV9rOWVYNTdoYkd3Q0JiUEdHVXN1R3RwYnlYajQ?oc=5\" target=\"_blank\" rel=\"noopener\">OM : L&rsquo;\u00e9tonnante sortie de De Zerbi apr\u00e8s le succ\u00e8s \u00e0 Nice : Sports &#8211; Orange<\/a>&nbsp;&nbsp;Sports &#8211; Orange<\/li>\n<li><a href=\"https:\/\/news.google.com\/rss\/articles\/CBMi_wFBVV95cUxPdVFKNW5ZWkhvLUxwdVgxNVFmUndWV21KNTlDYXpwZUJZUXptYWp3eXRMRFRrMU01RU9SS190UHgtQW9ub0FFeUdKZ2RzdmZ6S3VJcGJhTGQxREx4WHk2enlmVGN5YlFVc1hxM2Ixb1gyNmJkSlRZN0h0WHZJNjBvanVlTEVUNTVUcVJCNE9GVHRPN3VfX3dHU1c0Skwtek1ncU5iNld1YkktTVN1alFHbGpjd3lJNVF1c2xVemVrd2xONTFfLW02Q0VlNTdtMEtSdnhudEJqZ2stenZ1Qk9aSm5MdGN3MXBFYnQ4Nngzd2xrcnJ1X1NMNE04WlNtTTQ?oc=5\" target=\"_blank\" rel=\"noopener\">Nice-Marseille : Greenwood et Aubameyang en grande forme, des Ni\u00e7ois en manque d\u2019inspiration&#8230; Les tops et les flops<\/a>&nbsp;&nbsp;Le Figaro<\/li>\n<\/ol>\n","protected":false},"excerpt":{"rendered":"Des bless\u00e9s l\u00e9gers et des interpellations en marge du match OGC Nice &#8211; OM : deux personnes plac\u00e9es&hellip;\n","protected":false},"author":2,"featured_media":552771,"comment_status":"","ping_status":"","sticky":false,"template":"","format":"standard","meta":{"footnotes":""},"categories":[2],"tags":[11,1011,27,12,54521],"class_list":{"0":"post-552770","1":"post","2":"type-post","3":"status-publish","4":"format-standard","5":"has-post-thumbnail","7":"category-actualites","8":"tag-actualites","9":"tag-fr","10":"tag-france","11":"tag-news","12":"tag-ogcnice"},"share_on_mastodon":{"url":"https:\/\/pubeurope.com\/@fr\/115597470879519256","error":""},"_links":{"self":[{"href":"https:\/\/www.europesays.com\/fr\/wp-json\/wp\/v2\/posts\/552770","targetHints":{"allow":["GET"]}}],"collection":[{"href":"https:\/\/www.europesays.com\/fr\/wp-json\/wp\/v2\/posts"}],"about":[{"href":"https:\/\/www.europesays.com\/fr\/wp-json\/wp\/v2\/types\/post"}],"author":[{"embeddable":true,"href":"https:\/\/www.europesays.com\/fr\/wp-json\/wp\/v2\/users\/2"}],"replies":[{"embeddable":true,"href":"https:\/\/www.europesays.com\/fr\/wp-json\/wp\/v2\/comments?post=552770"}],"version-history":[{"count":0,"href":"https:\/\/www.europesays.com\/fr\/wp-json\/wp\/v2\/posts\/552770\/revisions"}],"wp:featuredmedia":[{"embeddable":true,"href":"https:\/\/www.europesays.com\/fr\/wp-json\/wp\/v2\/media\/552771"}],"wp:attachment":[{"href":"https:\/\/www.europesays.com\/fr\/wp-json\/wp\/v2\/media?parent=552770"}],"wp:term":[{"taxonomy":"category","embeddable":true,"href":"https:\/\/www.europesays.com\/fr\/wp-json\/wp\/v2\/categories?post=552770"},{"taxonomy":"post_tag","embeddable":true,"href":"https:\/\/www.europesays.com\/fr\/wp-json\/wp\/v2\/tags?post=552770"}],"curies":[{"name":"wp","href":"https:\/\/api.w.org\/{rel}","templated":true}]}}