{"id":552772,"date":"2025-11-23T05:56:14","date_gmt":"2025-11-23T05:56:14","guid":{"rendered":"https:\/\/www.europesays.com\/fr\/552772\/"},"modified":"2025-11-23T05:56:14","modified_gmt":"2025-11-23T05:56:14","slug":"il-amene-la-recherche-de-paris-a-firminy","status":"publish","type":"post","link":"https:\/\/www.europesays.com\/fr\/552772\/","title":{"rendered":"il am\u00e8ne\u00a0\u00ab\u00a0la recherche de Paris \u00e0 Firminy\u00a0\u00bb"},"content":{"rendered":"<p>Un professeur dans le haut de tableau. Apr\u00e8s avoir particip\u00e9 \u00e0 deux \u00e9tudes ayant \u00e9t\u00e9 publi\u00e9es dans deux revues sp\u00e9cialis\u00e9es en un mois cette ann\u00e9e, Laurent Bertoletti, sp\u00e9cialiste de la maladie thromboembolique veineuse, coordonne, depuis le CHU de Saint-\u00c9tienne, un projet de recherche qui vient d\u2019obtenir 2,5\u00a0millions d\u2019euros de financement de l\u2019Union europ\u00e9enne.<\/p>\n<p>Ce qui place le centre hospitalier de Firminy au m\u00eame niveau que l\u2019H\u00f4pital europ\u00e9en Georges-Pompidou de Paris ou d\u2019autres \u00e9tablissements dans la Capitale, \u00e0 Lyon, Marseille, Madrid, Barcelone ou Rome.<\/p>\n<p><strong>&gt;&gt;\u00a0<a href=\"https:\/\/www.leprogres.fr\/sante\/2024\/01\/04\/grace-a-une-premiere-thrombectomie-pulmonaire-realisee-au-chu-une-patiente-a-ete-sauvee\" target=\"_blank\" rel=\"nofollow noopener\">Gr\u00e2ce \u00e0 une premi\u00e8re thrombectomie pulmonaire r\u00e9alis\u00e9e au CHU, une patiente a \u00e9t\u00e9 sauv\u00e9e<\/a><\/strong><\/p>\n<p>\u00ab\u00a0J\u2019ai mis un point d\u2019honneur \u00e0 ce que les malades du centre hospitalier de Firminy&#8230;<\/p>\n","protected":false},"excerpt":{"rendered":"Un professeur dans le haut de tableau. Apr\u00e8s avoir particip\u00e9 \u00e0 deux \u00e9tudes ayant \u00e9t\u00e9 publi\u00e9es dans deux&hellip;\n","protected":false},"author":2,"featured_media":552773,"comment_status":"","ping_status":"","sticky":false,"template":"","format":"standard","meta":{"footnotes":""},"categories":[9653],"tags":[1111,11,2430,7539,1777,674,107,10282,10283,1011,27,3367,12,25,4001,71],"class_list":{"0":"post-552772","1":"post","2":"type-post","3":"status-publish","4":"format-standard","5":"has-post-thumbnail","7":"category-saint-etienne","8":"tag-actu","9":"tag-actualites","10":"tag-auvergne-rhone-alpes","11":"tag-edition-loire-sud","12":"tag-eu","13":"tag-europe","14":"tag-fil-info","15":"tag-firminy","16":"tag-firminy-ville","17":"tag-fr","18":"tag-france","19":"tag-loire","20":"tag-news","21":"tag-republique-francaise","22":"tag-saint-etienne","23":"tag-sante"},"share_on_mastodon":{"url":"https:\/\/pubeurope.com\/@fr\/115597474819481961","error":""},"_links":{"self":[{"href":"https:\/\/www.europesays.com\/fr\/wp-json\/wp\/v2\/posts\/552772","targetHints":{"allow":["GET"]}}],"collection":[{"href":"https:\/\/www.europesays.com\/fr\/wp-json\/wp\/v2\/posts"}],"about":[{"href":"https:\/\/www.europesays.com\/fr\/wp-json\/wp\/v2\/types\/post"}],"author":[{"embeddable":true,"href":"https:\/\/www.europesays.com\/fr\/wp-json\/wp\/v2\/users\/2"}],"replies":[{"embeddable":true,"href":"https:\/\/www.europesays.com\/fr\/wp-json\/wp\/v2\/comments?post=552772"}],"version-history":[{"count":0,"href":"https:\/\/www.europesays.com\/fr\/wp-json\/wp\/v2\/posts\/552772\/revisions"}],"wp:featuredmedia":[{"embeddable":true,"href":"https:\/\/www.europesays.com\/fr\/wp-json\/wp\/v2\/media\/552773"}],"wp:attachment":[{"href":"https:\/\/www.europesays.com\/fr\/wp-json\/wp\/v2\/media?parent=552772"}],"wp:term":[{"taxonomy":"category","embeddable":true,"href":"https:\/\/www.europesays.com\/fr\/wp-json\/wp\/v2\/categories?post=552772"},{"taxonomy":"post_tag","embeddable":true,"href":"https:\/\/www.europesays.com\/fr\/wp-json\/wp\/v2\/tags?post=552772"}],"curies":[{"name":"wp","href":"https:\/\/api.w.org\/{rel}","templated":true}]}}