{"id":552781,"date":"2025-11-23T06:06:44","date_gmt":"2025-11-23T06:06:44","guid":{"rendered":"https:\/\/www.europesays.com\/fr\/552781\/"},"modified":"2025-11-23T06:06:44","modified_gmt":"2025-11-23T06:06:44","slug":"avignon-la-procureure-de-la-republique-florence-galtier-nommee-avocate-generale-a-montpellier","status":"publish","type":"post","link":"https:\/\/www.europesays.com\/fr\/552781\/","title":{"rendered":"Avignon. La procureure de la R\u00e9publique Florence Galtier nomm\u00e9e avocate g\u00e9n\u00e9rale \u00e0 Montpellier"},"content":{"rendered":"<p>Arriv\u00e9e dans la cit\u00e9 des papes en d\u00e9but d\u2019ann\u00e9e 2022, la procureure de la R\u00e9publique Florence Galtier quittera son bureau au palais de justice d\u2019Avignon dans quelques jours pour prendre ses nouvelles fonctions d\u00e8s le 28\u00a0novembre prochain.<\/p>\n<p>Ancienne procureure de Carcassonne, elle vient d\u2019\u00eatre nomm\u00e9e avocate g\u00e9n\u00e9rale \u00e0 la cour d\u2019appel de Montpellier.\u00a0Magistrate depuis plus de dix ans, Florence Galtier a vu son passage en Vaucluse marqu\u00e9e notamment par deux affaires retentissantes, la mort du policier Eric Masson en mars\u00a02021 et le proc\u00e8s qui s\u2019ensuivra, ainsi que l\u2019affaire des viols de Mazan et le proc\u00e8s devant la cour criminelle d\u00e9partementale de Vaucluse entre septembre et d\u00e9cembre\u00a02024.<\/p>\n<p>Elle sera remplac\u00e9e par St\u00e9phanie Loreau-Aouine, procureure de la R\u00e9publique d\u2019Angoul\u00eame, pour quelques jours encore.<\/p>\n","protected":false},"excerpt":{"rendered":"Arriv\u00e9e dans la cit\u00e9 des papes en d\u00e9but d\u2019ann\u00e9e 2022, la procureure de la R\u00e9publique Florence Galtier quittera&hellip;\n","protected":false},"author":2,"featured_media":552782,"comment_status":"","ping_status":"","sticky":false,"template":"","format":"standard","meta":{"footnotes":""},"categories":[9599],"tags":[1111,11,6184,6185,3859,1777,674,274,1011,27,2208,12,2680,25,4520],"class_list":{"0":"post-552781","1":"post","2":"type-post","3":"status-publish","4":"format-standard","5":"has-post-thumbnail","7":"category-montpellier","8":"tag-actu","9":"tag-actualites","10":"tag-avignon","11":"tag-avignon-bassin","12":"tag-edition-provencale","13":"tag-eu","14":"tag-europe","15":"tag-faits-divers-justice","16":"tag-fr","17":"tag-france","18":"tag-montpellier","19":"tag-news","20":"tag-occitanie","21":"tag-republique-francaise","22":"tag-vaucluse"},"share_on_mastodon":{"url":"https:\/\/pubeurope.com\/@fr\/115597514080044962","error":""},"_links":{"self":[{"href":"https:\/\/www.europesays.com\/fr\/wp-json\/wp\/v2\/posts\/552781","targetHints":{"allow":["GET"]}}],"collection":[{"href":"https:\/\/www.europesays.com\/fr\/wp-json\/wp\/v2\/posts"}],"about":[{"href":"https:\/\/www.europesays.com\/fr\/wp-json\/wp\/v2\/types\/post"}],"author":[{"embeddable":true,"href":"https:\/\/www.europesays.com\/fr\/wp-json\/wp\/v2\/users\/2"}],"replies":[{"embeddable":true,"href":"https:\/\/www.europesays.com\/fr\/wp-json\/wp\/v2\/comments?post=552781"}],"version-history":[{"count":0,"href":"https:\/\/www.europesays.com\/fr\/wp-json\/wp\/v2\/posts\/552781\/revisions"}],"wp:featuredmedia":[{"embeddable":true,"href":"https:\/\/www.europesays.com\/fr\/wp-json\/wp\/v2\/media\/552782"}],"wp:attachment":[{"href":"https:\/\/www.europesays.com\/fr\/wp-json\/wp\/v2\/media?parent=552781"}],"wp:term":[{"taxonomy":"category","embeddable":true,"href":"https:\/\/www.europesays.com\/fr\/wp-json\/wp\/v2\/categories?post=552781"},{"taxonomy":"post_tag","embeddable":true,"href":"https:\/\/www.europesays.com\/fr\/wp-json\/wp\/v2\/tags?post=552781"}],"curies":[{"name":"wp","href":"https:\/\/api.w.org\/{rel}","templated":true}]}}