{"id":552786,"date":"2025-11-23T06:10:12","date_gmt":"2025-11-23T06:10:12","guid":{"rendered":"https:\/\/www.europesays.com\/fr\/552786\/"},"modified":"2025-11-23T06:10:12","modified_gmt":"2025-11-23T06:10:12","slug":"un-detenu-de-la-prison-de-grenoble-varces-passe-a-tabac-a-cause-de-sa-musique-ses-agresseurs-condamnes","status":"publish","type":"post","link":"https:\/\/www.europesays.com\/fr\/552786\/","title":{"rendered":"Un d\u00e9tenu de la prison de Grenoble-Varces pass\u00e9 \u00e0 tabac \u00e0 cause de sa musique : ses agresseurs condamn\u00e9s"},"content":{"rendered":"<p>\n\t\t\t\t\t\t\t\t\t\t\t\t\t23 Novembre 2025\n\t\t\t\t\t\t\t\t\t\t\t\t<\/p>\n<p>\t\t\t\t\t\t\t\t\t\t\t<img decoding=\"async\" src=\"https:\/\/www.europesays.com\/fr\/wp-content\/uploads\/2025\/11\/1280x720_69221aaf634cd-54475051743-3a0e6d1610-o.jpg\" alt=\"Un d\u00e9tenu de la prison de Grenoble-Varces pass\u00e9 \u00e0 tabac \u00e0 cause de sa musique : ses agresseurs condamn\u00e9s\" title=\"Un d\u00e9tenu de la prison de Grenoble-Varces pass\u00e9 \u00e0 tabac \u00e0 cause de sa musique : ses agresseurs condamn\u00e9s\" width=\"1280\" height=\"720\" class=\"img-fluid  mb-3\" loading=\"lazy\"\/>\t\t\t\t\t\t\t\t\t\t\t<\/p>\n<p>\t\t\t\t\t\t\t<a href=\"#comments\"\/><\/p>\n<p itemprop=\"description\"><strong>Deux individus \u00e9taient jug\u00e9s \u00e0 Grenoble vendredi.<\/strong><\/p>\n<p>\t\t\t\t\tLeur tort ? Avoir pass\u00e9 \u00e0 tabac un autre d\u00e9tenu de la prison de Varces le 19 ao\u00fbt dernier parce\u2026\t\t\t\t\t\t\t\t\t\t\t\t\t\t\t\t\t\t\t\t\t\t<\/p>\n<p><a class=\"trans-button\" href=\"https:\/\/www.grenoblemag.com\/article\/2280\/un-detenu-de-la-prison-de-grenoble-varces-passe-a-tabac-a-cause-de-sa-musique-ses-agresseurs-condamnes\" title=\"Un d\u00e9tenu de la prison de Grenoble-Varces pass\u00e9 \u00e0 tabac \u00e0 cause de sa musique : ses agresseurs condamn\u00e9s\" target=\"_blank\" rel=\"noopener\"><br \/>\n\t\t\t\t\t\t\t\tLire la suite de l&rsquo;article sur Grenoblemag \u00bb<br \/>\n\t\t\t\t\t\t\t<\/a>\n\t\t\t\t\t\t\t\t\t<\/p>\n<p>\t\t\t<strong>Partager :<\/strong><\/p>\n<p>\t\t\t\t  \t<a class=\"\" href=\"https:\/\/www.facebook.com\/sharer\/sharer.php?u=https:\/\/grandgrenoble.alpes1.com\/news\/locales\/28883\/un-detenu-de-la-prison-de-grenoble-varces-passe-a-tabac-a-cause-de-sa-musique-ses-agresseurs-condamnes\" data-url=\"https:\/\/grandgrenoble.alpes1.com\/news\/locales\/28883\/un-detenu-de-la-prison-de-grenoble-varces-passe-a-tabac-a-cause-de-sa-musique-ses-agresseurs-condamnes\" target=\"_blank\" aria-label=\"Partager sur Facebook\" rel=\"noopener\"><\/a><br \/>\n\t\t\t\t  \t<a class=\"\" href=\"https:\/\/x.com\/share?text=Un+d%C3%A9tenu+de+la+prison+de+Grenoble-Varces+pass%C3%A9+%C3%A0+tabac+%C3%A0+cause+de+sa+musique+%3A+ses+agresseurs+condamn%C3%A9s&amp;url=https:\/\/grandgrenoble.alpes1.com\/news\/locales\/28883\/un-detenu-de-la-prison-de-grenoble-varces-passe-a-tabac-a-cause-de-sa-musique-ses-agresseurs-condamnes&amp;via=alpes1\" data-url=\"https:\/\/grandgrenoble.alpes1.com\/news\/locales\/28883\/un-detenu-de-la-prison-de-grenoble-varces-passe-a-tabac-a-cause-de-sa-musique-ses-agresseurs-condamnes\" data-via=\"alpes1\" data-text=\"Un d\u00e9tenu de la prison de Grenoble-Varces pass\u00e9 \u00e0 tabac \u00e0 cause de sa musique : ses agresseurs condamn\u00e9s\" target=\"_blank\" aria-label=\"Partager sur Twitter\"><\/a><br \/>\n          \t\t\t<a href=\"https:\/\/grandgrenoble.alpes1.com\/news\/locales\/28883\/javascript:;\" class=\"\" onclick=\"if (!window.__cfRLUnblockHandlers) return false; window.open(&#039;https:\/\/pinterest.com\/pin\/create\/button\/?url=https:\/\/grandgrenoble.alpes1.com\/news\/locales\/28883\/un-detenu-de-la-prison-de-grenoble-varces-passe-a-tabac-a-cause-de-sa-musique-ses-agresseurs-condamnes&amp;media=https:\/\/grandgrenoble.alpes1.com\/media\/news\/69221aaf634cd-54475051743-3a0e6d1610-o.jpg&amp;description=Un+d%C3%A9tenu+de+la+prison+de+Grenoble-Varces+pass%C3%A9+%C3%A0+tabac+%C3%A0+cause+de+sa+musique+%3A+ses+agresseurs+condamn%C3%A9s&#039;, &#039;pinterestShare&#039;, &#039;width=750,height=350&#039;); return false;\" title=\"Partager cet article sur Pinterest\" data-cf-modified-912a4dcbbb8e94e3bdd27801-=\"\" target=\"_blank\" rel=\"noopener\"><br \/>\n          \t\t\t\t<\/a><br \/>\n         \t\t\t<a href=\"https:\/\/grandgrenoble.alpes1.com\/news\/locales\/28883\/javascript:;\" class=\"\" onclick=\"if (!window.__cfRLUnblockHandlers) return false; window.open(&#039;https:\/\/api.whatsapp.com\/send?text=Un+d%C3%A9tenu+de+la+prison+de+Grenoble-Varces+pass%C3%A9+%C3%A0+tabac+%C3%A0+cause+de+sa+musique+%3A+ses+agresseurs+condamn%C3%A9s+https%3A%2F%2Fgrandgrenoble.alpes1.com%2Fnews%2Flocales%2F28883%2Fun-detenu-de-la-prison-de-grenoble-varces-passe-a-tabac-a-cause-de-sa-musique-ses-agresseurs-condamnes&#039;, &#039;whatsappShare&#039;, &#039;width=626,height=436&#039;); return false;\" title=\"Envoyer cet article sur WhatsApp\" data-cf-modified-912a4dcbbb8e94e3bdd27801-=\"\" target=\"_blank\" rel=\"noopener\"><br \/>\n          \t\t\t\t<\/a><br \/>\n\t\t\t\t\t\t\t\t\t\t<a href=\"http:\/\/grandgrenoble.alpes1.com\/cdn-cgi\/l\/email-protection#427d313720282721367f032e3227316273626f62172c622681eb36272c37622627622e236232302b312d2c622627620530272c2d202e276f142330212731623223313181eb6281e26236232023216281e2622123373127622627623123622f37312b333727627862312731622325302731312737303162212d2c26232f2c81eb3164202d263b7f002d2c282d37306e67720367720362142d2b212b62372c622330362b212e27622b2c3681eb30273131232c366281e2622681eb212d3734302b306278622a36363231786d6d2530232c262530272c2d202e276c232e322731736c212d2f6d2c2735316d2e2d21232e27316d707a7a7a716d372c6f262736272c376f26276f2e236f32302b312d2c6f26276f2530272c2d202e276f3423302127316f32233131276f236f36232023216f236f21233731276f26276f31236f2f37312b3337276f3127316f232530273131273730316f212d2c26232f2c2731\" class=\"\" target=\"_blank\" rel=\"noopener\"><\/p>\n<p>\t\t\t\t\t<\/a><\/p>\n","protected":false},"excerpt":{"rendered":"23 Novembre 2025 Deux individus \u00e9taient jug\u00e9s \u00e0 Grenoble vendredi. Leur tort ? Avoir pass\u00e9 \u00e0 tabac un&hellip;\n","protected":false},"author":2,"featured_media":552787,"comment_status":"","ping_status":"","sticky":false,"template":"","format":"standard","meta":{"footnotes":""},"categories":[9566],"tags":[1111,66200,11,7733,66196,66213,66211,8279,2430,650,7734,66204,1777,674,66207,1011,27,66206,2731,66203,66201,4662,66212,66209,66202,12,1825,66205,66197,66198,66199,25,66208,66210],"class_list":{"0":"post-552786","1":"post","2":"type-post","3":"status-publish","4":"format-standard","5":"has-post-thumbnail","7":"category-grenoble","8":"tag-actu","9":"tag-actualite-grenoble","10":"tag-actualites","11":"tag-alpes","12":"tag-alpes-1-grenoble","13":"tag-alpes-de-hautes-provence-et-hautes-alpes","14":"tag-alpes-de-huez","15":"tag-alpes1","16":"tag-auvergne-rhone-alpes","17":"tag-cinema","18":"tag-ecoute","19":"tag-ecouter-alpes-1-grenoble","20":"tag-eu","21":"tag-europe","22":"tag-evenements-grenoble","23":"tag-fr","24":"tag-france","25":"tag-frequence-alpes-1-grenoble","26":"tag-grenoble","27":"tag-hits-grenoble","28":"tag-info-grenoble","29":"tag-journal","30":"tag-les-2-alpes","31":"tag-meteo-grenoble","32":"tag-musique-grenoble","33":"tag-news","34":"tag-radio","35":"tag-radio-en-ligne-grenoble","36":"tag-radio-grenoble","37":"tag-radio-isere","38":"tag-radio-locale-grenoble","39":"tag-republique-francaise","40":"tag-sorties-grenoble","41":"tag-trafic-grenoble"},"share_on_mastodon":{"url":"","error":"Validation failed: Text character limit of 500 exceeded"},"_links":{"self":[{"href":"https:\/\/www.europesays.com\/fr\/wp-json\/wp\/v2\/posts\/552786","targetHints":{"allow":["GET"]}}],"collection":[{"href":"https:\/\/www.europesays.com\/fr\/wp-json\/wp\/v2\/posts"}],"about":[{"href":"https:\/\/www.europesays.com\/fr\/wp-json\/wp\/v2\/types\/post"}],"author":[{"embeddable":true,"href":"https:\/\/www.europesays.com\/fr\/wp-json\/wp\/v2\/users\/2"}],"replies":[{"embeddable":true,"href":"https:\/\/www.europesays.com\/fr\/wp-json\/wp\/v2\/comments?post=552786"}],"version-history":[{"count":0,"href":"https:\/\/www.europesays.com\/fr\/wp-json\/wp\/v2\/posts\/552786\/revisions"}],"wp:featuredmedia":[{"embeddable":true,"href":"https:\/\/www.europesays.com\/fr\/wp-json\/wp\/v2\/media\/552787"}],"wp:attachment":[{"href":"https:\/\/www.europesays.com\/fr\/wp-json\/wp\/v2\/media?parent=552786"}],"wp:term":[{"taxonomy":"category","embeddable":true,"href":"https:\/\/www.europesays.com\/fr\/wp-json\/wp\/v2\/categories?post=552786"},{"taxonomy":"post_tag","embeddable":true,"href":"https:\/\/www.europesays.com\/fr\/wp-json\/wp\/v2\/tags?post=552786"}],"curies":[{"name":"wp","href":"https:\/\/api.w.org\/{rel}","templated":true}]}}