{"id":552788,"date":"2025-11-23T06:11:17","date_gmt":"2025-11-23T06:11:17","guid":{"rendered":"https:\/\/www.europesays.com\/fr\/552788\/"},"modified":"2025-11-23T06:11:17","modified_gmt":"2025-11-23T06:11:17","slug":"un-detenu-de-la-prison-de-grenoble-varces-passe-a-tabac-a-cause-de-sa-musique-ses-agresseurs-condamnes-2","status":"publish","type":"post","link":"https:\/\/www.europesays.com\/fr\/552788\/","title":{"rendered":"Un d\u00e9tenu de la prison de Grenoble-Varces pass\u00e9 \u00e0 tabac \u00e0 cause de sa musique : ses agresseurs condamn\u00e9s"},"content":{"rendered":"<p itemprop=\"description\"><strong>Deux individus \u00e9taient jug\u00e9s \u00e0 Grenoble vendredi.<\/strong><\/p>\n<p>Leur tort ? Avoir pass\u00e9 \u00e0 tabac un autre d\u00e9tenu de la prison de Varces le 19 ao\u00fbt dernier parce que ce dernier \u00e9coutait de la musique trop forte toute la nuit.<\/p>\n<p>Les pr\u00e9venus ont reconnu les faits, expliquant regretter l&rsquo;intensit\u00e9 de la \u00ab\u00a0le\u00e7on\u00a0\u00bb donn\u00e9e \u00e0 celui qui les emp\u00eachait de dormir.<\/p>\n<p>Le d\u00e9tenu le plus violent a \u00e9cop\u00e9 de 18 mois ferme, le second de 12 mois ferme.<\/p>\n<p>A noter que deux autres agresseurs avaient d\u00e9j\u00e0 \u00e9t\u00e9 jug\u00e9s et condamn\u00e9s dans cette affaire, respectivement \u00e0 6 mois ferme et 3 mois avec sursis.<\/p>\n","protected":false},"excerpt":{"rendered":"Deux individus \u00e9taient jug\u00e9s \u00e0 Grenoble vendredi. Leur tort ? Avoir pass\u00e9 \u00e0 tabac un autre d\u00e9tenu de&hellip;\n","protected":false},"author":2,"featured_media":552787,"comment_status":"","ping_status":"","sticky":false,"template":"","format":"standard","meta":{"footnotes":""},"categories":[9566],"tags":[1111,11,2813,2430,1109,251,1112,2811,1777,674,118,1011,27,21780,2731,14004,1922,1110,1114,108,12,316,25,2812,517,800],"class_list":{"0":"post-552788","1":"post","2":"type-post","3":"status-publish","4":"format-standard","5":"has-post-thumbnail","7":"category-grenoble","8":"tag-actu","9":"tag-actualites","10":"tag-article","11":"tag-auvergne-rhone-alpes","12":"tag-breves","13":"tag-culture","14":"tag-depeches","15":"tag-economique","16":"tag-eu","17":"tag-europe","18":"tag-faits-divers","19":"tag-fr","20":"tag-france","21":"tag-gf38","22":"tag-grenoble","23":"tag-grenoblemag","24":"tag-info","25":"tag-informations","26":"tag-infos","27":"tag-isere","28":"tag-news","29":"tag-politique","30":"tag-republique-francaise","31":"tag-sociale","32":"tag-sport","33":"tag-transports"},"share_on_mastodon":{"url":"https:\/\/pubeurope.com\/@fr\/115597534430570277","error":""},"_links":{"self":[{"href":"https:\/\/www.europesays.com\/fr\/wp-json\/wp\/v2\/posts\/552788","targetHints":{"allow":["GET"]}}],"collection":[{"href":"https:\/\/www.europesays.com\/fr\/wp-json\/wp\/v2\/posts"}],"about":[{"href":"https:\/\/www.europesays.com\/fr\/wp-json\/wp\/v2\/types\/post"}],"author":[{"embeddable":true,"href":"https:\/\/www.europesays.com\/fr\/wp-json\/wp\/v2\/users\/2"}],"replies":[{"embeddable":true,"href":"https:\/\/www.europesays.com\/fr\/wp-json\/wp\/v2\/comments?post=552788"}],"version-history":[{"count":0,"href":"https:\/\/www.europesays.com\/fr\/wp-json\/wp\/v2\/posts\/552788\/revisions"}],"wp:featuredmedia":[{"embeddable":true,"href":"https:\/\/www.europesays.com\/fr\/wp-json\/wp\/v2\/media\/552787"}],"wp:attachment":[{"href":"https:\/\/www.europesays.com\/fr\/wp-json\/wp\/v2\/media?parent=552788"}],"wp:term":[{"taxonomy":"category","embeddable":true,"href":"https:\/\/www.europesays.com\/fr\/wp-json\/wp\/v2\/categories?post=552788"},{"taxonomy":"post_tag","embeddable":true,"href":"https:\/\/www.europesays.com\/fr\/wp-json\/wp\/v2\/tags?post=552788"}],"curies":[{"name":"wp","href":"https:\/\/api.w.org\/{rel}","templated":true}]}}