{"id":552790,"date":"2025-11-23T06:13:16","date_gmt":"2025-11-23T06:13:16","guid":{"rendered":"https:\/\/www.europesays.com\/fr\/552790\/"},"modified":"2025-11-23T06:13:16","modified_gmt":"2025-11-23T06:13:16","slug":"on-a-perdu-cette-image-austere-comment-la-pratique-des-echecs-a-explose-a-rennes","status":"publish","type":"post","link":"https:\/\/www.europesays.com\/fr\/552790\/","title":{"rendered":"\u00ab\u00a0On a perdu cette image aust\u00e8re\u00a0\u00bb\u00a0: comment la pratique des \u00e9checs a explos\u00e9 \u00e0 Rennes"},"content":{"rendered":"<p>\u00ab Moi ce que j\u2019aime dans les \u00e9checs, c\u2019est le combat \u00bb. Ce samedi matin de novembre, une cinquantaine de comp\u00e9titeurs se sont donn\u00e9s rendez-vous dans les locaux du Cercle Paul Bert, \u00e0 Rennes. Des joueurs de tout \u00e2ge, class\u00e9s par groupe de niveau, s\u2019affrontent dans le cadre du tournoi d\u2019\u00e9checs mensuel du club.<\/p>\n<p>Apprentissage de la frustration<\/p>\n<p>\u00ab Cela permet d\u2019affronter des gens que l\u2019on ne conna\u00eet pas \u00bb, explique Hugo, 12 ans. \u00ab Et dont on ignore les coups. C\u2019est une surprise permanente. Quand on affronte des gens de son club, on conna\u00eet leurs coups favoris. Je sais par exemple que celui de Marc, c\u2019est le coup du berger \u00bb. \u00c0 ses c\u00f4t\u00e9s, son copain Marc, 9 ans, rigole : \u00ab C\u2019est vrai que c\u2019est mon coup favori \u00bb.<\/p>\n<p>\u00c0 quelques tables de l\u00e0, les sourires laissent place \u00e0 la frustration. Dans les bras de son p\u00e8re, Virgil, 7 ans, ne s\u2019est pas remis de sa d\u00e9faite. \u00ab Oui, perdre c\u2019est dur. Mais n\u2019abandonne pas pour autant. Il faut recommencer. Est-ce que tu veux t\u2019entra\u00eener un peu avec moi ? \u00bb<\/p>\n<p>Un jeu d\u00e9-ringardis\u00e9<\/p>\n<p>Maryse, une autre participante, intervient : \u00ab La l\u00e9gende dit qu\u2019un joueur d\u2019\u00e9checs qui vient de perdre a le sourire. \u00c0 l\u2019inverse de celui qui vient de gagner\u2026 car il n\u2019\u00e9crase pas son adversaire. Dans les deux cas, il se comporte en gentleman \u00bb.<\/p>\n<p><img decoding=\"async\" src=\"https:\/\/www.europesays.com\/fr\/wp-content\/uploads\/2025\/11\/691f01b35c25ce64ef066902.1.jpeg\" width=\"480\" height=\"300\" class=\"web_golden_m\" loading=\"lazy\" alt=\"L\u2019\u00e9v\u00e9nement Tout Rennes Mat a attir\u00e9 plus de 1\u00a0500 curieux \u00e0 Rennes.\"\/>L\u2019\u00e9v\u00e9nement Tout Rennes Mat a attir\u00e9 plus de 1\u00a0500 curieux \u00e0 Rennes. (Cl\u00e9ment Limouse)<\/p>\n<p>Encore consid\u00e9r\u00e9 comme un jeu ringard il y a quelques ann\u00e9es, les \u00e9checs ont retrouv\u00e9 leurs lettres de noblesse. En atteste le succ\u00e8s de l\u2019\u00e9v\u00e9nement Tout Rennes Mat, organis\u00e9 en septembre dernier sur la Place du Parlement de Bretagne. \u00ab On a perdu l\u2019image aust\u00e8re qu\u2019on attribue au jeu \u00bb, souffle Cl\u00e9ment Limouse, pr\u00e9sident sortant du club Rennes \u00c9checs, organisateur de cet \u00e9v\u00e9nement gratuit et ouvert \u00e0 tous. V\u00e9ritable succ\u00e8s populaire, le rendez-vous avait attir\u00e9 plus de 1500 curieux sur la journ\u00e9e pour sa troisi\u00e8me \u00e9dition.<\/p>\n<p>Boom des inscriptions<\/p>\n<p>Et l\u2019int\u00e9r\u00eat grandissant du public se concr\u00e9tise aussi avec une augmentation des licenci\u00e9s dans les clubs. \u00ab On est pass\u00e9 de 20 adh\u00e9rents \u00e0 quasiment 130 en cinq ans \u00bb, confirme Cl\u00e9ment Limouse. \u00ab Il y a eu une effervescence au moment du COVID, les gens ont pris le temps de red\u00e9couvrir le jeu \u00bb. Un regain qui co\u00efncide \u00e9galement avec la diffusion de la s\u00e9rie Le Jeu de la Dame qui a connu un succ\u00e8s retentissant sur Netflix.<\/p>\n<p>Dans le m\u00eame temps, la F\u00e9d\u00e9ration Fran\u00e7aise des \u00c9checs a lanc\u00e9 le programme Class\u2019\u00c9checs en 2022, un dispositif scolaire visant \u00e0 initier 250 000 enfants sur trois ans, gr\u00e2ce \u00e0 l\u2019aide des professeurs des \u00e9coles. Un programme qui semble porter ses fruits, puisqu\u2019un licenci\u00e9 sur deux est aujourd\u2019hui \u00e2g\u00e9 de moins de 18 ans. \u00ab \u00c7a s\u2019est d\u00e9mocratis\u00e9 aussi via les influenceurs comme Julien Song (735 000 abonn\u00e9s sur YouTube, NDLR), \u00bb confirme Cl\u00e9ment Limouse. \u00ab Ils ont r\u00e9ussi \u00e0 d\u00e9poussi\u00e9rer le jeu en proposant des nouveaux formats adapt\u00e9s \u00e0 un public plus jeune \u00bb.<\/p>\n<p>Encore peu pris\u00e9 par les femmes<\/p>\n<p>Malgr\u00e9 une popularit\u00e9 nouvelle, la mixit\u00e9 reste un d\u00e9fi pour les \u00e9checs. \u00ab On essaie de promouvoir la pratique f\u00e9minine en leur permettant directement de participer aux comp\u00e9titions d\u00e9partementales \u00bb, explique Maryse, cheville ouvri\u00e8re du club d\u2019\u00e9checs du Cercle Paul-Bert.<\/p>\n<\/p>\n<p>\u00ab Le probl\u00e8me est que les filles qui ont commenc\u00e9 souvent plus tard, perdent d\u2019embl\u00e9e dans ces comp\u00e9titions et se d\u00e9couragent \u00bb. Toutefois, la situation \u00e9volue : le club Rennes \u00c9checs a, par exemple, cr\u00e9\u00e9 sa toute premi\u00e8re \u00e9quipe 100 % f\u00e9minine cette ann\u00e9e. De quoi esp\u00e9rer le lancement d\u2019une dynamique nouvelle.<\/p>\n","protected":false},"excerpt":{"rendered":"\u00ab Moi ce que j\u2019aime dans les \u00e9checs, c\u2019est le combat \u00bb. Ce samedi matin de novembre, une&hellip;\n","protected":false},"author":2,"featured_media":552791,"comment_status":"","ping_status":"","sticky":false,"template":"","format":"standard","meta":{"footnotes":""},"categories":[2821],"tags":[1111,11,829,1777,674,1011,27,848,12,584,25],"class_list":{"0":"post-552790","1":"post","2":"type-post","3":"status-publish","4":"format-standard","5":"has-post-thumbnail","7":"category-rennes","8":"tag-actu","9":"tag-actualites","10":"tag-bretagne","11":"tag-eu","12":"tag-europe","13":"tag-fr","14":"tag-france","15":"tag-ille-et-vilaine","16":"tag-news","17":"tag-rennes","18":"tag-republique-francaise"},"share_on_mastodon":{"url":"https:\/\/pubeurope.com\/@fr\/115597542963705556","error":""},"_links":{"self":[{"href":"https:\/\/www.europesays.com\/fr\/wp-json\/wp\/v2\/posts\/552790","targetHints":{"allow":["GET"]}}],"collection":[{"href":"https:\/\/www.europesays.com\/fr\/wp-json\/wp\/v2\/posts"}],"about":[{"href":"https:\/\/www.europesays.com\/fr\/wp-json\/wp\/v2\/types\/post"}],"author":[{"embeddable":true,"href":"https:\/\/www.europesays.com\/fr\/wp-json\/wp\/v2\/users\/2"}],"replies":[{"embeddable":true,"href":"https:\/\/www.europesays.com\/fr\/wp-json\/wp\/v2\/comments?post=552790"}],"version-history":[{"count":0,"href":"https:\/\/www.europesays.com\/fr\/wp-json\/wp\/v2\/posts\/552790\/revisions"}],"wp:featuredmedia":[{"embeddable":true,"href":"https:\/\/www.europesays.com\/fr\/wp-json\/wp\/v2\/media\/552791"}],"wp:attachment":[{"href":"https:\/\/www.europesays.com\/fr\/wp-json\/wp\/v2\/media?parent=552790"}],"wp:term":[{"taxonomy":"category","embeddable":true,"href":"https:\/\/www.europesays.com\/fr\/wp-json\/wp\/v2\/categories?post=552790"},{"taxonomy":"post_tag","embeddable":true,"href":"https:\/\/www.europesays.com\/fr\/wp-json\/wp\/v2\/tags?post=552790"}],"curies":[{"name":"wp","href":"https:\/\/api.w.org\/{rel}","templated":true}]}}