{"id":552792,"date":"2025-11-23T06:14:15","date_gmt":"2025-11-23T06:14:15","guid":{"rendered":"https:\/\/www.europesays.com\/fr\/552792\/"},"modified":"2025-11-23T06:14:15","modified_gmt":"2025-11-23T06:14:15","slug":"strasbourg-un-tout-nouveau-parc-doit-voir-le-jour-dans-ce-quartier-ce-quil-faut-savoir","status":"publish","type":"post","link":"https:\/\/www.europesays.com\/fr\/552792\/","title":{"rendered":"Strasbourg. Un tout nouveau parc doit voir le jour dans ce quartier : ce qu&rsquo;il faut savoir"},"content":{"rendered":"<p>                    Par<br \/>\n        <strong><br \/>\n            <a href=\"https:\/\/actu.fr\/auteur\/ivan-capecchi\" title=\"Consulter tous les articles de Ivan CAPECCHI\" rel=\"nofollow noopener\" target=\"_blank\">Ivan CAPECCHI<\/a><br \/>\n                    <\/strong><\/p>\n<p>        Publi\u00e9 le<\/p>\n<p>            23 nov. 2025 \u00e0 7h02        <\/p>\n<p>D\u2019ici 2030, un tout nouveau <strong>parc<\/strong>, comprenant une <strong>aire de jeux<\/strong> et des <strong>agr\u00e8s sportifs<\/strong>, doit voir le jour au sein du <strong>quartier Archipel 2<\/strong>, au niveau du <strong>th\u00e9\u00e2tre du Maillon<\/strong> et du <strong>Rh\u00e9nus Sport<\/strong>.<\/p>\n<p>Des travaux r\u00e9alis\u00e9s en trois phases<\/p>\n<p class=\" wall-content\">Les <a href=\"https:\/\/actu.fr\/tag\/travaux\" rel=\"nofollow noopener\" target=\"_blank\">travaux<\/a> seront r\u00e9alis\u00e9s en trois phases.<\/p>\n<p class=\" wall-content\">La premi\u00e8re, \u00e9tal\u00e9e entre 2025 et 2026, concernera les <strong>abords du Maillon<\/strong> et la <strong>liaison depuis le boulevard de Dresde jusqu\u2019aux rives de l\u2019Aar<\/strong>.<\/p>\n<p class=\" wall-content\">La seconde, entre 2027 et 2028, les <strong>bosquets<\/strong> et <strong>aires de jeux le long des rives de l\u2019Aar<\/strong>.\u00a0<\/p>\n<p class=\" wall-content\">La derni\u00e8re, 2029-2030, les <strong>bords du canal et la prairie \u00e0 l\u2019est du Rh\u00e9nus Sport<\/strong>.<\/p>\n<p>    <img   decoding=\"async\" loading=\"lazy\" src=\"https:\/\/www.europesays.com\/fr\/wp-content\/uploads\/2025\/11\/parc-archipel-2-strasbourg-1-960x640.jpg\" alt=\"Le parc doit voir le jour pr\u00e8s du th\u00e9\u00e2tre du Maillon, \u00e0 Strasbourg.\" width=\"960\" height=\"640\"\/><br \/>\n    Le parc doit voir le jour pr\u00e8s du th\u00e9\u00e2tre du Maillon, \u00e0 Strasbourg. (\u00a9Ville et Eurom\u00e9tropole de Strasbourg)<\/p>\n<p>Votre r\u00e9gion, votre actu !<\/p>\n<p>Recevez chaque jour les infos qui comptent pour vous.<\/p>\n<p>\t<a href=\"https:\/\/actu.fr\/newsletter\" class=\"ac-btn ac-btn--corner ac-btn--medium ac-btn--blue800\" rel=\"nofollow noopener\" target=\"_blank\">S&rsquo;incrire<\/a><br \/>\n102 arbres plant\u00e9s dans le cadre de la 6e saison du plan Canop\u00e9e<\/p>\n<p class=\" wall-content\">Lors d\u2019une conf\u00e9rence de presse organis\u00e9e mardi, la Ville de Strasbourg a expliqu\u00e9 qu\u2019un tel parc n\u2019\u00e9tait pas pr\u00e9vu initialement.<\/p>\n<p class=\" wall-content\">C\u2019est parce qu\u2019elle a r\u00e9orient\u00e9 le <a href=\"https:\/\/actu.fr\/grand-est\/strasbourg_67482\/un-immense-quartier-en-construction-a-strasbourg-voici-ce-que-vous-retrouverez-sur-place_62884119.html\" rel=\"nofollow noopener\" target=\"_blank\">projet urbain Archipel 2<\/a>, au profit de plus d\u2019espaces verts notamment, qu\u2019elle a pu <strong>r\u00e9duire les emprises b\u00e2ties dans ce secteur<\/strong>.<\/p>\n<p class=\" wall-content\">Dans le cadre de la 6e saison du <strong>plan Canop\u00e9e<\/strong>, qui vise la <a href=\"https:\/\/actu.fr\/grand-est\/strasbourg_67482\/10-000-arbres-a-planter-a-strasbourg-d-ici-2030-ou-en-est-cette-promesse-de-la-mairie_62609478.html\" rel=\"nofollow noopener\" target=\"_blank\">plantation de 10 000 arbres suppl\u00e9mentaires d\u2019ici 2030<\/a>, 102 arbres seront plant\u00e9s sur le site de ce futur parc, sur pr\u00e8s de 800 au total.<\/p>\n<p class=\" wall-content\">Personnalisez votre actualit\u00e9 en ajoutant vos villes et m\u00e9dias en favori avec <a href=\"https:\/\/moncompte.actu.fr\" title=\"D\u00e9couvez Mon Actu\" rel=\"nofollow noopener\" data-trk=\"{&quot;cta&quot;:{&quot;action&quot;:&quot;https:\\\/\\\/moncompte.actu.fr&quot;,&quot;category&quot;:&quot;mon compte&quot;,&quot;from&quot;:&quot;article footer&quot;,&quot;name&quot;:&quot;Mon actu&quot;,&quot;type&quot;:&quot;cta&quot;}}\" target=\"_blank\">Mon Actu<\/a>.<\/p>\n","protected":false},"excerpt":{"rendered":"Par Ivan CAPECCHI Publi\u00e9 le 23 nov. 2025 \u00e0 7h02 D\u2019ici 2030, un tout nouveau parc, comprenant une&hellip;\n","protected":false},"author":2,"featured_media":552793,"comment_status":"","ping_status":"","sticky":false,"template":"","format":"standard","meta":{"footnotes":""},"categories":[2820],"tags":[1111,11,436,1777,674,1011,27,775,12,25,104,640,2086],"class_list":{"0":"post-552792","1":"post","2":"type-post","3":"status-publish","4":"format-standard","5":"has-post-thumbnail","7":"category-strasbourg","8":"tag-actu","9":"tag-actualites","10":"tag-environnement","11":"tag-eu","12":"tag-europe","13":"tag-fr","14":"tag-france","15":"tag-grand-est","16":"tag-news","17":"tag-republique-francaise","18":"tag-societe","19":"tag-strasbourg","20":"tag-travaux"},"share_on_mastodon":{"url":"https:\/\/pubeurope.com\/@fr\/115597546524853539","error":""},"_links":{"self":[{"href":"https:\/\/www.europesays.com\/fr\/wp-json\/wp\/v2\/posts\/552792","targetHints":{"allow":["GET"]}}],"collection":[{"href":"https:\/\/www.europesays.com\/fr\/wp-json\/wp\/v2\/posts"}],"about":[{"href":"https:\/\/www.europesays.com\/fr\/wp-json\/wp\/v2\/types\/post"}],"author":[{"embeddable":true,"href":"https:\/\/www.europesays.com\/fr\/wp-json\/wp\/v2\/users\/2"}],"replies":[{"embeddable":true,"href":"https:\/\/www.europesays.com\/fr\/wp-json\/wp\/v2\/comments?post=552792"}],"version-history":[{"count":0,"href":"https:\/\/www.europesays.com\/fr\/wp-json\/wp\/v2\/posts\/552792\/revisions"}],"wp:featuredmedia":[{"embeddable":true,"href":"https:\/\/www.europesays.com\/fr\/wp-json\/wp\/v2\/media\/552793"}],"wp:attachment":[{"href":"https:\/\/www.europesays.com\/fr\/wp-json\/wp\/v2\/media?parent=552792"}],"wp:term":[{"taxonomy":"category","embeddable":true,"href":"https:\/\/www.europesays.com\/fr\/wp-json\/wp\/v2\/categories?post=552792"},{"taxonomy":"post_tag","embeddable":true,"href":"https:\/\/www.europesays.com\/fr\/wp-json\/wp\/v2\/tags?post=552792"}],"curies":[{"name":"wp","href":"https:\/\/api.w.org\/{rel}","templated":true}]}}