{"id":552796,"date":"2025-11-23T06:17:15","date_gmt":"2025-11-23T06:17:15","guid":{"rendered":"https:\/\/www.europesays.com\/fr\/552796\/"},"modified":"2025-11-23T06:17:15","modified_gmt":"2025-11-23T06:17:15","slug":"une-premiere-hors-de-paris","status":"publish","type":"post","link":"https:\/\/www.europesays.com\/fr\/552796\/","title":{"rendered":"Une premi\u00e8re hors de Paris"},"content":{"rendered":"<p>                    Par<br \/>\n        <strong><br \/>\n            <a href=\"https:\/\/actu.fr\/auteur\/ugo-maillard\" title=\"Consulter tous les articles de Ugo Maillard\" target=\"_blank\" rel=\"noopener\">Ugo Maillard<\/a><br \/>\n                    <\/strong><\/p>\n<p>        Publi\u00e9 le<\/p>\n<p>            23 nov. 2025 \u00e0 6h24        <\/p>\n<p>Une arriv\u00e9e remarqu\u00e9e dans les all\u00e9es du centre commercial. Depuis le vendredi 14\u00a0novembre 2025, les clients de <strong>CAP 3000<\/strong>, situ\u00e9 \u00e0 Saint-Laurent-du-Var pr\u00e8s de <a href=\"https:\/\/actu.fr\/nice\/\" target=\"_blank\" rel=\"noopener\">Nice<\/a>, ont pu d\u00e9couvrir une nouvelle marque au sein des Galeries Lafayette.<\/p>\n<p>    <a href=\"https:\/\/www.google.com\/maps\/embed?pb=!1m18!1m12!1m3!1d4082.08480103212!2d7.194339949379053!3d43.65919735312641!2m3!1f0!2f0!3f0!3m2!1i1024!2i768!4f13.1!3m3!1m2!1s0x12cdd571a68aa12b%3A0x3bbfb3596b403085!2sCAP3000!5e0!3m2!1sfr!2sfr!4v1763393754588!5m2!1sfr!2sfr\" title=\"Ouvrie le lien\" target=\"_blank\" rel=\"noopener\">Cliquez ici pour visualiser le contenu<\/a><\/p>\n<p class=\" wall-content\">Il s\u2019agit de la marque de <strong>EviDenS de Beaut\u00e9\u00a0<\/strong>qui propose des produits cosm\u00e9tiques et de bien-\u00eatre.<\/p>\n<p>Un espace de 12 m\u00b2<\/p>\n<p class=\" wall-content\">\u00abC\u2019est une \u00e9tape importante dans le d\u00e9veloppement de la marque en France car c\u2019est la premi\u00e8re ouverture d\u2019EviDenS de Beaut\u00e9 en grand magasin en dehors de Paris\u2009\u00bb, se r\u00e9jouit la marque dans un communiqu\u00e9 transmis \u00e0 la r\u00e9daction d\u2019actu Nice.<\/p>\n<p class=\" wall-content\">La marque de produits cosm\u00e9tiques accueille ses clients dans un espace de 12 m\u00b2.<\/p>\n<blockquote class=\"ac-article-quote wall-content\">\n<p>Cet espace raffin\u00e9 ouvre les portes de l\u2019univers de la maison, o\u00f9 s\u2019entrelacent h\u00e9ritage<br \/>\naristocratique fran\u00e7ais et art du soin \u00e0 la crois\u00e9e des cultures franco-japonaises. Pens\u00e9 comme un v\u00e9ritable \u00e9crin, l\u2019espace de 12 m2 se pare des teintes embl\u00e9matiques de bleu encre de Chine et d\u2019or, signature d\u2019EviDenS de Beaut\u00e9. Chaque \u00e9l\u00e9ment de design a \u00e9t\u00e9 soigneusement imagin\u00e9 pour offrir une exp\u00e9rience beaut\u00e9 sensorielle inoubliable alliant sophistication, savoir-faire et exigence.<\/p>\n<p>    <strong>EviDenS de Beaut\u00e9<\/strong>\n            <\/p><\/blockquote>\n<p class=\" wall-content\">\u00ab\u2009Cette ouverture marque la volont\u00e9 de la maison de renforcer sa relation privil\u00e9gi\u00e9e avec une client\u00e8le fran\u00e7aise et internationale exigeante et illustre son expansion retail\u2009\u00bb, assure la direction d\u2019EviDenS de Beaut\u00e9.<\/p>\n<p>Votre r\u00e9gion, votre actu !<\/p>\n<p>Recevez chaque jour les infos qui comptent pour vous.<\/p>\n<p>\t<a href=\"https:\/\/actu.fr\/newsletter\" class=\"ac-btn ac-btn--corner ac-btn--medium ac-btn--blue800\" target=\"_blank\" rel=\"noopener\">S&rsquo;incrire<\/a><\/p>\n<p class=\" wall-content\">Fond\u00e9e en 2007 par Charles-Edouard Barthes EviDenS de Beaut\u00e9 est une maison de haute cosm\u00e9tique qui \u00ab\u2009conjugue la beaut\u00e9 high-tech du Japon \u00e0 l\u2019\u00e9l\u00e9gance fran\u00e7aise\u2009\u00bb.<\/p>\n<p class=\" wall-content\">Personnalisez votre actualit\u00e9 en ajoutant vos villes et m\u00e9dias en favori avec <a href=\"https:\/\/moncompte.actu.fr\" title=\"D\u00e9couvez Mon Actu\" rel=\"nofollow noopener\" data-trk=\"{&quot;cta&quot;:{&quot;action&quot;:&quot;https:\\\/\\\/moncompte.actu.fr&quot;,&quot;category&quot;:&quot;mon compte&quot;,&quot;from&quot;:&quot;article footer&quot;,&quot;name&quot;:&quot;Mon actu&quot;,&quot;type&quot;:&quot;cta&quot;}}\" target=\"_blank\">Mon Actu<\/a>.<\/p>\n","protected":false},"excerpt":{"rendered":"Par Ugo Maillard Publi\u00e9 le 23 nov. 2025 \u00e0 6h24 Une arriv\u00e9e remarqu\u00e9e dans les all\u00e9es du centre&hellip;\n","protected":false},"author":2,"featured_media":552797,"comment_status":"","ping_status":"","sticky":false,"template":"","format":"standard","meta":{"footnotes":""},"categories":[2819],"tags":[1111,11,215,1777,674,1011,27,1305,12,2401,3147,882,25],"class_list":{"0":"post-552796","1":"post","2":"type-post","3":"status-publish","4":"format-standard","5":"has-post-thumbnail","7":"category-nice","8":"tag-actu","9":"tag-actualites","10":"tag-commerce","11":"tag-eu","12":"tag-europe","13":"tag-fr","14":"tag-france","15":"tag-lifestyle","16":"tag-news","17":"tag-nice","18":"tag-nouveaux-commerces","19":"tag-provence-alpes-cote-dazur","20":"tag-republique-francaise"},"share_on_mastodon":{"url":"https:\/\/pubeurope.com\/@fr\/115597557473240580","error":""},"_links":{"self":[{"href":"https:\/\/www.europesays.com\/fr\/wp-json\/wp\/v2\/posts\/552796","targetHints":{"allow":["GET"]}}],"collection":[{"href":"https:\/\/www.europesays.com\/fr\/wp-json\/wp\/v2\/posts"}],"about":[{"href":"https:\/\/www.europesays.com\/fr\/wp-json\/wp\/v2\/types\/post"}],"author":[{"embeddable":true,"href":"https:\/\/www.europesays.com\/fr\/wp-json\/wp\/v2\/users\/2"}],"replies":[{"embeddable":true,"href":"https:\/\/www.europesays.com\/fr\/wp-json\/wp\/v2\/comments?post=552796"}],"version-history":[{"count":0,"href":"https:\/\/www.europesays.com\/fr\/wp-json\/wp\/v2\/posts\/552796\/revisions"}],"wp:featuredmedia":[{"embeddable":true,"href":"https:\/\/www.europesays.com\/fr\/wp-json\/wp\/v2\/media\/552797"}],"wp:attachment":[{"href":"https:\/\/www.europesays.com\/fr\/wp-json\/wp\/v2\/media?parent=552796"}],"wp:term":[{"taxonomy":"category","embeddable":true,"href":"https:\/\/www.europesays.com\/fr\/wp-json\/wp\/v2\/categories?post=552796"},{"taxonomy":"post_tag","embeddable":true,"href":"https:\/\/www.europesays.com\/fr\/wp-json\/wp\/v2\/tags?post=552796"}],"curies":[{"name":"wp","href":"https:\/\/api.w.org\/{rel}","templated":true}]}}