{"id":552810,"date":"2025-11-23T06:24:17","date_gmt":"2025-11-23T06:24:17","guid":{"rendered":"https:\/\/www.europesays.com\/fr\/552810\/"},"modified":"2025-11-23T06:24:17","modified_gmt":"2025-11-23T06:24:17","slug":"voici-les-previsions-meteo-a-toulouse-et-en-occitanie-ce-dimanche","status":"publish","type":"post","link":"https:\/\/www.europesays.com\/fr\/552810\/","title":{"rendered":"voici les pr\u00e9visions m\u00e9t\u00e9o \u00e0 Toulouse et en Occitanie ce dimanche"},"content":{"rendered":"<p>                    Par<br \/>\n        <strong><br \/>\n            <a href=\"https:\/\/actu.fr\/auteur\/mareva-laville-actu-fr\" title=\"Consulter tous les articles de Mar\u00e9va Laville\" rel=\"nofollow noopener\" target=\"_blank\">Mar\u00e9va Laville<\/a><br \/>\n                    <\/strong><\/p>\n<p>        Publi\u00e9 le<\/p>\n<p>            23 nov. 2025 \u00e0 7h02        <\/p>\n<p>Bien que les temp\u00e9ratures remontent un peu, la fra\u00eecheur restera de mise ce dimanche 23\u00a0novembre 2025. \u00c0 <a href=\"http:\/\/www.actu.fr\/toulouse\" rel=\"nofollow noopener\" target=\"_blank\">Toulouse<\/a>, <strong>il fera 9\u00b0C le matin et 13\u00b0C l\u2019apr\u00e8s-midi.<\/strong> Mais c\u2019est surtout au <strong>vent<\/strong> que l\u2019on devra cette mauvaise sensation de froid humide. Des rafales allant jusqu\u2019\u00e0 <strong>45\u00a0km\/h<\/strong> se combineront aux<strong> faibles averses de pluie<\/strong>, tout au long de la journ\u00e9e.<\/p>\n<p class=\" wall-content\">Il n\u2019y a que pendant la soir\u00e9e qu\u2019une petite accalmie pourrait s\u2019entrevoir\u2026 Avant de repartir de plus belle durant la nuit. Une bonne raison de rester au chaud chez soi, comme un v\u00e9ritable dimanche.<\/p>\n<p>    <img   decoding=\"async\" loading=\"lazy\" src=\"https:\/\/static.actu.fr\/uploads\/2025\/11\/dimanche23-toulouse1-960x585.png\" alt=\"Voici les pr\u00e9visions m\u00e9t\u00e9o pour ce dimanche \u00e0 Toulouse.\" width=\"960\" height=\"585\"\/><br \/>\n    Voici les pr\u00e9visions m\u00e9t\u00e9o pour ce dimanche \u00e0 Toulouse. (\u00a9Capture d\u2019\u00e9cran M\u00e9t\u00e9o France)Et en Occitanie\u2009?<\/p>\n<p class=\" wall-content\">La neige tomb\u00e9e r\u00e9cemment au sud de la r\u00e9gion <a href=\"http:\/\/www.actu.fr\/occitanie\" rel=\"nofollow noopener\" target=\"_blank\">d\u2019Occitanie<\/a> se transformera en pluie, \u00e0 la fin du week-end. Dimanche 23\u00a0novembre 2025 sera bel et bien rythm\u00e9 par les <strong>averses<\/strong>.<\/p>\n<p class=\" wall-content\">Si celles-ci devraient finir par partir dans l\u2019apr\u00e8s-midi sur le littoral, elles camperont partout ailleurs, \u00e0 l\u2019exception des Hautes-Pyr\u00e9n\u00e9es et du sud de la Haute-Garonne. Dimanche, il fera 6\u00b0C \u00e0 Rodez, 7\u00b0C \u00e0 Montpellier, 8\u00b0C \u00e0 B\u00e9ziers, 10\u00b0C \u00e0 Albi, 11\u00b0C \u00e0 Castres, 12\u00b0C \u00e0 Carcassonne, Perpignan et Montauban, 13\u00b0C \u00e0 Auch, Tarbes et Saint-Gaudens.<\/p>\n<p>    <img   decoding=\"async\" loading=\"lazy\" src=\"https:\/\/www.europesays.com\/fr\/wp-content\/uploads\/2025\/11\/dimanche23-occitaniet-960x640.png\" alt=\"Voici les pr\u00e9visions m\u00e9t\u00e9o pour ce dimanche en Occitanie.\" width=\"960\" height=\"640\"\/><br \/>\n    Voici les pr\u00e9visions m\u00e9t\u00e9o pour ce dimanche en Occitanie. (\u00a9Capture d\u2019\u00e9cran M\u00e9t\u00e9o France)<\/p>\n<p class=\" wall-content\">Personnalisez votre actualit\u00e9 en ajoutant vos villes et m\u00e9dias en favori avec <a href=\"https:\/\/moncompte.actu.fr\" title=\"D\u00e9couvez Mon Actu\" rel=\"nofollow noopener\" data-trk=\"{&quot;cta&quot;:{&quot;action&quot;:&quot;https:\\\/\\\/moncompte.actu.fr&quot;,&quot;category&quot;:&quot;mon compte&quot;,&quot;from&quot;:&quot;article footer&quot;,&quot;name&quot;:&quot;Mon actu&quot;,&quot;type&quot;:&quot;cta&quot;}}\" target=\"_blank\">Mon Actu<\/a>.<\/p>\n","protected":false},"excerpt":{"rendered":"Par Mar\u00e9va Laville Publi\u00e9 le 23 nov. 2025 \u00e0 7h02 Bien que les temp\u00e9ratures remontent un peu, la&hellip;\n","protected":false},"author":2,"featured_media":18429,"comment_status":"","ping_status":"","sticky":false,"template":"","format":"standard","meta":{"footnotes":""},"categories":[2816],"tags":[1111,11,1777,674,1011,27,2487,2357,12,2680,25,2312],"class_list":{"0":"post-552810","1":"post","2":"type-post","3":"status-publish","4":"format-standard","5":"has-post-thumbnail","7":"category-toulouse","8":"tag-actu","9":"tag-actualites","10":"tag-eu","11":"tag-europe","12":"tag-fr","13":"tag-france","14":"tag-meteo","15":"tag-meteo-france","16":"tag-news","17":"tag-occitanie","18":"tag-republique-francaise","19":"tag-toulouse"},"share_on_mastodon":{"url":"https:\/\/pubeurope.com\/@fr\/115597585915312543","error":""},"_links":{"self":[{"href":"https:\/\/www.europesays.com\/fr\/wp-json\/wp\/v2\/posts\/552810","targetHints":{"allow":["GET"]}}],"collection":[{"href":"https:\/\/www.europesays.com\/fr\/wp-json\/wp\/v2\/posts"}],"about":[{"href":"https:\/\/www.europesays.com\/fr\/wp-json\/wp\/v2\/types\/post"}],"author":[{"embeddable":true,"href":"https:\/\/www.europesays.com\/fr\/wp-json\/wp\/v2\/users\/2"}],"replies":[{"embeddable":true,"href":"https:\/\/www.europesays.com\/fr\/wp-json\/wp\/v2\/comments?post=552810"}],"version-history":[{"count":0,"href":"https:\/\/www.europesays.com\/fr\/wp-json\/wp\/v2\/posts\/552810\/revisions"}],"wp:featuredmedia":[{"embeddable":true,"href":"https:\/\/www.europesays.com\/fr\/wp-json\/wp\/v2\/media\/18429"}],"wp:attachment":[{"href":"https:\/\/www.europesays.com\/fr\/wp-json\/wp\/v2\/media?parent=552810"}],"wp:term":[{"taxonomy":"category","embeddable":true,"href":"https:\/\/www.europesays.com\/fr\/wp-json\/wp\/v2\/categories?post=552810"},{"taxonomy":"post_tag","embeddable":true,"href":"https:\/\/www.europesays.com\/fr\/wp-json\/wp\/v2\/tags?post=552810"}],"curies":[{"name":"wp","href":"https:\/\/api.w.org\/{rel}","templated":true}]}}