{"id":552816,"date":"2025-11-23T06:28:12","date_gmt":"2025-11-23T06:28:12","guid":{"rendered":"https:\/\/www.europesays.com\/fr\/552816\/"},"modified":"2025-11-23T06:28:12","modified_gmt":"2025-11-23T06:28:12","slug":"apres-lhommage-a-mehdi-kessaci-lappel-de-marseille-a-un-reveil-contre-le-narcotrafic","status":"publish","type":"post","link":"https:\/\/www.europesays.com\/fr\/552816\/","title":{"rendered":"Apr\u00e8s l\u2019hommage \u00e0 Mehdi Kessaci, l\u2019appel de Marseille \u00e0 un r\u00e9veil contre le narcotrafic"},"content":{"rendered":"\n<p> La lecture de ce contenu est susceptible d\u2019entra\u00eener un d\u00e9p\u00f4t de cookies de la part de l\u2019op\u00e9rateur tiers qui l\u2019h\u00e9berge. Compte-tenu des choix que vous avez exprim\u00e9s en mati\u00e8re de d\u00e9p\u00f4t de cookies, nous avons bloqu\u00e9 l\u2019affichage de ce contenu. Si vous souhaitez y acc\u00e9der, vous devez accepter la cat\u00e9gorie de cookies \u201cContenus tiers\u201d en cliquant sur le bouton ci-dessous. <\/p>\n<p> Lire la Vid\u00e9o               <strong>EN BREF<\/strong> <strong>\u2022 <\/strong>Environ 6000 personnes ont rendu hommage \u00e0 Mehdi Kessaci, assassin\u00e9 le 13\u00a0novembre \u00e0 Marseille.<br \/><strong>\u2022 <\/strong>Autour de son fr\u00e8re Amine\u00a0et de leur m\u00e8re, ces Marseillais ont appel\u00e9 \u00e0\u00a0un r\u00e9veil contre ce fl\u00e9au du narcotrafic.<br \/><strong>\u2022 <\/strong>D\u00e9sormais compar\u00e9\u00a0au terrorisme, le narcotrafic entra\u00eene une violence accrue qui concerne de plus en plus de jeunes.                         <\/p>\n<p class=\"asset asset-text\">\u00ab\u00a0C\u2019est eux qui doivent avoir peur.\u00a0\u00bb Samedi 22\u00a0novembre, une dizaine de jours apr\u00e8s le meurtre de Mehdi Kessaci, une foule de Marseillais et une kyrielle de politiques <a href=\"https:\/\/www.huffingtonpost.fr\/france\/article\/retenez-son-nom-l-hommage-bouleversant-d-amine-kessaci-a-son-frere-mehdi-assassine-a-marseille_257423.html\" target=\"_blank\" rel=\"noopener\">ont rendu un hommage poignant au jeune homme<\/a>, fr\u00e8re d\u2019Amine Kessaci, militant marseillais contre la drogue.<\/p>\n<p class=\"asset asset-text\">D\u00e9sormais plac\u00e9 sous protection polici\u00e8re, le jeune homme est arriv\u00e9 avec sa m\u00e8re sous les applaudissements des plus de 6000 personnes r\u00e9unies sur le rond-point de la ville phoc\u00e9enne o\u00f9 la victime a \u00e9t\u00e9 tu\u00e9e par balles en plein jour, par deux hommes \u00e0 moto, le 13\u00a0novembre dernier. La famille Kessaci, qui avait d\u00e9j\u00e0 perdu un autre fils (Brahim) dans un narchomicide en 2020, a appel\u00e9 \u00e0 \u00ab\u00a0prendre la mesure\u00a0\u00bb de \u00ab\u00a0ce monstre\u00a0\u00bb du narcotrafic \u00ab\u00a0qui s\u2019est infiltr\u00e9 partout\u00a0\u00bb. Les enqu\u00eateurs envisagent la piste du \u00ab\u00a0crime d\u2019avertissement\u00a0\u00bb, adress\u00e9 \u00e0 Amine.<\/p>\n<p>    La peur doit changer de camp    <\/p>\n<p class=\"asset asset-text\"><strong>Comme vous pouvez le voir dans notre reportage vid\u00e9o en t\u00eate d\u2019article<\/strong>, des habitants de Marseille ou de sa r\u00e9gion ont partag\u00e9 au micro du HuffPost leur \u00e9motion apr\u00e8s la mort de Mehdi, ainsi que leur solidarit\u00e9 avec son fr\u00e8re Amine, <a href=\"https:\/\/www.huffingtonpost.fr\/faits-divers\/article\/amine-kessaci-espere-100-000-personnes-a-la-marche-blanche-a-marseille-levez-vous-battons-nous_257330.html\" target=\"_blank\" rel=\"noopener\">connu pour son engagement contre la violence du narcotrafic<\/a>, qui gagne plusieurs quartiers populaires et villes fran\u00e7aises. La peur doit changer de camp, disent-ils en substance.<\/p>\n<p class=\"asset asset-text\">Ces derni\u00e8res ann\u00e9es, le trafic de drogues a explos\u00e9 en France. Sur les six premiers mois de 2025, on a saisi dans le pays plus de 37 tonnes de coca\u00efnes, une augmentation de 45\u00a0% par rapport \u00e0 la m\u00eame p\u00e9riode l\u2019ann\u00e9e pr\u00e9c\u00e9dente. Le march\u00e9 des drogues de synth\u00e8se, comme le terrible fentanyl, progresse fortement aussi. Et le contr\u00f4le de ces march\u00e9s <a href=\"https:\/\/www.huffingtonpost.fr\/politique\/article\/contre-le-narcotrafic-macron-et-ses-ministres-visent-les-consommateurs-en-oubliant-l-essentiel-du-message_257307.html\" target=\"_blank\" rel=\"noopener\">am\u00e8ne une violence jamais vue<\/a>. Le narcotrafic est aujourd\u2019hui consid\u00e9r\u00e9 par l\u2019\u00c9tat comme une menace comparable \u00e0 celle du terrorisme.<\/p>\n<p class=\"asset asset-text\">Les trafiquants font faire le travail par des petites mains de plus en plus jeunes et jetables. On parle \u00ab\u00a0d\u2019uberisation\u00a0\u00bb de l\u2019ultra-violence. En 2024, il y a eu 110 morts et 341 bless\u00e9s, sans compter les dizaines de tentatives d\u2019assassinats. \u00c0 Marseille, les autorit\u00e9s vantent les r\u00e9sultats de sa lutte contre les trafiquants. Le nombre de morts a diminu\u00e9 de moiti\u00e9 l\u2019ann\u00e9e derni\u00e8re, mais la menace reste bien pr\u00e9sente.<\/p>\n","protected":false},"excerpt":{"rendered":"La lecture de ce contenu est susceptible d\u2019entra\u00eener un d\u00e9p\u00f4t de cookies de la part de l\u2019op\u00e9rateur tiers&hellip;\n","protected":false},"author":2,"featured_media":552817,"comment_status":"","ping_status":"","sticky":false,"template":"","format":"standard","meta":{"footnotes":""},"categories":[2814],"tags":[1111,11,1777,674,1011,27,884,12,2532,1072,882,25,887],"class_list":{"0":"post-552816","1":"post","2":"type-post","3":"status-publish","4":"format-standard","5":"has-post-thumbnail","7":"category-marseille","8":"tag-actu","9":"tag-actualites","10":"tag-eu","11":"tag-europe","12":"tag-fr","13":"tag-france","14":"tag-marseille","15":"tag-news","16":"tag-nos-videos","17":"tag-police","18":"tag-provence-alpes-cote-dazur","19":"tag-republique-francaise","20":"tag-trafic-de-drogue"},"share_on_mastodon":{"url":"https:\/\/pubeurope.com\/@fr\/115597600678342472","error":""},"_links":{"self":[{"href":"https:\/\/www.europesays.com\/fr\/wp-json\/wp\/v2\/posts\/552816","targetHints":{"allow":["GET"]}}],"collection":[{"href":"https:\/\/www.europesays.com\/fr\/wp-json\/wp\/v2\/posts"}],"about":[{"href":"https:\/\/www.europesays.com\/fr\/wp-json\/wp\/v2\/types\/post"}],"author":[{"embeddable":true,"href":"https:\/\/www.europesays.com\/fr\/wp-json\/wp\/v2\/users\/2"}],"replies":[{"embeddable":true,"href":"https:\/\/www.europesays.com\/fr\/wp-json\/wp\/v2\/comments?post=552816"}],"version-history":[{"count":0,"href":"https:\/\/www.europesays.com\/fr\/wp-json\/wp\/v2\/posts\/552816\/revisions"}],"wp:featuredmedia":[{"embeddable":true,"href":"https:\/\/www.europesays.com\/fr\/wp-json\/wp\/v2\/media\/552817"}],"wp:attachment":[{"href":"https:\/\/www.europesays.com\/fr\/wp-json\/wp\/v2\/media?parent=552816"}],"wp:term":[{"taxonomy":"category","embeddable":true,"href":"https:\/\/www.europesays.com\/fr\/wp-json\/wp\/v2\/categories?post=552816"},{"taxonomy":"post_tag","embeddable":true,"href":"https:\/\/www.europesays.com\/fr\/wp-json\/wp\/v2\/tags?post=552816"}],"curies":[{"name":"wp","href":"https:\/\/api.w.org\/{rel}","templated":true}]}}