{"id":552818,"date":"2025-11-23T06:29:12","date_gmt":"2025-11-23T06:29:12","guid":{"rendered":"https:\/\/www.europesays.com\/fr\/552818\/"},"modified":"2025-11-23T06:29:12","modified_gmt":"2025-11-23T06:29:12","slug":"la-justice-ne-laide-pas","status":"publish","type":"post","link":"https:\/\/www.europesays.com\/fr\/552818\/","title":{"rendered":"la justice ne l&rsquo;aide pas"},"content":{"rendered":"<p>                    Par<br \/>\n        <strong><br \/>\n            <a href=\"https:\/\/actu.fr\/auteur\/redaction-lyon\" title=\"Consulter tous les articles de R\u00e9daction Lyon\" rel=\"nofollow noopener\" target=\"_blank\">R\u00e9daction Lyon<\/a><br \/>\n                    <\/strong><\/p>\n<p>        Publi\u00e9 le<\/p>\n<p>            23 nov. 2025 \u00e0 6h36        <\/p>\n<p>Le tribunal administratif de <a href=\"https:\/\/actu.fr\/lyon\/\" rel=\"nofollow noopener\" target=\"_blank\">Lyon<\/a> a rejet\u00e9 pour une question de forme, sans s\u2019attarder sur le fond, la requ\u00eate d\u2019une justiciable qui voulait faire annuler un \u00ab\u00a0avis des sommes \u00e0 payer\u00a0\u00bb que lui avait envoy\u00e9 le Centre des Finances publiques de Lyon (Rh\u00f4ne).<br \/>Cet \u00ab\u00a0avis\u00a0\u00bb d\u2019un montant d\u2019un peu plus de <strong>2 700 \u20ac<\/strong> avait en fait \u00e9t\u00e9 \u00e9mis le 3 mars 2025 par la <a href=\"https:\/\/actu.fr\/auvergne-rhone-alpes\/lyon_69123\/la-metropole-de-lyon-vient-en-aide-a-fourviere-une-jolie-somme-versee-pour-la-basilique_63426759.html\" rel=\"nofollow noopener\" target=\"_blank\">M\u00e9tropole de Lyon<\/a> pour les \u00ab\u00a0dommages\u00a0\u00bb caus\u00e9s par son <strong>accident sur du mobilier urbain<\/strong>, expliquait-elle dans cette requ\u00eate introduite au tribunal le 2 avril 2025, mais elle \u00ab\u00a0ne peut pas prouver\u00a0\u00bb que cet accident n\u2019\u00e9tait \u00ab\u00a0pas intentionnel\u00a0\u00bb.<\/p>\n<p>Elle demandait au moins un \u00e9ch\u00e9ancier de paiement<\/p>\n<p class=\" wall-content\">Cette administr\u00e9e demandait au moins \u00ab\u00a0la mise en place d\u2019un \u00e9ch\u00e9ancier de paiement\u00a0\u00bb : sa \u00ab\u00a0situation financi\u00e8re\u00a0\u00bb lui permet \u00ab\u00a0difficilement\u00a0\u00bb de \u00ab\u00a0rembourser la somme\u00a0\u00bb, ajoutait-elle \u00e0 l\u2019attention des juges.<\/p>\n<p class=\" wall-content\">Reste que, partout en France, le code de justice administrative (CJA) autorise les pr\u00e9sidents de formation de jugement des tribunaux administratifs \u00e0 rejeter \u00ab\u00a0par ordonnance\u00a0\u00bb, c\u2019est-\u00e0-dire sans tenir d\u2019audience publique, toutes les requ\u00eates comme celle-ci qui \u00ab\u00a0ne comportent que des moyens inop\u00e9rants\u00a0\u00bb.<\/p>\n<p>Tout lui est refus\u00e9, elle doit tout payer<\/p>\n<p class=\" wall-content\">\u00ab\u00a0Madame se borne \u00e0 soutenir qu\u2019<strong>elle ne peut pas prouver que l\u2019accident n\u2019est pas intentionnel et qu\u2019il a entra\u00een\u00e9 beaucoup de frais<\/strong>, ce qui ne lui permet pas de rembourser la somme due\u00a0\u00bb, r\u00e9sume ainsi un juge du tribunal administratif de Lyon dans une ordonnance en date du 25 septembre 2025 qui vient d\u2019\u00eatre rendue publique. \u00ab\u00a0Toutefois, ces moyens sont inop\u00e9rants pour contester la d\u00e9cision.\u00a0\u00bb<\/p>\n<p class=\" wall-content\">\u00ab\u00a0De plus, si Madame demande (\u2026) qu\u2019un \u00e9ch\u00e9ancier (\u2026) soit mis en place, une telle demande ne rel\u00e8ve pas de l\u2019office du juge administratif, qui ne peut \u00eatre saisi que de conclusions \u00e0 fin d\u2019annulation d\u2019une d\u00e9cision administrative en raison de son ill\u00e9galit\u00e9 ou de conclusions indemnitaires\u00a0\u00bb, rappelle \u00e0 toutes fins utiles le magistrat.<\/p>\n<p class=\" wall-content\"><strong>GF (PressPepper)<\/strong><\/p>\n<p class=\" wall-content\">Personnalisez votre actualit\u00e9 en ajoutant vos villes et m\u00e9dias en favori avec <a href=\"https:\/\/moncompte.actu.fr\" title=\"D\u00e9couvez Mon Actu\" rel=\"nofollow noopener\" data-trk=\"{&quot;cta&quot;:{&quot;action&quot;:&quot;https:\\\/\\\/moncompte.actu.fr&quot;,&quot;category&quot;:&quot;mon compte&quot;,&quot;from&quot;:&quot;article footer&quot;,&quot;name&quot;:&quot;Mon actu&quot;,&quot;type&quot;:&quot;cta&quot;}}\" target=\"_blank\">Mon Actu<\/a>.<\/p>\n","protected":false},"excerpt":{"rendered":"Par R\u00e9daction Lyon Publi\u00e9 le 23 nov. 2025 \u00e0 6h36 Le tribunal administratif de Lyon a rejet\u00e9 pour&hellip;\n","protected":false},"author":2,"featured_media":552819,"comment_status":"","ping_status":"","sticky":false,"template":"","format":"standard","meta":{"footnotes":""},"categories":[1889],"tags":[119,1111,11,2430,1777,674,1011,27,2808,303,2428,12,25,104],"class_list":{"0":"post-552818","1":"post","2":"type-post","3":"status-publish","4":"format-standard","5":"has-post-thumbnail","7":"category-lyon","8":"tag-accident","9":"tag-actu","10":"tag-actualites","11":"tag-auvergne-rhone-alpes","12":"tag-eu","13":"tag-europe","14":"tag-fr","15":"tag-france","16":"tag-grand-lyon","17":"tag-justice","18":"tag-lyon","19":"tag-news","20":"tag-republique-francaise","21":"tag-societe"},"share_on_mastodon":{"url":"https:\/\/pubeurope.com\/@fr\/115597604997886492","error":""},"_links":{"self":[{"href":"https:\/\/www.europesays.com\/fr\/wp-json\/wp\/v2\/posts\/552818","targetHints":{"allow":["GET"]}}],"collection":[{"href":"https:\/\/www.europesays.com\/fr\/wp-json\/wp\/v2\/posts"}],"about":[{"href":"https:\/\/www.europesays.com\/fr\/wp-json\/wp\/v2\/types\/post"}],"author":[{"embeddable":true,"href":"https:\/\/www.europesays.com\/fr\/wp-json\/wp\/v2\/users\/2"}],"replies":[{"embeddable":true,"href":"https:\/\/www.europesays.com\/fr\/wp-json\/wp\/v2\/comments?post=552818"}],"version-history":[{"count":0,"href":"https:\/\/www.europesays.com\/fr\/wp-json\/wp\/v2\/posts\/552818\/revisions"}],"wp:featuredmedia":[{"embeddable":true,"href":"https:\/\/www.europesays.com\/fr\/wp-json\/wp\/v2\/media\/552819"}],"wp:attachment":[{"href":"https:\/\/www.europesays.com\/fr\/wp-json\/wp\/v2\/media?parent=552818"}],"wp:term":[{"taxonomy":"category","embeddable":true,"href":"https:\/\/www.europesays.com\/fr\/wp-json\/wp\/v2\/categories?post=552818"},{"taxonomy":"post_tag","embeddable":true,"href":"https:\/\/www.europesays.com\/fr\/wp-json\/wp\/v2\/tags?post=552818"}],"curies":[{"name":"wp","href":"https:\/\/api.w.org\/{rel}","templated":true}]}}