{"id":552820,"date":"2025-11-23T06:30:36","date_gmt":"2025-11-23T06:30:36","guid":{"rendered":"https:\/\/www.europesays.com\/fr\/552820\/"},"modified":"2025-11-23T06:30:36","modified_gmt":"2025-11-23T06:30:36","slug":"lyon-comment-johanne-perrin-vous-ouvre-les-portes-du-mannequinat","status":"publish","type":"post","link":"https:\/\/www.europesays.com\/fr\/552820\/","title":{"rendered":"Lyon. Comment Johanne Perrin vous ouvre les portes du mannequinat"},"content":{"rendered":"<p>\t\t\t\t<img fetchpriority=\"high\" decoding=\"async\" width=\"900\" height=\"746\" src=\"https:\/\/www.europesays.com\/fr\/wp-content\/uploads\/2025\/11\/01-Johanne-Perrin.jpeg\" alt=\"\" title=\"01 Johanne Perrin\"   class=\"wp-image-166893\"\/><\/p>\n<p><strong>Texte\u00a0: Morgan Couturier \u2013<\/strong> Arriv\u00e9e \u00e0 Lyon avec l\u2019\u0153il d\u2019une non-professionnelle, Johanne Perrin est aujourd\u2019hui devenue un \u00ab v\u00e9ritable tremplin \u00bb pour les novices souhaitant percer dans le mannequinat. Ses workshops, ouverts aux mod\u00e8les comme aux photographes, ont permis de lancer de nombreuses carri\u00e8res. Et ce, en ouvrant en grand les crit\u00e8res de s\u00e9lection.<\/p>\n<p>Ce n\u2019est pas l\u2019univers de la photo qui renversera cette id\u00e9e\u00a0bien arr\u00eat\u00e9e : une image vaut mille mots. Alors en s\u2019arr\u00eatant sur le visage de <strong>Johanne Perrin<\/strong>, bien difficile \u00e0 surprendre sans sourire, on se pla\u00eet \u00e0 observer une \u00e9tincelle brillant dans ses yeux. Une flamme int\u00e9rieure qui convainc bien plus que des phrases pourtant bien tourn\u00e9es.\u00a0 D\u2019ailleurs, la Lyonnaise elle-m\u00eame aime \u00e0 utiliser ce terme pour d\u00e9crire cette passion embrass\u00e9e depuis cinq ans, mais aussi son r\u00f4le et son activit\u00e9.<\/p>\n<p><a href=\"https:\/\/www.lyonpeople.com\/?attachment_id=166887\" rel=\"attachment wp-att-166887 noopener\" target=\"_blank\"><img loading=\"lazy\" decoding=\"async\" class=\" wp-image-166887 alignleft\" src=\"data:image\/svg+xml,%3Csvg%20xmlns=\" http:=\"\" alt=\"\" width=\"422\" height=\"490\" data-lazy-src=\"https:\/\/www.europesays.com\/fr\/wp-content\/uploads\/2025\/11\/4CA97598-7A74-408A-9F37-7A9F94ED35E4.jpg\"\/><\/a><\/p>\n<p>Depuis 2020, la voil\u00e0 donc pr\u00eate \u00e0 \u00ab\u00a0\u00eatre la petite \u00e9tincelle qui dit aux gens, lancez-vous\u00a0\u00bb\u00a0! Dans l\u2019inconnu\u00a0? Plus vraiment\u00a0! Car si le mannequinat fut autrefois un moyen de s\u2019int\u00e9grer dans Lyon apr\u00e8s avoir abandonn\u00e9 sa Savoie natale, la jeune femme ma\u00eetrise aujourd\u2019hui les us et coutumes du m\u00e9tier.<\/p>\n<p>Et ce, de la complexit\u00e9 de prendre la pose \u00e0 la compr\u00e9hension des attentes des agences et des marques. \u00c0 plus forte raison aujourd\u2019hui, la\u2026 mode du moment voulant que ces derni\u00e8res \u00ab passent directement par les mannequins \u00bb.<\/p>\n<p><strong>\u00a0<\/strong><strong>Coaching et organisation de shootings photos<\/strong><br \/>\n<a href=\"https:\/\/www.lyonpeople.com\/?attachment_id=166888\" rel=\"attachment wp-att-166888 noopener\" target=\"_blank\"><img loading=\"lazy\" decoding=\"async\" aria-describedby=\"caption-attachment-166888\" class=\"size-full wp-image-166888\" src=\"data:image\/svg+xml,%3Csvg%20xmlns=\" http:=\"\" alt=\"\" width=\"660\" height=\"556\" data-lazy- data-lazy- data-lazy-src=\"https:\/\/www.europesays.com\/fr\/wp-content\/uploads\/2025\/11\/87E88973-5641-47C6-A46F-D80F6694F8BB.jpg\"\/><\/a><\/p>\n<p id=\"caption-attachment-166888\" class=\"wp-caption-text\">Photo \u00a9 Maureen Domprobst<\/p>\n<p>\u00ab\u00a0Je le vois avec ma propre exp\u00e9rience. C\u2019est hyper important en termes de l\u00e9gitimit\u00e9. Et moi, je voulais monter un truc qui aide les autres. C\u2019est un peu ma petite victoire de les voir percer\u00a0\u00bb. Ces personnes, ce sont ces hommes et ces femmes, de \u00ab\u00a0tous corps et tous \u00e2ges\u00a0\u00bb, que Johanne Perrin prend sous son aile.<\/p>\n<p><a href=\"https:\/\/www.lyonpeople.com\/?attachment_id=166889\" rel=\"attachment wp-att-166889 noopener\" target=\"_blank\"><img loading=\"lazy\" decoding=\"async\" class=\"alignnone size-full wp-image-166889\" src=\"data:image\/svg+xml,%3Csvg%20xmlns=\" http:=\"\" alt=\"\" width=\"900\" height=\"756\" data-lazy- data-lazy- data-lazy-src=\"https:\/\/www.europesays.com\/fr\/wp-content\/uploads\/2025\/11\/IMG_0366.jpg\"\/><\/a><\/p>\n<p>Comment ? En participant activement \u00e0 des coachings personnalis\u00e9s ou par l\u2019organisation de workshops, lors desquels elle r\u00e9unit mod\u00e8les et photographes sur un site r\u00e9serv\u00e9 par ses soins. Parfois m\u00eame \u00e0 l\u2019\u00e9tranger. De quoi plaire aux Lyonnais, de plus en plus friands de ces rendez-vous o\u00f9 des talents se r\u00e9v\u00e8lent.<\/p>\n<p>\u00ab\u00a0Je dois avoir 300 candidatures par \u00e9v\u00e9nement\u00a0\u00bb, pr\u00e9sente celle qui initia ces rendez-vous un peu par hasard. \u00ab\u00a0Quand je suis arriv\u00e9e \u00e0 Lyon, je ne parlais que de business ou d\u2019\u00e9conomie avec mon travail. J\u2019avais besoin d\u2019un c\u00f4t\u00e9 plus artistique. Et j\u2019ai trouv\u00e9 un photographe sur Facebook qui voulait s\u2019entra\u00eener. C\u2019\u00e9tait sympa de rencontrer des personnes une \u00e0 une, mais je me suis dit ce serait bien de les rassembler. J\u2019ai commenc\u00e9 \u00e0 regarder de beaux lieux, en me disant que si on \u00e9tait plusieurs, on pouvait diviser la note et faire quelque chose de sympa\u00a0\u00bb.<\/p>\n<blockquote class=\"instagram-media\" style=\"background: #FFF; border: 0; border-radius: 3px; box-shadow: 0 0 1px 0 rgba(0,0,0,0.5),0 1px 10px 0 rgba(0,0,0,0.15); margin: 1px; max-width: 540px; min-width: 326px; padding: 0; width: calc(100% - 2px);\" data-instgrm-captioned=\"\" data-instgrm-permalink=\"https:\/\/www.instagram.com\/reel\/DQ4rNr-DLZ4\/?utm_source=ig_embed&amp;utm_campaign=loading\" data-instgrm-version=\"14\">\n<\/blockquote>\n<p>\u00ab\u00a0Alors j\u2019ai commenc\u00e9 \u00e0 envoyer des messages \u00e0 des mannequins et des photographes. D\u00e8s le premier rassemblement, j\u2019ai eu 20 mod\u00e8les et 20 photographes\u00a0\u00bb, se souvient-elle.<\/p>\n<p>H\u00e9las, si le Covid et les confinements sont venus annuler cette session, la Lyonnaise fut confort\u00e9e dans ses projets. \u00ab\u00a0Ma famille m\u2019a dit que c\u2019\u00e9tait un concept qui allait plaire. Et effectivement, \u00e7a a pris et depuis, je n\u2019ai plus arr\u00eat\u00e9\u00a0\u00bb, s\u2019en r\u00e9jouit la p\u00e9tillante mannequin de 25 ans.<\/p>\n<p><a href=\"https:\/\/www.lyonpeople.com\/?attachment_id=166890\" rel=\"attachment wp-att-166890 noopener\" target=\"_blank\"><img loading=\"lazy\" decoding=\"async\" aria-describedby=\"caption-attachment-166890\" class=\"size-full wp-image-166890\" src=\"data:image\/svg+xml,%3Csvg%20xmlns=\" http:=\"\" alt=\"\" width=\"900\" height=\"635\" data-lazy- data-lazy- data-lazy-src=\"https:\/\/www.europesays.com\/fr\/wp-content\/uploads\/2025\/11\/IMG_0376.jpg\"\/><\/a><\/p>\n<p id=\"caption-attachment-166890\" class=\"wp-caption-text\">Laura et L\u00e9na shoot\u00e9es par le photographe Badis.prod<\/p>\n<p style=\"text-align: center;\"><strong>\u00ab\u00a0Mon r\u00f4le, c\u2019est plus de les amener vers une carri\u00e8re et qu\u2019ils aillent vers les marques\u00a0\u00bb<\/strong><\/p>\n<p>Un jeune \u00e2ge qui n\u2019emp\u00eache en rien cette derni\u00e8re d\u2019\u00eatre s\u00fbre de ses projets, de ses convictions et de ses conseils. Une histoire de passion, encore. Et de feeling. \u00ab\u00a0Je pr\u00e9f\u00e8re prendre quelqu\u2019un qui est plus dans l\u2019humain plut\u00f4t qu\u2019une personne qui pose tr\u00e8s bien mais qui n\u2019a pas envie de participer\u00a0\u00bb, \u00e9voque-t-elle.<\/p>\n<p>Une mani\u00e8re de mettre ses participants en confiance et de faire sauter souvent, quelques verrous li\u00e9s au stress.<\/p>\n<p><a href=\"https:\/\/www.lyonpeople.com\/?attachment_id=166891\" rel=\"attachment wp-att-166891 noopener\" target=\"_blank\"><img loading=\"lazy\" decoding=\"async\" aria-describedby=\"caption-attachment-166891\" class=\"size-full wp-image-166891\" src=\"data:image\/svg+xml,%3Csvg%20xmlns=\" http:=\"\" alt=\"\" width=\"887\" height=\"900\" data-lazy- data-lazy- data-lazy-src=\"https:\/\/www.europesays.com\/fr\/wp-content\/uploads\/2025\/11\/IMG_0375.jpg\"\/><\/a><\/p>\n<p id=\"caption-attachment-166891\" class=\"wp-caption-text\">Juliet Sabot en plein shooting urbain lors du workshop by Johanne.<\/p>\n<p>D\u2019o\u00f9 l\u2019importance selon elle, d\u2019avoir \u00e0 minima un compte Instagram professionnel sur lequel la personne prouve une participation \u00e0 deux ou trois shootings.<\/p>\n<p>\u00ab\u00a0Le mec a beau \u00eatre le plus beau du monde, il faut qu\u2019il sache poser. Je veux accompagner des personnes o\u00f9 je suis s\u00fbre \u00e0 100% de leur potentiel. Je ne veux pas faire de fausses promesses\u00a0\u00bb, assure-t-elle.<\/p>\n<p>Dans le cas contraire, Johanne Perrin prend de plus en plus plaisir \u00e0 coacher, avec l\u2019envie de lancer une carri\u00e8re. \u00ab\u00a0Les workshops, c\u2019est plus artistique\u00a0\u00bb, pr\u00e9cise-t-elle. \u00c0 son compte depuis peu, cette amoureuse de la capitale des Gaules croule ainsi sous les demandes. Jusqu\u2019\u00e0 \u00ab\u00a0vingt-cinq par jour\u00a0\u00bb, d\u00e9voile-t-elle.<\/p>\n<p><a href=\"https:\/\/www.lyonpeople.com\/?attachment_id=166892\" rel=\"attachment wp-att-166892 noopener\" target=\"_blank\"><img loading=\"lazy\" decoding=\"async\" class=\"alignnone size-full wp-image-166892\" src=\"data:image\/svg+xml,%3Csvg%20xmlns=\" http:=\"\" alt=\"\" width=\"900\" height=\"685\" data-lazy- data-lazy- data-lazy-src=\"https:\/\/www.europesays.com\/fr\/wp-content\/uploads\/2025\/11\/19-HD-Johanne-shooting-ADMISE-16janvier2025-Studio-Quotidien-ChloeLAPEYSSONNIE-9654.jpg\"\/><\/a><\/p>\n<p>Pour autant, cette derni\u00e8re ne se laisse pas griser. Pas question d\u2019\u00eatre estampill\u00e9e \u00ab\u00a0influenceuse\u00a0\u00bb. L\u2019id\u00e9e est bien d\u2019accompagner mais surtout, de travailler. Pour preuve, cette envie de plus en plus tenace d\u2019aller d\u00e9nicher de futurs mannequins au gr\u00e9 d\u2019une place ou d\u2019une avenue.<\/p>\n<p>L\u2019exp\u00e9rience aidant, son regard s\u2019est affin\u00e9. Les Lyonnais pourraient alors tomber sur ce sourire qui fait dire que le mannequinat est un jeu. Un jeu de toute beaut\u00e9. Lorsque l\u2019on voit la r\u00e9ussite de ses prot\u00e9g\u00e9s, pourquoi ne pas essayer ?<\/p>\n<p><strong>&gt;Plus d\u2019informations sur <\/strong><a href=\"http:\/\/www.worshopbyjohanne.com\" target=\"_blank\" rel=\"noopener\"><strong>www.worshopbyjohanne.com<\/strong><\/a><\/p>\n<p>\t\t\t<script async src=\"\/\/www.instagram.com\/embed.js\"><\/script><\/p>\n","protected":false},"excerpt":{"rendered":"Texte\u00a0: Morgan Couturier \u2013 Arriv\u00e9e \u00e0 Lyon avec l\u2019\u0153il d\u2019une non-professionnelle, Johanne Perrin est aujourd\u2019hui devenue un \u00ab&hellip;\n","protected":false},"author":2,"featured_media":552821,"comment_status":"","ping_status":"","sticky":false,"template":"","format":"standard","meta":{"footnotes":""},"categories":[1889],"tags":[4257,1111,47,4258,11,2430,1777,674,1011,27,2428,13505,12,25],"class_list":{"0":"post-552820","1":"post","2":"type-post","3":"status-publish","4":"format-standard","5":"has-post-thumbnail","7":"category-lyon","8":"tag-0top","9":"tag-actu","10":"tag-actualite","11":"tag-actualite-lyon","12":"tag-actualites","13":"tag-auvergne-rhone-alpes","14":"tag-eu","15":"tag-europe","16":"tag-fr","17":"tag-france","18":"tag-lyon","19":"tag-mannequin","20":"tag-news","21":"tag-republique-francaise"},"share_on_mastodon":{"url":"https:\/\/pubeurope.com\/@fr\/115597609440511241","error":""},"_links":{"self":[{"href":"https:\/\/www.europesays.com\/fr\/wp-json\/wp\/v2\/posts\/552820","targetHints":{"allow":["GET"]}}],"collection":[{"href":"https:\/\/www.europesays.com\/fr\/wp-json\/wp\/v2\/posts"}],"about":[{"href":"https:\/\/www.europesays.com\/fr\/wp-json\/wp\/v2\/types\/post"}],"author":[{"embeddable":true,"href":"https:\/\/www.europesays.com\/fr\/wp-json\/wp\/v2\/users\/2"}],"replies":[{"embeddable":true,"href":"https:\/\/www.europesays.com\/fr\/wp-json\/wp\/v2\/comments?post=552820"}],"version-history":[{"count":0,"href":"https:\/\/www.europesays.com\/fr\/wp-json\/wp\/v2\/posts\/552820\/revisions"}],"wp:featuredmedia":[{"embeddable":true,"href":"https:\/\/www.europesays.com\/fr\/wp-json\/wp\/v2\/media\/552821"}],"wp:attachment":[{"href":"https:\/\/www.europesays.com\/fr\/wp-json\/wp\/v2\/media?parent=552820"}],"wp:term":[{"taxonomy":"category","embeddable":true,"href":"https:\/\/www.europesays.com\/fr\/wp-json\/wp\/v2\/categories?post=552820"},{"taxonomy":"post_tag","embeddable":true,"href":"https:\/\/www.europesays.com\/fr\/wp-json\/wp\/v2\/tags?post=552820"}],"curies":[{"name":"wp","href":"https:\/\/api.w.org\/{rel}","templated":true}]}}