{"id":552822,"date":"2025-11-23T06:33:12","date_gmt":"2025-11-23T06:33:12","guid":{"rendered":"https:\/\/www.europesays.com\/fr\/552822\/"},"modified":"2025-11-23T06:33:12","modified_gmt":"2025-11-23T06:33:12","slug":"fin-de-la-vigilance-orange-neige-verglas-a-paris-et-en-ile-de-france-sauf-dans-un-departement","status":"publish","type":"post","link":"https:\/\/www.europesays.com\/fr\/552822\/","title":{"rendered":"Fin de la vigilance orange neige-verglas \u00e0 Paris et en Ile-de-France sauf dans un d\u00e9partement"},"content":{"rendered":"<p>                    Par<br \/>\n        <strong><br \/>\n            <a href=\"https:\/\/actu.fr\/auteur\/thomas-martin\" title=\"Consulter tous les articles de Thomas Martin\" rel=\"nofollow noopener\" target=\"_blank\">Thomas Martin<\/a><br \/>\n                    <\/strong><\/p>\n<p>        Publi\u00e9 le<\/p>\n<p>            23 nov. 2025 \u00e0 7h18        <\/p>\n<p>La Seine-et-Marne reste en <a href=\"https:\/\/actu.fr\/meteo\/jusqu-a-7-cm-de-neige-en-ile-de-france-meteo-france-declenche-la-vigilance-orange-pour-toute-la-region_63473815.html\" rel=\"nofollow noopener\" target=\"_blank\">vigilance orange<\/a> neige\/verglas dimanche matin, <a href=\"https:\/\/actu.fr\/tag\/meteo-france\" rel=\"nofollow noopener\" target=\"_blank\">M\u00e9t\u00e9o-France<\/a> relevant des couches de <a href=\"https:\/\/actu.fr\/meteo\/il-est-possible-que-la-neige-tienne-un-peu-plus-que-prevu-a-quoi-s-attendre-a-paris-et-en-ile-de-france_63475202.html\" rel=\"nofollow noopener\" target=\"_blank\">neige<\/a> d\u2019un \u00e0 quatre centim\u00e8tres en moyenne sur l\u2019Ile-de-France, frapp\u00e9e dans la nuit par son premier \u00e9pisode hivernal de la saison. Selon son dernier bulletin, le pr\u00e9visionniste a lev\u00e9 d\u00e8s 6h sa vigilance orange pour les d\u00e9partements des Yvelines, Val-d\u2019Oise, Essonne, Paris et la petite couronne. La Seine-et-Marne reste concern\u00e9e jusqu\u2019\u00e0 8h.<\/p>\n<p>\u00ab\u00a0Les premiers \u00e9pisodes ne sont parfois pas pris suffisamment au s\u00e9rieux \u00ab\u00a0<\/p>\n<p class=\" wall-content\">\u00ab\u00a0La perturbation faiblement active ayant donn\u00e9 les neiges, avec quelques pr\u00e9cipitations vergla\u00e7antes, continue sont long d\u00e9calage d\u2019ouest en est, vers le quart nord-est du pays,\u00a0\u00bb rapporte M\u00e9t\u00e9o-France.<\/p>\n<p class=\" wall-content\">La pr\u00e9fecture de police avait d\u00e9cid\u00e9 de r\u00e9duire la vitesse autoris\u00e9e de 20 km\/h sur l\u2019ensemble de l\u2019Ile-de-France et d\u2019interdire les d\u00e9passements pour les poids lourds de plus de 3,5 tonnes sur les grands axes.<\/p>\n<p class=\" wall-content\">Les trains et r\u00e9seaux urbains ne devraient pas \u00eatre fortement impact\u00e9s, mais des retards d\u2019environ une heure ont \u00e9t\u00e9 signal\u00e9s samedi soir \u00e0 Roissy, susceptibles de se prolonger dimanche.<\/p>\n<p class=\" wall-content\">\u00ab\u00a0Les premiers \u00e9pisodes ne sont parfois pas pris suffisamment au s\u00e9rieux \u00ab\u00a0, avait averti le ministre des Transports Philippe Tabarot, depuis le centre de crise mobilisant M\u00e9t\u00e9o-France, les services routiers, l\u2019aviation civile et les op\u00e9rateurs de transport.<\/p>\n<p class=\" wall-content\"><strong>AFP<\/strong><\/p>\n<p class=\" wall-content\">Personnalisez votre actualit\u00e9 en ajoutant vos villes et m\u00e9dias en favori avec <a href=\"https:\/\/moncompte.actu.fr\" title=\"D\u00e9couvez Mon Actu\" rel=\"nofollow noopener\" data-trk=\"{&quot;cta&quot;:{&quot;action&quot;:&quot;https:\\\/\\\/moncompte.actu.fr&quot;,&quot;category&quot;:&quot;mon compte&quot;,&quot;from&quot;:&quot;article footer&quot;,&quot;name&quot;:&quot;Mon actu&quot;,&quot;type&quot;:&quot;cta&quot;}}\" target=\"_blank\">Mon Actu<\/a>.<\/p>\n","protected":false},"excerpt":{"rendered":"Par Thomas Martin Publi\u00e9 le 23 nov. 2025 \u00e0 7h18 La Seine-et-Marne reste en vigilance orange neige\/verglas dimanche&hellip;\n","protected":false},"author":2,"featured_media":552823,"comment_status":"","ping_status":"","sticky":false,"template":"","format":"standard","meta":{"footnotes":""},"categories":[1592],"tags":[1111,11,1777,674,1011,27,662,2487,2357,10584,12,626,25],"class_list":{"0":"post-552822","1":"post","2":"type-post","3":"status-publish","4":"format-standard","5":"has-post-thumbnail","7":"category-ile-de-france","8":"tag-actu","9":"tag-actualites","10":"tag-eu","11":"tag-europe","12":"tag-fr","13":"tag-france","14":"tag-ile-de-france","15":"tag-meteo","16":"tag-meteo-france","17":"tag-neige","18":"tag-news","19":"tag-paris","20":"tag-republique-francaise"},"share_on_mastodon":{"url":"https:\/\/pubeurope.com\/@fr\/115597620366694977","error":""},"_links":{"self":[{"href":"https:\/\/www.europesays.com\/fr\/wp-json\/wp\/v2\/posts\/552822","targetHints":{"allow":["GET"]}}],"collection":[{"href":"https:\/\/www.europesays.com\/fr\/wp-json\/wp\/v2\/posts"}],"about":[{"href":"https:\/\/www.europesays.com\/fr\/wp-json\/wp\/v2\/types\/post"}],"author":[{"embeddable":true,"href":"https:\/\/www.europesays.com\/fr\/wp-json\/wp\/v2\/users\/2"}],"replies":[{"embeddable":true,"href":"https:\/\/www.europesays.com\/fr\/wp-json\/wp\/v2\/comments?post=552822"}],"version-history":[{"count":0,"href":"https:\/\/www.europesays.com\/fr\/wp-json\/wp\/v2\/posts\/552822\/revisions"}],"wp:featuredmedia":[{"embeddable":true,"href":"https:\/\/www.europesays.com\/fr\/wp-json\/wp\/v2\/media\/552823"}],"wp:attachment":[{"href":"https:\/\/www.europesays.com\/fr\/wp-json\/wp\/v2\/media?parent=552822"}],"wp:term":[{"taxonomy":"category","embeddable":true,"href":"https:\/\/www.europesays.com\/fr\/wp-json\/wp\/v2\/categories?post=552822"},{"taxonomy":"post_tag","embeddable":true,"href":"https:\/\/www.europesays.com\/fr\/wp-json\/wp\/v2\/tags?post=552822"}],"curies":[{"name":"wp","href":"https:\/\/api.w.org\/{rel}","templated":true}]}}