{"id":552824,"date":"2025-11-23T06:34:11","date_gmt":"2025-11-23T06:34:11","guid":{"rendered":"https:\/\/www.europesays.com\/fr\/552824\/"},"modified":"2025-11-23T06:34:11","modified_gmt":"2025-11-23T06:34:11","slug":"prevert-detrone-par-mistinguett-a-paris-le-moulin-rouge-lorgne-sur-lappartement-du-poete-a-montmartre","status":"publish","type":"post","link":"https:\/\/www.europesays.com\/fr\/552824\/","title":{"rendered":"Pr\u00e9vert d\u00e9tr\u00f4n\u00e9 par Mistinguett \u00e0 Paris ? Le Moulin rouge lorgne sur l&rsquo;appartement du po\u00e8te \u00e0 Montmartre"},"content":{"rendered":"<p>                    Par<br \/>\n        <strong><br \/>\n            <a href=\"https:\/\/actu.fr\/auteur\/thomas-martin\" title=\"Consulter tous les articles de Thomas Martin\" target=\"_blank\" rel=\"noopener\">Thomas Martin<\/a><br \/>\n                    <\/strong><\/p>\n<p>        Publi\u00e9 le<\/p>\n<p>            23 nov. 2025 \u00e0 6h34        <\/p>\n<p>L\u2019appartement de <strong>Jacques Pr\u00e9vert<\/strong> \u00e0 Paris tombera-t-il aux oubliettes ? Un projet d\u2019expansion du <a href=\"https:\/\/actu.fr\/tag\/moulin-rouge\" target=\"_blank\" rel=\"noopener\">Moulin Rouge<\/a> destin\u00e9 \u00e0 ressusciter la sc\u00e8ne de la l\u00e9gendaire <strong>Mistinguett<\/strong> des ann\u00e9es folles menace l\u2019ancienne demeure du po\u00e8te, au coeur de <a href=\"https:\/\/actu.fr\/tag\/montmartre\" target=\"_blank\" rel=\"noopener\">Montmartre<\/a>. Le Conseil de Paris r\u00e9uni cette semaine a adopt\u00e9 un voeu demandant \u00e0 l\u2019Etat d\u2019intervenir \u00ab\u00a0rapidement\u00a0\u00bb pour sauver ce patrimoine \u00ab\u00a0unique\u00a0\u00bb, t\u00e9moin de l\u2019histoire culturelle et litt\u00e9raire de la capitale.<\/p>\n<p>Boris Vian comme voisin<\/p>\n<p class=\" wall-content\">Jacques Pr\u00e9vert v\u00e9cut plus de 20 ans Cit\u00e9 V\u00e9ron, une \u00e9troite impasse bord\u00e9e de vignes situ\u00e9e derri\u00e8re <a href=\"https:\/\/actu.fr\/ile-de-france\/paris_75056\/apres-leur-chute-fracassante-assistez-a-la-remise-en-route-des-ailes-du-moulin-rouge-a-paris_62893142.html\" target=\"_blank\" rel=\"noopener\">les ailes du cabaret<\/a> du boulevard de Clichy, avant de s\u2019installer en Normandie peu avant sa mort en 1977.<\/p>\n<p class=\" wall-content\">Son appartement ouvre sur une terrasse qu\u2019il partageait avec Boris Vian et sa seconde \u00e9pouse, Ursula Vian-K\u00fcbler, o\u00f9 se d\u00e9roulaient les f\u00eates du Coll\u00e8ge de Pataphysique, la soci\u00e9t\u00e9 savante parodique invent\u00e9e par Alfred Jarry.<\/p>\n<p class=\" wall-content\">Mais il fait aussi partie d\u2019un site embl\u00e9matique de l\u2019histoire du spectacle vivant, celui o\u00f9 la l\u00e9gende du music-hall, <a href=\"https:\/\/actu.fr\/ile-de-france\/versailles_78646\/la-maison-de-mistinguett-a-bougival_12584247.html\" target=\"_blank\" rel=\"noopener\">Mistinguett<\/a>, s\u2019est produite pendant plus de dix ans, jusqu\u2019au d\u00e9but des ann\u00e9es 1930.<\/p>\n<p class=\" wall-content\">Ses grandes revues hiss\u00e8rent le temple du \u00ab\u00a0french cancan\u00a0\u00bb au sommet de sa gloire, lui qui avait \u00e9t\u00e9 enti\u00e8rement d\u00e9truit par un incendie en 1915. \u00ab\u00a0La \u2018salle Mistinguett\u2019, c\u2019est la salle historique du Moulin Rouge\u00a0\u00bb, explique \u00e0 l\u2019AFP son directeur g\u00e9n\u00e9ral, Jean-Victor Cl\u00e9rico.<\/p>\n<p class=\" wall-content\">Le r\u00e9habilitation du site, \u00e0 l\u2019origine un th\u00e9\u00e2tre \u00e0 l\u2019italienne, offrirait aux futures revues un \u00ab\u00a0cadre sc\u00e9nique plus fort\u00a0\u00bb que la salle accueillant aujourd\u2019hui le public \u2013 entre 550 000 et 600 000 visiteurs par an \u2013 jug\u00e9e \u00ab\u00a0en bout de course\u00a0\u00bb.<\/p>\n<p class=\" wall-content\">Le cabaret parisien a donc d\u00e9cid\u00e9 en septembre dernier de ne pas renouveler les baux des appartements de Jacques Pr\u00e9vert et Boris Vian, dont il est propri\u00e9taire depuis 2009, et que la salle Mistinguett englobait.<\/p>\n<p>Votre r\u00e9gion, votre actu !<\/p>\n<p>Recevez chaque jour les infos qui comptent pour vous.<\/p>\n<p>\t<a href=\"https:\/\/actu.fr\/newsletter\" class=\"ac-btn ac-btn--corner ac-btn--medium ac-btn--blue800\" target=\"_blank\" rel=\"noopener\">S&rsquo;incrire<\/a><\/p>\n<p class=\" wall-content\">\u00ab\u00a0On a jusqu\u2019\u00e0 mars 2026 pour partir\u00a0\u00bb, se d\u00e9sole aupr\u00e8s de l\u2019AFP Eug\u00e9nie Bachelot-Pr\u00e9vert, la petite-fille du po\u00e8te et sc\u00e9nariste. Si\u00e8ge de l\u2019association \u00ab\u00a0Chez Jacques Pr\u00e9vert\u00a0\u00bb, l\u2019appartement est aussi un petit mus\u00e9e qu\u2019on peut visiter, seulement certains jours et sur demande.<\/p>\n<p>\u00a0\u00ab\u00a0Toute la m\u00e9moire de mon grand-p\u00e8re\u00a0\u00bb\u00a0<\/p>\n<p class=\" wall-content\">Il contient le bureau de l\u2019\u00e9crivain, son vieux t\u00e9l\u00e9phone, sa salle \u00e0 manger, ses petites toiles et la chambre de sa fille Mich\u00e8le, meubl\u00e9e du lit \u00e0 baldaquin qui servit de d\u00e9cor au film Notre-Dame de Paris (1956) avec Gina Lollobrigida.<\/p>\n<p class=\" wall-content\">\u00ab\u00a0Toute la m\u00e9moire de mon grand-p\u00e8re est l\u00e0\u00a0\u00bb, r\u00e9sume l\u2019h\u00e9riti\u00e8re. Elle fait aussi valoir l\u2019architecture si particuli\u00e8re \u00e0 l\u2019appartement que l\u2019\u00e9crivain fit am\u00e9nager par Jacques Cou\u00eblle, r\u00e9put\u00e9 pour ses maisons aux formes organiques et sculpturales.<\/p>\n<p class=\" wall-content\">Avec ses murs creus\u00e9s de niches et blanchis \u00e0 la chaux, c\u2019est aussi \u00ab\u00a0cet esprit m\u00e9diterran\u00e9en en plein Paris qui sera d\u00e9truit par le projet de transformation du Moulin Rouge\u00a0\u00bb, s\u2019inqui\u00e8te Eug\u00e9nie Bachelot-Pr\u00e9vert.<\/p>\n<p class=\" wall-content\">Le Moulin Rouge lui a sugg\u00e9r\u00e9 de relocaliser l\u2019appartement ailleurs, emportant son mobilier. Mais \u00ab\u00a0une reconstitution ailleurs ne saurait restituer l\u2019esprit et l\u2019\u00e9nergie du quartier Montmartre, inscrit dans la m\u00e9moire collective et dans l\u2019histoire artistique du XXe si\u00e8cle\u00a0\u00bb, selon la mairie de Paris.<\/p>\n<p class=\" wall-content\">Le voeu \u00e9manant des \u00e9lus communistes demande \u00e0 l\u2019Etat de \u00ab\u00a0reconna\u00eetre et prot\u00e9ger sans d\u00e9lai\u00a0\u00bb le site \u00ab\u00a0in situ\u00a0\u00bb, \u00ab\u00a0dans le respect de sa m\u00e9moire\u00a0\u00bb.\u00a0 L\u2019h\u00e9riti\u00e8re de Pr\u00e9vert, qui projette d\u2019en faire un mus\u00e9e permanent, est en discussions avec la Direction r\u00e9gionale des affaires culturelles (Drac). \u00ab\u00a0Le minist\u00e8re de la Culture suit avec attention ce dossier\u00a0\u00bb et \u00ab\u00a0\u00e9change actuellement\u00a0\u00bb avec les parties concern\u00e9es pour trouver une solution, a-t-il r\u00e9pondu \u00e0 l\u2019AFP.<\/p>\n<p>Le maire du 18e propose une m\u00e9diation<\/p>\n<p class=\" wall-content\">Le maire du 18e arrondissement, Eric Lejoindre, a propos\u00e9 de son c\u00f4t\u00e9 une m\u00e9diation pour \u00ab\u00a0regarder les solutions qui garantissent l\u2019histoire du site tout en respectant les droits de propri\u00e9t\u00e9 du Moulin Rouge\u00a0\u00bb. Sans retour pour l\u2019instant, a-t-il pr\u00e9cis\u00e9 \u00e0 l\u2019AFP.<\/p>\n<p class=\" wall-content\">\u00ab\u00a0Nos \u00e9lus ont voulu prendre un coup de projecteur en amont des municipales. A aucun moment ils ne sont int\u00e9ress\u00e9s \u00e0 notre projet, alors qu\u2019ils sont bien contents de prendre la lumi\u00e8re du Moulin Rouge quand il faut\u00a0\u00bb, s\u2019agace pour sa part Jean-Victor Cl\u00e9rico.<br \/>Il pr\u00e9cise vouloir \u00ab\u00a0laisser le temps de la discussion\u00a0\u00bb avec les ayants droit de Jacques Pr\u00e9vert et Boris Vian, au-del\u00e0 de mars 2026, sachant que la r\u00e9habilitation de la salle Mistinguett \u00ab\u00a0s\u2019\u00e9tendra sur plusieurs ann\u00e9es d\u2019ici 2030\u00a0\u00bb.<\/p>\n<p class=\" wall-content\">Interrog\u00e9e par l\u2019AFP, Nicole Bertolt, mandataire du patrimoine de Boris Vian, a dit observer avec le petit-fils de l\u2019\u00e9crivain \u00ab\u00a0un temps de r\u00e9flexion\u00a0\u00bb, et qu\u2019ils essayaient de \u00ab\u00a0trouver une voie de conciliation avec le Moulin Rouge\u00a0\u00bb.\u00a0<\/p>\n<p class=\" wall-content\">Personnalisez votre actualit\u00e9 en ajoutant vos villes et m\u00e9dias en favori avec <a href=\"https:\/\/moncompte.actu.fr\" title=\"D\u00e9couvez Mon Actu\" rel=\"nofollow noopener\" data-trk=\"{&quot;cta&quot;:{&quot;action&quot;:&quot;https:\\\/\\\/moncompte.actu.fr&quot;,&quot;category&quot;:&quot;mon compte&quot;,&quot;from&quot;:&quot;article footer&quot;,&quot;name&quot;:&quot;Mon actu&quot;,&quot;type&quot;:&quot;cta&quot;}}\" target=\"_blank\">Mon Actu<\/a>.<\/p>\n","protected":false},"excerpt":{"rendered":"Par Thomas Martin Publi\u00e9 le 23 nov. 2025 \u00e0 6h34 L\u2019appartement de Jacques Pr\u00e9vert \u00e0 Paris tombera-t-il aux&hellip;\n","protected":false},"author":2,"featured_media":552825,"comment_status":"","ping_status":"","sticky":false,"template":"","format":"standard","meta":{"footnotes":""},"categories":[1888],"tags":[1111,1928,11,1927,1777,674,1011,27,58904,7661,38389,12,1926,626,1925,2551,64164,25],"class_list":{"0":"post-552824","1":"post","2":"type-post","3":"status-publish","4":"format-standard","5":"has-post-thumbnail","7":"category-paris","8":"tag-actu","9":"tag-actu-paris","10":"tag-actualites","11":"tag-actualites-paris","12":"tag-eu","13":"tag-europe","14":"tag-fr","15":"tag-france","16":"tag-histoire-patrimoine","17":"tag-montmartre","18":"tag-moulin-rouge","19":"tag-news","20":"tag-news-paris","21":"tag-paris","22":"tag-paris-news","23":"tag-patrimoine","24":"tag-personnages-historiques","25":"tag-republique-francaise"},"share_on_mastodon":{"url":"https:\/\/pubeurope.com\/@fr\/115597624362895062","error":""},"_links":{"self":[{"href":"https:\/\/www.europesays.com\/fr\/wp-json\/wp\/v2\/posts\/552824","targetHints":{"allow":["GET"]}}],"collection":[{"href":"https:\/\/www.europesays.com\/fr\/wp-json\/wp\/v2\/posts"}],"about":[{"href":"https:\/\/www.europesays.com\/fr\/wp-json\/wp\/v2\/types\/post"}],"author":[{"embeddable":true,"href":"https:\/\/www.europesays.com\/fr\/wp-json\/wp\/v2\/users\/2"}],"replies":[{"embeddable":true,"href":"https:\/\/www.europesays.com\/fr\/wp-json\/wp\/v2\/comments?post=552824"}],"version-history":[{"count":0,"href":"https:\/\/www.europesays.com\/fr\/wp-json\/wp\/v2\/posts\/552824\/revisions"}],"wp:featuredmedia":[{"embeddable":true,"href":"https:\/\/www.europesays.com\/fr\/wp-json\/wp\/v2\/media\/552825"}],"wp:attachment":[{"href":"https:\/\/www.europesays.com\/fr\/wp-json\/wp\/v2\/media?parent=552824"}],"wp:term":[{"taxonomy":"category","embeddable":true,"href":"https:\/\/www.europesays.com\/fr\/wp-json\/wp\/v2\/categories?post=552824"},{"taxonomy":"post_tag","embeddable":true,"href":"https:\/\/www.europesays.com\/fr\/wp-json\/wp\/v2\/tags?post=552824"}],"curies":[{"name":"wp","href":"https:\/\/api.w.org\/{rel}","templated":true}]}}