{"id":552826,"date":"2025-11-23T06:35:25","date_gmt":"2025-11-23T06:35:25","guid":{"rendered":"https:\/\/www.europesays.com\/fr\/552826\/"},"modified":"2025-11-23T06:35:25","modified_gmt":"2025-11-23T06:35:25","slug":"ile-de-france-meme-si-elle-va-bientot-fondre-la-neige-recouvre-paris-et-sa-region","status":"publish","type":"post","link":"https:\/\/www.europesays.com\/fr\/552826\/","title":{"rendered":"\u00cele-de-France : m\u00eame si elle va bient\u00f4t fondre, la neige recouvre Paris et sa r\u00e9gion"},"content":{"rendered":"<p class=\"mb-4 text-lg md:leading-8 break-words\">La neige est \u00e0 Paris, mais tr\u00e8s temporairement. Ce premier <a data-i13n=\"cpos:1;pos:1\" href=\"https:\/\/www.20minutes.fr\/vie-pro\/4187233-20251122-obligations-employeurs-periode-grand-froid-entreprise?at_medium=RSS%20feed&amp;at_campaign=ynews&amp;utm_source=yahoo&amp;utm_medium=rss&amp;utm_campaign=news_feed&amp;utm_content=in_article_link\" rel=\"nofollow noopener\" target=\"_blank\" data-ylk=\"slk:\u00e9pisode hivernal;cpos:1;pos:1;elm:context_link;itc:0;sec:content-canvas\" class=\"link \">\u00e9pisode hivernal<\/a> de la saison a d\u00e9but\u00e9 samedi \u00e0 20 heures et devrait se poursuivre jusqu\u2019\u00e0 ce dimanche matin, 08 heures. Les huit d\u00e9partements d\u2019<a data-i13n=\"cpos:2;pos:1\" href=\"https:\/\/www.20minutes.fr\/dossier\/ile-de-france?at_medium=RSS%20feed&amp;at_campaign=ynews&amp;utm_source=yahoo&amp;utm_medium=rss&amp;utm_campaign=news_feed&amp;utm_content=in_article_link\" rel=\"nofollow noopener\" target=\"_blank\" data-ylk=\"slk:\u00cele-de-France;cpos:2;pos:1;elm:context_link;itc:0;sec:content-canvas\" class=\"link \">\u00cele-de-France<\/a>, mais aussi une partie du Massif central, ont \u00e9t\u00e9 plac\u00e9s en vigilance orange neige\/verglas samedi soir.<\/p>\n<p class=\"mb-4 text-lg md:leading-8 break-words\"><a data-i13n=\"cpos:3;pos:1\" href=\"https:\/\/www.20minutes.fr\/dossier\/meteo_france?at_medium=RSS%20feed&amp;at_campaign=ynews&amp;utm_source=yahoo&amp;utm_medium=rss&amp;utm_campaign=news_feed&amp;utm_content=in_article_link\" rel=\"nofollow noopener\" target=\"_blank\" data-ylk=\"slk:M\u00e9t\u00e9o-France;cpos:3;pos:1;elm:context_link;itc:0;sec:content-canvas\" class=\"link \">M\u00e9t\u00e9o-France<\/a> pr\u00e9cise en outre qu\u2019\u00e0 3 heures du matin ce dimanche la neige recouvrait la capitale et sa r\u00e9gion avec des hauteurs de 1 \u00e0 4 cm en moyenne. En \u00cele-de-France, de faibles chutes persistent \u00e0 l\u2019est, accompagn\u00e9es parfois de bruines vergla\u00e7antes, pr\u00e9cise l\u2019agence m\u00e9t\u00e9orologique dans un bulletin exceptionnel \u00e0 04 heures. Habituellement, le premier bulletin est pr\u00e9vu \u00e0 6 heures.<\/p>\n<p>Des pluies vergla\u00e7antes<\/p>\n<p class=\"mb-4 text-lg md:leading-8 break-words\">Six d\u00e9partements du Massif central (Aveyron, Cantal, Corr\u00e8ze, Creuse, Haute-Vienne et Puy-de-D\u00f4me) sont \u00e9galement concern\u00e9s par la vigilance orange depuis 03 heures du matin, en raison de faibles chutes de neige et de pluies vergla\u00e7antes susceptibles de rendre les chauss\u00e9es glissantes. Dans cette r\u00e9gion au milieu de la nuit les pr\u00e9cipitations restent faibles et \u00e9parses : de petites chutes de neige sur le Cantal et l\u2019ouest du Puy-de-D\u00f4me, tandis que le Limousin enregistrait 1 cm \u00e0 Limoges (Haute-Vienne) et 3 cm \u00e0 \u00c9gletons (Corr\u00e8ze), avec quelques pluies vergla\u00e7antes \u00e0 l\u2019arri\u00e8re.<\/p>\n<p class=\"mb-4 text-lg md:leading-8 break-words\">Selon M\u00e9t\u00e9o-France, les chutes de neige quitteront l\u2019est de l\u2019\u00cele-de-France en fin de nuit, avec des cumuls finaux de 1 \u00e0 3 cm, tr\u00e8s localement jusqu\u2019\u00e0 5 cm. Sur le Massif central,(&#8230;)<\/p>\n<p class=\"mb-4 text-lg md:leading-8 break-words\"><a data-i13n=\"cpos:4;pos:1\" href=\"https:\/\/www.20minutes.fr\/societe\/4187324-20251123-ile-france-si-va-bientot-fondre-neige-recouvre-paris-region?at_medium=RSS%20feed&amp;at_campaign=ynews&amp;utm_source=yahoo&amp;utm_medium=rss&amp;utm_campaign=news_feed&amp;utm_content=read_more_link%22\" rel=\"nofollow noopener\" target=\"_blank\" data-ylk=\"slk:Lire la suite sur 20minutes;cpos:4;pos:1;elm:context_link;itc:0;sec:content-canvas\" class=\"link \">Lire la suite sur 20minutes<\/a><\/p>\n<p>\u00c0 lire aussi :<br \/><a data-i13n=\"cpos:5;pos:1\" href=\"https:\/\/www.20minutes.fr\/tempo\/sortir\/4187108-20251122-noel-2025-quoi-marche-noel-zurichois-installe-paris?at_medium=RSS%20feed&amp;at_campaign=ynews&amp;utm_source=yahoo&amp;utm_medium=rss&amp;utm_campaign=news_feed&amp;utm_content=related_content_link\" rel=\"nofollow noopener\" target=\"_blank\" data-ylk=\"slk:No\u00ebl 2025 : C\u2019est quoi ce march\u00e9 de No\u00ebl zurichois qui s\u2019est install\u00e9 \u00e0 Paris ?;cpos:5;pos:1;elm:context_link;itc:0;sec:content-canvas\" class=\"link \">No\u00ebl 2025 : C\u2019est quoi ce march\u00e9 de No\u00ebl zurichois qui s\u2019est install\u00e9 \u00e0 Paris ?<\/a><br \/><a data-i13n=\"cpos:6;pos:1\" href=\"https:\/\/www.20minutes.fr\/arts-stars\/loisirs\/4187037-20251122-predateurs-affut-comment-loups-renards-rapaces-chassent-quand-froid-installe?at_medium=RSS%20feed&amp;at_campaign=ynews&amp;utm_source=yahoo&amp;utm_medium=rss&amp;utm_campaign=news_feed&amp;utm_content=related_content_link\" rel=\"nofollow noopener\" target=\"_blank\" data-ylk=\"slk:Les pr\u00e9dateurs \u00e0 l\u2019aff\u00fbt : comment loups, renards et rapaces chassent quand le froid s\u2019installe;cpos:6;pos:1;elm:context_link;itc:0;sec:content-canvas\" class=\"link \">Les pr\u00e9dateurs \u00e0 l\u2019aff\u00fbt : comment loups, renards et rapaces chassent quand le froid s\u2019installe<\/a><\/p>\n","protected":false},"excerpt":{"rendered":"La neige est \u00e0 Paris, mais tr\u00e8s temporairement. Ce premier \u00e9pisode hivernal de la saison a d\u00e9but\u00e9 samedi&hellip;\n","protected":false},"author":2,"featured_media":552827,"comment_status":"","ping_status":"","sticky":false,"template":"","format":"standard","meta":{"footnotes":""},"categories":[1888],"tags":[1111,1928,11,1927,1777,674,1011,27,8528,66995,2357,12,1926,626,1925,25],"class_list":{"0":"post-552826","1":"post","2":"type-post","3":"status-publish","4":"format-standard","5":"has-post-thumbnail","7":"category-paris","8":"tag-actu","9":"tag-actu-paris","10":"tag-actualites","11":"tag-actualites-paris","12":"tag-eu","13":"tag-europe","14":"tag-fr","15":"tag-france","16":"tag-haute-vienne","17":"tag-massif-central","18":"tag-meteo-france","19":"tag-news","20":"tag-news-paris","21":"tag-paris","22":"tag-paris-news","23":"tag-republique-francaise"},"share_on_mastodon":{"url":"https:\/\/pubeurope.com\/@fr\/115597628207675960","error":""},"_links":{"self":[{"href":"https:\/\/www.europesays.com\/fr\/wp-json\/wp\/v2\/posts\/552826","targetHints":{"allow":["GET"]}}],"collection":[{"href":"https:\/\/www.europesays.com\/fr\/wp-json\/wp\/v2\/posts"}],"about":[{"href":"https:\/\/www.europesays.com\/fr\/wp-json\/wp\/v2\/types\/post"}],"author":[{"embeddable":true,"href":"https:\/\/www.europesays.com\/fr\/wp-json\/wp\/v2\/users\/2"}],"replies":[{"embeddable":true,"href":"https:\/\/www.europesays.com\/fr\/wp-json\/wp\/v2\/comments?post=552826"}],"version-history":[{"count":0,"href":"https:\/\/www.europesays.com\/fr\/wp-json\/wp\/v2\/posts\/552826\/revisions"}],"wp:featuredmedia":[{"embeddable":true,"href":"https:\/\/www.europesays.com\/fr\/wp-json\/wp\/v2\/media\/552827"}],"wp:attachment":[{"href":"https:\/\/www.europesays.com\/fr\/wp-json\/wp\/v2\/media?parent=552826"}],"wp:term":[{"taxonomy":"category","embeddable":true,"href":"https:\/\/www.europesays.com\/fr\/wp-json\/wp\/v2\/categories?post=552826"},{"taxonomy":"post_tag","embeddable":true,"href":"https:\/\/www.europesays.com\/fr\/wp-json\/wp\/v2\/tags?post=552826"}],"curies":[{"name":"wp","href":"https:\/\/api.w.org\/{rel}","templated":true}]}}