{"id":552832,"date":"2025-11-23T06:38:21","date_gmt":"2025-11-23T06:38:21","guid":{"rendered":"https:\/\/www.europesays.com\/fr\/552832\/"},"modified":"2025-11-23T06:38:21","modified_gmt":"2025-11-23T06:38:21","slug":"en-direct-guerre-en-ukraine-americains-ukrainiens-et-europeens-discutent-ce-dimanche-en-suisse-du-plan-de-donald-trump","status":"publish","type":"post","link":"https:\/\/www.europesays.com\/fr\/552832\/","title":{"rendered":"EN DIRECT &#8211; Guerre en Ukraine : Am\u00e9ricains, Ukrainiens et Europ\u00e9ens discutent ce dimanche en Suisse du plan de Donald Trump"},"content":{"rendered":"<ul class=\"jsx-862013697 ArticleChapo__List\">\n<li class=\"jsx-862013697 ArticleChapo__List_Item flex\">Des responsables ukrainiens, am\u00e9ricains et europ\u00e9ens se retrouvent ce dimanche en Suisse pour discuter du plan de Donald Trump visant \u00e0 mettre fin \u00e0 la guerre en Ukraine, au moment o\u00f9 Kiev craint d&rsquo;\u00eatre pouss\u00e9 \u00e0 une capitulation face \u00e0 Moscou.<\/li>\n<li class=\"jsx-862013697 ArticleChapo__List_Item flex\">Suivez les derni\u00e8res informations.<\/li>\n<\/ul>\n<p data-module=\"article-paragraph\" class=\"jsx-3046738180 Paragraph Paragraph__End\">Des responsables ukrainiens, am\u00e9ricains et europ\u00e9ens se retrouvent dimanche en Suisse pour discuter du plan de Donald Trump <a href=\"https:\/\/www.tf1info.fr\/international\/direct-guerre-ukraine-russie-plan-paix-americain-trump-zelensky-les-dernieres-actualites-aujourd-hui-vendredi-21-novembre-2025-2407995.html\" target=\"_blank\" rel=\"noopener\">visant \u00e0 mettre fin \u00e0 la guerre en Ukraine<\/a>, au moment o\u00f9 Kiev craint d&rsquo;\u00eatre pouss\u00e9 \u00e0 une capitulation face \u00e0 Moscou. Le pr\u00e9sident am\u00e9ricain a fait savoir samedi que ce plan n&rsquo;\u00e9tait pas sa derni\u00e8re offre et qu&rsquo;il souhaitait que les combats cessent \u00ab\u00a0d&rsquo;une mani\u00e8re ou d&rsquo;une autre\u00a0\u00bb.<\/p>\n<p>Les \u00e9l\u00e9ments marquantsQUI SERA PR\u00c9SENT EN SUISSE ?07:17<\/p>\n<p>Des responsables ukrainiens, am\u00e9ricains et europ\u00e9ens se retrouvent ce dimanche en Suisse pour discuter du plan de Donald Trump pour l&rsquo;Ukraine, qui fait craindre \u00e0 Kiev une capitulation forc\u00e9e mais ne constitue pas, selon Washington, une offre finale.<\/p>\n<p>Le chef de la diplomatie am\u00e9ricaine, Marco Rubio, sera pr\u00e9sent \u00e0 Gen\u00e8ve avec l&rsquo;\u00e9missaire sp\u00e9cial de Donald Trump, Steve Witkoff, pour ces discussions. Ils rejoindront le secr\u00e9taire \u00e0 l&rsquo;Arm\u00e9e, Daniel Driscoll.<\/p>\n<p>La d\u00e9l\u00e9gation ukrainienne sera men\u00e9e par le bras droit de M. Zelensky, le chef de la pr\u00e9sidence Andri\u00ef Iermak.\u00a0<\/p>\n<p>C\u00f4t\u00e9 europ\u00e9en, les conseillers \u00e0 la s\u00e9curit\u00e9 nationale des dirigeants fran\u00e7ais, allemand, britannique et italienne prendront part aux discussions \u00e0 Gen\u00e8ve.<\/p>\n<p>Minute par minuteQUI SERA PR\u00c9SENT EN SUISSE ?07:17<\/p>\n<p>Des responsables ukrainiens, am\u00e9ricains et europ\u00e9ens se retrouvent ce dimanche en Suisse pour discuter du plan de Donald Trump pour l&rsquo;Ukraine, qui fait craindre \u00e0 Kiev une capitulation forc\u00e9e mais ne constitue pas, selon Washington, une offre finale.<\/p>\n<p>Le chef de la diplomatie am\u00e9ricaine, Marco Rubio, sera pr\u00e9sent \u00e0 Gen\u00e8ve avec l&rsquo;\u00e9missaire sp\u00e9cial de Donald Trump, Steve Witkoff, pour ces discussions. Ils rejoindront le secr\u00e9taire \u00e0 l&rsquo;Arm\u00e9e, Daniel Driscoll.<\/p>\n<p>La d\u00e9l\u00e9gation ukrainienne sera men\u00e9e par le bras droit de M. Zelensky, le chef de la pr\u00e9sidence Andri\u00ef Iermak.\u00a0<\/p>\n<p>C\u00f4t\u00e9 europ\u00e9en, les conseillers \u00e0 la s\u00e9curit\u00e9 nationale des dirigeants fran\u00e7ais, allemand, britannique et italienne prendront part aux discussions \u00e0 Gen\u00e8ve.<\/p>\n<p>LE PLAN DE PAIX EST BIEN AM\u00c9RICAIN06:57<\/p>\n<p>Le chef de la diplomatie am\u00e9ricaine, Marco Rubio, a insist\u00e9 samedi soir sur le fait que le plan de r\u00e8glement du conflit en Ukraine annonc\u00e9 cette semaine venait bien des \u00c9tats-Unis et ne correspondait pas uniquement aux exigences de la Russie, comme l&rsquo;ont affirm\u00e9 des s\u00e9nateurs am\u00e9ricains.<\/p>\n<p>Le secr\u00e9taire d&rsquo;\u00c9tat am\u00e9ricain, qui est attendu dimanche \u00e0 Gen\u00e8ve pour discuter avec des responsables ukrainiens et europ\u00e9ens, a d\u00e9menti les affirmations de trois s\u00e9nateurs selon qui le plan serait presque compl\u00e8tement favorable \u00e0 la Russie.\u00a0<\/p>\n<p>\u00ab\u00a0La proposition de paix a \u00e9t\u00e9 r\u00e9dig\u00e9e par les Etats-Unis\u00a0\u00bb, a contest\u00e9 le ministre sur le r\u00e9seau social X. Ce texte \u00ab\u00a0pr\u00e9sente un cadre solide de n\u00e9gociations. Il se fonde sur des \u00e9l\u00e9ments fournis par la partie russe mais \u00e9galement sur des apports de l&rsquo;Ukraine\u00a0\u00bb, a argument\u00e9 le chef de la diplomatie am\u00e9ricaine.<\/p>\n<p>BONJOUR \u00c0 TOUS06:56<\/p>\n<p>Bonjour \u00e0 toutes et \u00e0 tous dans ce direct du dimanche 23 novembre consacr\u00e9 \u00e0 la guerre en Ukraine.<\/p>\n<p data-module=\"article-paragraph\" class=\"jsx-3046738180 Paragraph\">Ce plan en 28 points suscite une grande inqui\u00e9tude \u00e0 Kiev car il reprend plusieurs exigences cl\u00e9s de la Russie, \u00e0 savoir que l&rsquo;Ukraine lui c\u00e8de des territoires, accepte de r\u00e9duire la taille de son arm\u00e9e et renonce \u00e0 int\u00e9grer l&rsquo;Otan. Il offre cependant des garanties de s\u00e9curit\u00e9 occidentales \u00e0 Kiev pour pr\u00e9venir toute nouvelle attaque russe. Le pr\u00e9sident ukrainien Volodymyr Zelensky a repouss\u00e9 vendredi ce plan, que Donald Trump et Vladimir Poutine le pressent d&rsquo;accepter, assurant qu&rsquo;il allait proposer des \u00ab\u00a0alternatives\u00a0\u00bb aux Am\u00e9ricains.<\/p>\n<p data-module=\"article-paragraph\" class=\"jsx-3046738180 Paragraph Paragraph__End\">Un responsable am\u00e9ricain a confirm\u00e9 l&rsquo;arriv\u00e9e dimanche \u00e0 Gen\u00e8ve du secr\u00e9taire d&rsquo;\u00c9tat Marco Rubio et de l&rsquo;\u00e9missaire diplomatique de Donald Trump, Steve Witkoff, et celle, samedi, du secr\u00e9taire am\u00e9ricain \u00e0 l&rsquo;Arm\u00e9e Daniel Driscoll. La d\u00e9l\u00e9gation ukrainienne en charge des pourparlers sera men\u00e9e par le bras droit de Zelensky, le chef de la pr\u00e9sidence Andri\u00ef Iermak.\u00a0<\/p>\n<p><a href=\"https:\/\/www.tf1info.fr\/international\/video-tf1-reportage-ca-reviendrait-tout-simplement-a-capituler-a-kiev-des-ukrainiens-indignes-par-le-plan-de-paix-de-trump-2408279.html\" rel=\"noopener\" class=\"jsx-3308031228 Link flex\" target=\"_blank\"><img decoding=\"async\" src=\"https:\/\/www.europesays.com\/fr\/wp-content\/uploads\/2025\/11\/dans-les-rues-de-kiev-21-nov-2025-3236a2-1@1x.jpeg\" alt=\"TF1\" loading=\"lazy\" importance=\"low\" fetchpriority=\"low\" class=\"\" aria-hidden=\"true\"\/><\/p>\n<p class=\"jsx-3657663356 ReadMoreArticle__Title\">Lire aussi<\/p>\n<p class=\"jsx-3657663356\">\u00ab\u00a0\u00c7a reviendrait tout simplement \u00e0 capituler\u00a0\u00bb : \u00e0 Kiev, des Ukrainiens indign\u00e9s par le plan de paix de Trump<\/p>\n<p><\/a><\/p>\n<p data-module=\"article-paragraph\" class=\"jsx-3046738180 Paragraph Paragraph__End\">C\u00f4t\u00e9 europ\u00e9en, les conseillers \u00e0 la s\u00e9curit\u00e9 nationale des dirigeants fran\u00e7ais, allemand, britannique et italienne seront pr\u00e9sents \u00e0 Gen\u00e8ve pour prendre part aux discussions, selon plusieurs sources.<\/p>\n<p>La r\u00e9daction de TF1info<\/p>\n","protected":false},"excerpt":{"rendered":"Des responsables ukrainiens, am\u00e9ricains et europ\u00e9ens se retrouvent ce dimanche en Suisse pour discuter du plan de Donald&hellip;\n","protected":false},"author":2,"featured_media":5029,"comment_status":"","ping_status":"","sticky":false,"template":"","format":"standard","meta":{"footnotes":""},"categories":[1591],"tags":[1111,11,1921,75,73,674,1887,1922,1916,12,1885,1886,132,220,1917,133,1920,135,134],"class_list":{"0":"post-552832","1":"post","2":"type-post","3":"status-publish","4":"format-standard","5":"has-post-thumbnail","7":"category-russie","8":"tag-actu","9":"tag-actualites","10":"tag-article-video","11":"tag-donald-trump","12":"tag-etats-unis","13":"tag-europe","14":"tag-federation-de-russie","15":"tag-info","16":"tag-moscou","17":"tag-news","18":"tag-russia","19":"tag-russian-federation","20":"tag-russie","21":"tag-ukraine","22":"tag-ukraine-4-annee-de-guerre","23":"tag-video","24":"tag-video-international","25":"tag-vladimir-poutine","26":"tag-volodymyr-zelensky"},"share_on_mastodon":{"url":"https:\/\/pubeurope.com\/@fr\/115597641107742141","error":""},"_links":{"self":[{"href":"https:\/\/www.europesays.com\/fr\/wp-json\/wp\/v2\/posts\/552832","targetHints":{"allow":["GET"]}}],"collection":[{"href":"https:\/\/www.europesays.com\/fr\/wp-json\/wp\/v2\/posts"}],"about":[{"href":"https:\/\/www.europesays.com\/fr\/wp-json\/wp\/v2\/types\/post"}],"author":[{"embeddable":true,"href":"https:\/\/www.europesays.com\/fr\/wp-json\/wp\/v2\/users\/2"}],"replies":[{"embeddable":true,"href":"https:\/\/www.europesays.com\/fr\/wp-json\/wp\/v2\/comments?post=552832"}],"version-history":[{"count":0,"href":"https:\/\/www.europesays.com\/fr\/wp-json\/wp\/v2\/posts\/552832\/revisions"}],"wp:featuredmedia":[{"embeddable":true,"href":"https:\/\/www.europesays.com\/fr\/wp-json\/wp\/v2\/media\/5029"}],"wp:attachment":[{"href":"https:\/\/www.europesays.com\/fr\/wp-json\/wp\/v2\/media?parent=552832"}],"wp:term":[{"taxonomy":"category","embeddable":true,"href":"https:\/\/www.europesays.com\/fr\/wp-json\/wp\/v2\/categories?post=552832"},{"taxonomy":"post_tag","embeddable":true,"href":"https:\/\/www.europesays.com\/fr\/wp-json\/wp\/v2\/tags?post=552832"}],"curies":[{"name":"wp","href":"https:\/\/api.w.org\/{rel}","templated":true}]}}