{"id":552835,"date":"2025-11-23T06:40:49","date_gmt":"2025-11-23T06:40:49","guid":{"rendered":"https:\/\/www.europesays.com\/fr\/552835\/"},"modified":"2025-11-23T06:40:49","modified_gmt":"2025-11-23T06:40:49","slug":"cornelius-tondel-sexile-aux-usa-en-2026","status":"publish","type":"post","link":"https:\/\/www.europesays.com\/fr\/552835\/","title":{"rendered":"Cornelius T\u00f8ndel s&rsquo;exile aux USA en 2026"},"content":{"rendered":"<p class=\"post-date\">21\/11\/2025<\/p>\n<p>\t\t\t\t\t\t\t\t\t\t\t\t<a href=\"#\" onclick=\"window.open('http:\/\/www.facebook.com\/sharer.php?u=https:\/\/dailymotocross.fr\/cornelius-tondel-sexile-aux-usa-en-2026\/&amp;t=Cornelius T\u00f8ndel s\u2019exile aux USA en 2026', 'facebookShare', 'width=626,height=436'); return false;\" title=\"Partager sur Facebook\"><\/p>\n<p>Partager<\/p>\n<p><\/a><br \/>\n\t\t\t\t\t\t\t\t\t\t\t\t<a href=\"#\" onclick=\"window.open('http:\/\/twitter.com\/share?text=Cornelius T\u00f8ndel s\u2019exile aux USA en 2026 -&amp;url=https:\/\/dailymotocross.fr\/cornelius-tondel-sexile-aux-usa-en-2026\/', 'twitterShare', 'width=626,height=436'); return false;\" title=\"Tweeter\"><\/p>\n<p>Twitter<\/p>\n<p><\/a><br \/>\n\t\t\t\t\t\t\t\t\t\t\t\t<a href=\"whatsapp:\/\/send?text=Cornelius T\u00f8ndel s\u2019exile aux USA en 2026 https:\/\/dailymotocross.fr\/cornelius-tondel-sexile-aux-usa-en-2026\/\"><\/p>\n<p>Partager<\/p>\n<p><\/a><br \/>\n\t\t\t\t\t\t\t\t\t\t\t\t<a href=\"mailto:?subject=Cornelius T\u00f8ndel s\u2019exile aux USA en 2026&amp;BODY=I found this article interesting and thought of sharing it with you. Check it out: https:\/\/dailymotocross.fr\/cornelius-tondel-sexile-aux-usa-en-2026\/\"><\/p>\n<p>Email<\/p>\n<p><\/a><\/p>\n<p style=\"text-align: justify;\" data-start=\"131\" data-end=\"443\">Cornelius T\u00f8ndel va lui aussi tenter sa chance aux \u00c9tats-Unis l\u2019an prochain, et le pilote norv\u00e9gien ne compte pas faire les choses \u00e0 moiti\u00e9 : en 2026, il disputera sa toute premi\u00e8re saison de Supercross US chez les gros bras, mais participera \u00e9galement \u00e0 l\u2019outdoor et, \u00e9ventuellement, au championnat SMX.<\/p>\n<p style=\"text-align: justify;\" data-start=\"445\" data-end=\"867\">Pour cela, Cornelius pourra s\u2019appuyer sur le soutien de la structure ISRT (International Supercross Race Team), par laquelle sont pass\u00e9s cette ann\u00e9e Fredrik Noren, Max Miller ou encore Logan Leitzel. Cette annonce intervient peu apr\u00e8s son d\u00e9part de JWR Honda, avec laquelle il a disput\u00e9 la saison 2025 en se concentrant principalement sur le championnat du monde MXGP, avant de se fracturer la jambe \u00e0 Loket.<\/p>\n<p style=\"text-align: justify;\" data-start=\"869\" data-end=\"1347\">Cornelius T\u00f8ndel a \u00e9galement eu l\u2019occasion de d\u00e9couvrir la sc\u00e8ne am\u00e9ricaine cette ann\u00e9e en prenant part \u00e0 trois \u00e9preuves du championnat outdoor 450 sous les couleurs du team JWR Honda. Gr\u00e2ce \u00e0 quelques belles manches et \u00e0 son potentiel \u00e9vident, il s\u2019est ouvert les portes d\u2019un team pour une saison compl\u00e8te aux \u00c9tats-Unis. Ce changement s\u2019accompagne aussi d\u2019un passage chez Kawasaki. Un bouleversement complet pour Cornelius, qui d\u00e9couvrira une nouvelle discipline et un nouveau continent. Mais pour l\u2019heure, repos puisque Cornelius s\u2019est bless\u00e9 lors du SX de Stuttgart, alors qu\u2019il ne reste qu\u2019un mois et demi avant l\u2019ouverture de la saison SX US \u00e0 Anaheim 1.<\/p>\n<p style=\"text-align: justify;\" data-start=\"1349\" data-end=\"1916\">En 2022, Cornelius T\u00f8ndel se r\u00e9v\u00e9lait au grand public en d\u00e9crochant une troisi\u00e8me place sur l\u2019Europe 250, avant de passer en MX2 la saison suivante avec SM Action KTM. Apr\u00e8s des d\u00e9buts prometteurs aux portes du top 10, il avait d\u00fb s\u2019\u00e9loigner des circuits pour raisons m\u00e9dicales. Sorti de SM Action \u2013 et temporairement remplac\u00e9 par l\u2019Am\u00e9ricain Devin Simonson \u2013 il trouvait finalement refuge chez JWR Honda, qui venait de se s\u00e9parer d\u2019Hardi Roosiorg. Il participa ainsi \u00e0 quatre Grands Prix en cat\u00e9gorie MXGP en fin de saison, inscrivant m\u00eame quelques points.<\/p>\n<p style=\"text-align: justify;\" data-start=\"1918\" data-end=\"2288\">En 2024, le Norv\u00e9gien rebondissait au sein du team Schmicker KTM. Auteur d\u2019une manche exceptionnelle au Portugal, o\u00f9 il d\u00e9crocha une troisi\u00e8me place dans la boue d\u2019Agueda, il cumulera plusieurs top 10 au fil de la saison. Malgr\u00e9 trois GP manqu\u00e9s, Cornelius terminera 15\u1d49 de son premier championnat complet en MXGP, avant de retrouver JWR Honda pour la saison 2025 suite \u00e0 la fermeture du team Schmicker.<\/p>\n<p style=\"text-align: justify;\" data-start=\"1093\" data-end=\"1632\">Il y aura de fait un Europ\u00e9en de plus aux Etats-Unis. Et on ne serait pas surpris de voir Romain Pape se tester au SX US \u00e0 son tour en 2026. Rappelons \u00e9galement que Valentin Guillod est attendu sur le SX US \u2013 250 \u2013 avec Rock River Yamaha.<\/p>\n<p style=\"text-align: justify;\" data-start=\"1093\" data-end=\"1632\"><strong>Cornelius Toendel:<\/strong> \u00ab\u00a0Je suis super content d\u2019annoncer que je vais rouler \u00e0 temps plein aux \u00c9tats-Unis l\u2019ann\u00e9e prochaine. C\u2019est une opportunit\u00e9 dont je r\u00eave depuis que j\u2019ai commenc\u00e9 ce sport et je me sens vraiment chanceux d\u2019avoir cette chance. Merci \u00e0 l\u2019\u00e9quipe ISRT de croire en moi. On va bosser dur et faire en sorte que 2026 soit une belle saison.\u00a0\u00bb<\/p>\n<p>        <img loading=\"lazy\" alt=\"Avatar photo\" src=\"https:\/\/www.europesays.com\/fr\/wp-content\/uploads\/2025\/11\/cropped-Pits-NF-0818-NF__0670-70x70.jpg\"  class=\"avatar avatar-70 photo\" height=\"70\" width=\"70\" decoding=\"async\"\/>    <\/p>\n<p>        <a href=\"http:\/\/www.dailymotocross.fr\" target=\"_blank\" title=\"Visiter le site\" style=\"color:#555; text-decoration:none; transition:color 0.2s;\" onmouseover=\"this.style.color=\" onmouseout=\"this.style.color=\" rel=\"noopener\"><\/p>\n<p>        <\/a><br \/>\n        Editeur &#8211;<br \/>\n        www.dailymotocross.fr<\/p>\n<p>\t\t\t\t\t\t\t\t\t\t\t\t\t\t\t\t\t\t\t\t\t\t\t\t\t\t\t\t\t\t\tCornelius T\u00f8ndel s\u2019exile aux USA en 2026<\/p>\n<p>\t\t\t\t\t\t\t\t\t\t\t\t\t\t\t\t\t\t\t\t\t\t\t\t\t<img decoding=\"async\" src=\"https:\/\/www.europesays.com\/fr\/wp-content\/uploads\/2025\/09\/ss.jpg\"\/><\/p>\n<p>\t\t\t\t\t\t\t\t\t\t\t\t\t\t\t\t\t\t\t\t\t\t\t\t\t\t\t\t\t<script async src=\"https:\/\/platform.twitter.com\/widgets.js\" charset=\"utf-8\"><\/script><\/p>\n","protected":false},"excerpt":{"rendered":"21\/11\/2025 Partager Twitter Partager Email Cornelius T\u00f8ndel va lui aussi tenter sa chance aux \u00c9tats-Unis l\u2019an prochain, et&hellip;\n","protected":false},"author":2,"featured_media":552836,"comment_status":"","ping_status":"","sticky":false,"template":"","format":"standard","meta":{"footnotes":""},"categories":[1589],"tags":[11,73,1866,12,1864,1865,1863,308],"class_list":{"0":"post-552835","1":"post","2":"type-post","3":"status-publish","4":"format-standard","5":"has-post-thumbnail","7":"category-etats-unis","8":"tag-actualites","9":"tag-etats-unis","10":"tag-etats-unis-damerique","11":"tag-news","12":"tag-united-states","13":"tag-united-states-of-america","14":"tag-us","15":"tag-usa"},"share_on_mastodon":{"url":"https:\/\/pubeurope.com\/@fr\/115597652539859767","error":""},"_links":{"self":[{"href":"https:\/\/www.europesays.com\/fr\/wp-json\/wp\/v2\/posts\/552835","targetHints":{"allow":["GET"]}}],"collection":[{"href":"https:\/\/www.europesays.com\/fr\/wp-json\/wp\/v2\/posts"}],"about":[{"href":"https:\/\/www.europesays.com\/fr\/wp-json\/wp\/v2\/types\/post"}],"author":[{"embeddable":true,"href":"https:\/\/www.europesays.com\/fr\/wp-json\/wp\/v2\/users\/2"}],"replies":[{"embeddable":true,"href":"https:\/\/www.europesays.com\/fr\/wp-json\/wp\/v2\/comments?post=552835"}],"version-history":[{"count":0,"href":"https:\/\/www.europesays.com\/fr\/wp-json\/wp\/v2\/posts\/552835\/revisions"}],"wp:featuredmedia":[{"embeddable":true,"href":"https:\/\/www.europesays.com\/fr\/wp-json\/wp\/v2\/media\/552836"}],"wp:attachment":[{"href":"https:\/\/www.europesays.com\/fr\/wp-json\/wp\/v2\/media?parent=552835"}],"wp:term":[{"taxonomy":"category","embeddable":true,"href":"https:\/\/www.europesays.com\/fr\/wp-json\/wp\/v2\/categories?post=552835"},{"taxonomy":"post_tag","embeddable":true,"href":"https:\/\/www.europesays.com\/fr\/wp-json\/wp\/v2\/tags?post=552835"}],"curies":[{"name":"wp","href":"https:\/\/api.w.org\/{rel}","templated":true}]}}