{"id":552839,"date":"2025-11-23T06:42:22","date_gmt":"2025-11-23T06:42:22","guid":{"rendered":"https:\/\/www.europesays.com\/fr\/552839\/"},"modified":"2025-11-23T06:42:22","modified_gmt":"2025-11-23T06:42:22","slug":"tennis-coupe-davis-lespagne-sort-lallemagne-en-demies-et-rejoint-litalie-en-finale","status":"publish","type":"post","link":"https:\/\/www.europesays.com\/fr\/552839\/","title":{"rendered":"Tennis. Coupe Davis &#8211; L&rsquo;Espagne sort l&rsquo;Allemagne en demies et rejoint l&rsquo;Italie en finale !"},"content":{"rendered":"<p><strong>L&rsquo;Allemagne\u00a0<\/strong>ne sera pas en finale de la<strong>\u00a0<a href=\"https:\/\/www.tennisactu.net\/..\/\" target=\"_blank\" rel=\"noopener\">Coupe Davis<\/a><\/strong><a href=\"https:\/\/www.tennisactu.net\/..\/\" target=\"_blank\" rel=\"noopener\">.<\/a>\u00a0Malgr\u00e9 l&rsquo;absence de <strong>Carlos Alcaraz,<\/strong> les Espagnols ont sorti les Allemands en demi-finales du <strong>Final 8<\/strong> ce samedi. Face \u00e0\u00a0<strong>Jan-Lennard Struff,<a href=\"https:\/\/www.tennisactu.net\/..\/news-coupe-davis-pablo-carreno-busta-a-6-1-je-pousse-en-pensant-au-troisieme-120423.html\" target=\"_blank\" rel=\"noopener\">\u00a0Pablo Carreno-Busta\u00a0<\/a><\/strong>a parfaitement lanc\u00e9 sa nation, disposant de l&rsquo;Allemand, en remontant\u00a0notamment un 6-1 dans le tiebreak du second set (6-4, 7-6[6]). La marche montait d&rsquo;un cran dans le deuxi\u00e8me simple pour les hommes de\u00a0<strong>David Ferrer\u00a0<\/strong>avec un duel entre<strong>\u00a0Jaume Munar\u00a0<\/strong>et\u00a0<strong>Alexander Zverev.\u00a0<\/strong>Au terme de deux tie-breaks, c&rsquo;est bien le num\u00e9ro trois mondial qui a dispos\u00e9 de l&rsquo;Espagnol (7-6[2], 7-6[4]) pour pousser la rencontre au double d\u00e9cisif.<\/p>\n<p>Vid\u00e9o &#8211;  Lire la suite de l&rsquo;article&#13;<\/p>\n<p>\u00a0<\/p>\n<p>&#13;<\/p>\n<blockquote class=\"twitter-tweet\" align=\"center\" style=\"width:100%!important;max-width:560px!important;height:500px;min-width:250px;text-align:center;margin:0 auto;\"><p>&#13;<\/p>\n<p dir=\"ltr\" lang=\"en\">The moment Martinez and Granollers sent Spain into the Final \u2764\ufe0f<a href=\"https:\/\/twitter.com\/hashtag\/DavisCup?src=hash&amp;ref_src=twsrc%5Etfw\" target=\"_blank\" rel=\"noopener\">#DavisCup<\/a> <a href=\"https:\/\/t.co\/TQU7FIEbNh\">pic.twitter.com\/TQU7FIEbNh<\/a><\/p>\n<p>&#13;<br \/>\n\u2014 Davis Cup (@DavisCup) <a href=\"https:\/\/twitter.com\/DavisCup\/status\/1992295610561495445?ref_src=twsrc%5Etfw\" target=\"_blank\" rel=\"noopener\">November 22, 2025<\/a><\/p><\/blockquote>\n<p>&#13;<br \/>\n&#13;<\/p>\n<p>\u00a0<\/p>\n<p>&#13;<br \/>\nGranollers et Martinez envoient l&rsquo;Espagne en finale (2-1)&#13;<\/p>\n<p>Si\u00a0<strong>Alexander Zverev<\/strong>\u00a0a maintenu l&rsquo;Allemagne en vie, ce n&rsquo;\u00e9tait que pour un court moment. En effet,\u00a0<strong>Marcel Granollers<\/strong>\u00a0et\u00a0<strong>Pedro Martinez <\/strong>ont remport\u00e9\u00a0dans la foul\u00e9e le double d\u00e9cisif face \u00e0 une vraie paire de sp\u00e9cialistes,<a href=\"https:\/\/www.tennisactu.net\/..\/news-coupe-davis-proche-de-la-defaite-l-allemagne-a-arrache-sa-qualif-a-1h-du-mat-120393.html\" target=\"_blank\" rel=\"noopener\">\u00a0<strong>Kevin Krawietz\u00a0<\/strong>et\u00a0<strong>Tim Puetz<\/strong><\/a>, sur le score de 6-2, 3-6, 6-3. Un succ\u00e8s qui permet \u00e0 l&rsquo;<strong>Espagne <\/strong>de rejoindre l&rsquo;<strong>Italie <\/strong>en finale. Les Espagnols viseront un 7e titre dans cette comp\u00e9tition dimanche.<\/p>\n<p>&#13;<br \/>\n&#13;<br \/>\nLes r\u00e9sultats de ce samedi 22 novembre&#13;<\/p>\n<p>A partir de 12h00<\/p>\n<p>&#13;<\/p>\n<p><strong>Pablo Carreno-Busta (ESP)<\/strong>\u00a0&#8211; Jan-Lennard Struff (ALL) 6-4, 7-6[6]<\/p>\n<p>&#13;<\/p>\n<p><strong>Alexander Zverev (ALL)\u00a0<\/strong>&#8211; Jaume Munar (ESP) 7-6[2], 7-6[5]<\/p>\n<p>&#13;<\/p>\n<p><strong>Marcel Granollers\/Pedro Martinez (ESP)<\/strong> &#8211; Kevin Krawietz\/Tim Puetz (ALL)\u00a06-2, 3-6, 6-3<\/p>\n<p><script async src=\"https:\/\/platform.twitter.com\/widgets.js\" charset=\"utf-8\"><\/script><\/p>\n","protected":false},"excerpt":{"rendered":"L&rsquo;Allemagne\u00a0ne sera pas en finale de la\u00a0Coupe Davis.\u00a0Malgr\u00e9 l&rsquo;absence de Carlos Alcaraz, les Espagnols ont sorti les Allemands&hellip;\n","protected":false},"author":2,"featured_media":552840,"comment_status":"","ping_status":"","sticky":false,"template":"","format":"standard","meta":{"footnotes":""},"categories":[1587],"tags":[47,11,672,4169,1804,4178,1805,1803,1777,674,1801,955,12,1802,1467,4170],"class_list":{"0":"post-552839","1":"post","2":"type-post","3":"status-publish","4":"format-standard","5":"has-post-thumbnail","7":"category-allemagne","8":"tag-actualite","9":"tag-actualites","10":"tag-allemagne","11":"tag-atp","12":"tag-bundesrepublik-deutschland","13":"tag-coupe-davis","14":"tag-de","15":"tag-deutschland","16":"tag-eu","17":"tag-europe","18":"tag-germany","19":"tag-match","20":"tag-news","21":"tag-republique-federale-dallemagne","22":"tag-tennis","23":"tag-wta"},"share_on_mastodon":{"url":"https:\/\/pubeurope.com\/@fr\/115597655594591355","error":""},"_links":{"self":[{"href":"https:\/\/www.europesays.com\/fr\/wp-json\/wp\/v2\/posts\/552839","targetHints":{"allow":["GET"]}}],"collection":[{"href":"https:\/\/www.europesays.com\/fr\/wp-json\/wp\/v2\/posts"}],"about":[{"href":"https:\/\/www.europesays.com\/fr\/wp-json\/wp\/v2\/types\/post"}],"author":[{"embeddable":true,"href":"https:\/\/www.europesays.com\/fr\/wp-json\/wp\/v2\/users\/2"}],"replies":[{"embeddable":true,"href":"https:\/\/www.europesays.com\/fr\/wp-json\/wp\/v2\/comments?post=552839"}],"version-history":[{"count":0,"href":"https:\/\/www.europesays.com\/fr\/wp-json\/wp\/v2\/posts\/552839\/revisions"}],"wp:featuredmedia":[{"embeddable":true,"href":"https:\/\/www.europesays.com\/fr\/wp-json\/wp\/v2\/media\/552840"}],"wp:attachment":[{"href":"https:\/\/www.europesays.com\/fr\/wp-json\/wp\/v2\/media?parent=552839"}],"wp:term":[{"taxonomy":"category","embeddable":true,"href":"https:\/\/www.europesays.com\/fr\/wp-json\/wp\/v2\/categories?post=552839"},{"taxonomy":"post_tag","embeddable":true,"href":"https:\/\/www.europesays.com\/fr\/wp-json\/wp\/v2\/tags?post=552839"}],"curies":[{"name":"wp","href":"https:\/\/api.w.org\/{rel}","templated":true}]}}