{"id":552841,"date":"2025-11-23T06:43:13","date_gmt":"2025-11-23T06:43:13","guid":{"rendered":"https:\/\/www.europesays.com\/fr\/552841\/"},"modified":"2025-11-23T06:43:13","modified_gmt":"2025-11-23T06:43:13","slug":"les-billets-de-train-pour-voyager-en-europe-a-lete-2026-sont-deja-disponibles","status":"publish","type":"post","link":"https:\/\/www.europesays.com\/fr\/552841\/","title":{"rendered":"Les billets de train pour voyager en Europe \u00e0 l\u2019\u00e9t\u00e9 2026 sont d\u00e9j\u00e0 disponibles\u00a0!"},"content":{"rendered":"<p>On le sait,<strong> il vient tout juste de neiger \u00e0 Paris <\/strong>et l\u2019hiver n\u2019a m\u00eame pas encore officiellement commenc\u00e9 \u2014 bien que les temp\u00e9ratures laissent croire le contraire. Alors <strong>de l\u00e0 \u00e0 parler du printemps et de l\u2019\u00e9t\u00e9 2026<\/strong>\u2026 Autant dire que ce n\u2019est pas exactement d\u2019actualit\u00e9 dans notre t\u00eate. Pourtant, \u00e7a l\u2019est <strong>chez Eurostar<\/strong>\u00a0! La compagnie ferroviaire a d\u2019ores et d\u00e9j\u00e0 lanc\u00e9 sa billetterie pour les voyages qui auront lieu lors <strong>des beaux jours de 2026<\/strong>.\u00a0<\/p>\n<p>&#13;<br \/>\n<br \/><strong>L&rsquo;Europe \u00e0 partirde 35 \u20ac au printemps prochain<\/strong>&#13;<\/p>\n<p>Vous avez d\u00e9j\u00e0 des destinations estivales en t\u00eate\u00a0? <strong>C\u2019est le moment de r\u00e9server<\/strong>. Eurostar a ouvert sa billetterie pour les voyages compris entre le 18 mai et le 27 juillet 2026. Direction <a href=\"https:\/\/www.lebonbon.fr\/paris\/voyages\/un-grand-week-end-a-londres\/\" rel=\"nofollow noopener\" target=\"_blank\"><strong>Londres<\/strong><\/a> \u00e0 partir de 54 \u20ac, <strong>Bruxelles<\/strong> \u00e0 partir de 35 \u20ac, ou encore <a href=\"https:\/\/www.lebonbon.fr\/paris\/voyages\/amsterdam-adresses-incontournables-week-end-folie\/\" rel=\"nofollow noopener\" target=\"_blank\"><strong>Amsterdam<\/strong><\/a> et <strong>Cologne<\/strong> d\u00e8s 44 \u20ac. Pour rappel, si vous voyagez en famille, les enfants de moins de quatre ans <strong>voyagent gratuitement <\/strong>tandis que ceux de moins de 12 ans ont droit <strong>\u00e0 des tarifs r\u00e9duits<\/strong>.\u00a0<\/p>\n<p>&#13;<\/p>\n<blockquote class=\"instagram-media\" data-instgrm-permalink=\"https:\/\/www.instagram.com\/p\/DJSBNT4Mi1r\/?utm_source=ig_embed&amp;utm_campaign=loading\" data-instgrm-version=\"14\" style=\"background: #FFF; border: 0; border-radius: 3px; box-shadow: 0 0 1px 0 rgba(0,0,0,0.5),0 1px 10px 0 rgba(0,0,0,0.15); margin: 1px; max-width: 540px; min-width: 326px; padding: 0; width: calc(100% - 2px);\"><p>&#13;<br \/>\n&#13;\n<\/p><\/blockquote>\n<p>&#13;<br \/>\n&#13;<br \/>\n<br \/><strong>Entre culture, histoire et gastronomie<\/strong>&#13;<\/p>\n<p>La question est donc de savoir ce qui vous tente le plus. Londres d\u2019un c\u00f4t\u00e9, saura vous offrir toute <a href=\"https:\/\/www.lebonbon.fr\/paris\/les-tops-spots\/l-itineraire-parfait-vibrer-non-stop-lors-d-long-week-end-a-londres\/\" rel=\"nofollow noopener\" target=\"_blank\"><strong>la richesse architecturale et culturelle<\/strong><\/a>, avec une programmation th\u00e9\u00e2trale aux petits oignons en 2026. Du c\u00f4t\u00e9 d\u2019Amsterdam, on opte pour <strong>de charmantes balades au bord des diff\u00e9rents canaux <\/strong>ou vers les champs de tulipes qui fleurissent au printemps. Bruxelles ne nous d\u00e9\u00e7oit jamais avec sa gastronomie aussi riche que gourmande entre <a href=\"https:\/\/www.lebonbon.fr\/paris\/les-tops-spots\/echappee-belle-a-bruxelles\/\" rel=\"nofollow noopener\" target=\"_blank\"><strong>frites, gaufres, chocolats et bi\u00e8res locales<\/strong><\/a>. Et Cologne\u00a0? Le mix parfait entre ville et nature. Dot\u00e9e de nombreux <strong>quartiers au charme singulier<\/strong>, elle sait s\u00e9duire le plus grand nombre, \u00e0 seulement 3h20 de Paris.\u00a0<\/p>\n<p>&#13;<\/p>\n<blockquote class=\"instagram-media\" data-instgrm-permalink=\"https:\/\/www.instagram.com\/p\/DHV-Vvmv1nR\/?utm_source=ig_embed&amp;utm_campaign=loading\" data-instgrm-version=\"14\" style=\"background: #FFF; border: 0; border-radius: 3px; box-shadow: 0 0 1px 0 rgba(0,0,0,0.5),0 1px 10px 0 rgba(0,0,0,0.15); margin: 1px; max-width: 540px; min-width: 326px; padding: 0; width: calc(100% - 2px);\"><p>&#13;<br \/>\n&#13;\n<\/p><\/blockquote>\n<p>&#13;<br \/>\n<script async src=\"\/\/www.instagram.com\/embed.js\"><\/script><\/p>\n","protected":false},"excerpt":{"rendered":"On le sait, il vient tout juste de neiger \u00e0 Paris et l\u2019hiver n\u2019a m\u00eame pas encore officiellement&hellip;\n","protected":false},"author":2,"featured_media":552842,"comment_status":"","ping_status":"","sticky":false,"template":"","format":"standard","meta":{"footnotes":""},"categories":[1586],"tags":[11,1777,674,1011,27,12,25],"class_list":{"0":"post-552841","1":"post","2":"type-post","3":"status-publish","4":"format-standard","5":"has-post-thumbnail","7":"category-europe","8":"tag-actualites","9":"tag-eu","10":"tag-europe","11":"tag-fr","12":"tag-france","13":"tag-news","14":"tag-republique-francaise"},"share_on_mastodon":{"url":"","error":""},"_links":{"self":[{"href":"https:\/\/www.europesays.com\/fr\/wp-json\/wp\/v2\/posts\/552841","targetHints":{"allow":["GET"]}}],"collection":[{"href":"https:\/\/www.europesays.com\/fr\/wp-json\/wp\/v2\/posts"}],"about":[{"href":"https:\/\/www.europesays.com\/fr\/wp-json\/wp\/v2\/types\/post"}],"author":[{"embeddable":true,"href":"https:\/\/www.europesays.com\/fr\/wp-json\/wp\/v2\/users\/2"}],"replies":[{"embeddable":true,"href":"https:\/\/www.europesays.com\/fr\/wp-json\/wp\/v2\/comments?post=552841"}],"version-history":[{"count":0,"href":"https:\/\/www.europesays.com\/fr\/wp-json\/wp\/v2\/posts\/552841\/revisions"}],"wp:featuredmedia":[{"embeddable":true,"href":"https:\/\/www.europesays.com\/fr\/wp-json\/wp\/v2\/media\/552842"}],"wp:attachment":[{"href":"https:\/\/www.europesays.com\/fr\/wp-json\/wp\/v2\/media?parent=552841"}],"wp:term":[{"taxonomy":"category","embeddable":true,"href":"https:\/\/www.europesays.com\/fr\/wp-json\/wp\/v2\/categories?post=552841"},{"taxonomy":"post_tag","embeddable":true,"href":"https:\/\/www.europesays.com\/fr\/wp-json\/wp\/v2\/tags?post=552841"}],"curies":[{"name":"wp","href":"https:\/\/api.w.org\/{rel}","templated":true}]}}