{"id":552843,"date":"2025-11-23T06:44:15","date_gmt":"2025-11-23T06:44:15","guid":{"rendered":"https:\/\/www.europesays.com\/fr\/552843\/"},"modified":"2025-11-23T06:44:15","modified_gmt":"2025-11-23T06:44:15","slug":"le-vietnam-le-canada-et-lue-renforcent-la-connectivite-cptpp","status":"publish","type":"post","link":"https:\/\/www.europesays.com\/fr\/552843\/","title":{"rendered":"Le Vietnam, le Canada et l\u2019UE renforcent la connectivit\u00e9 CPTPP"},"content":{"rendered":"<p>&#13;<br \/>\n                        Le Vietnam, le Canada et l\u2019UE renforcent la connectivit\u00e9 CPTPP &#8211; UE en marge du G20&#13;\n                    <\/p>\n<p style=\"text-align:\">\u00c0 l\u2019occasion du Sommet du G20 en Afrique du Sud, dans l\u2019apr\u00e8s-midi du 22 novembre (heure locale), le Premier ministre Pham Minh Chinh a rencontr\u00e9 le Premier ministre du Canada, Mark Carney, et la pr\u00e9sidente de la Commission europ\u00e9enne (UE), Ursula von der Leyen, pour discuter d\u2019orientations visant \u00e0 renforcer la connectivit\u00e9 et \u00e0 promouvoir la coop\u00e9ration commerciale et l\u2019investissement entre les pays membres de l\u2019Accord de partenariat transpacifique global et progressiste (CPTPP) et l\u2019UE.<\/p>\n<p><a href=\"https:\/\/lecourrier.vn\/pham-minh-chinh-rencontre-des-dirigeants-de-r-de-coree-dinde-et-despagne\/1295914.html\" title=\"Pham Minh Chinh rencontre des dirigeants de R. de Cor\u00e9e, d&#039;Inde et d&#039;Espagne\" target=\"_blank\" rel=\"noopener\">&gt;&gt; Pham Minh Chinh rencontre des dirigeants de R. de Cor\u00e9e, d&rsquo;Inde et d&rsquo;Espagne<\/a><\/p>\n<p><a href=\"https:\/\/lecourrier.vn\/le-pm-vietnamien-multiplie-ses-contacts-bilateraux-en-marge-du-sommet-du-g20\/1295915.html\" title=\"Le PM vietnamien multiplie ses contacts bilat\u00e9raux en marge du Sommet du G20\" target=\"_blank\" rel=\"noopener\">&gt;&gt; Le PM vietnamien multiplie ses contacts bilat\u00e9raux en marge du Sommet du G20<\/a><\/p>\n<p><a href=\"https:\/\/lecourrier.vn\/pham-minh-chinh-propose-trois-garanties-strategiques-pour-la-croissance-inclusive\/1295916.html\" title=\"Pham Minh Chinh propose trois garanties strat\u00e9giques pour la croissance inclusive\" target=\"_blank\" rel=\"noopener\">&gt;&gt; Pham Minh Chinh propose trois garanties strat\u00e9giques pour la croissance inclusive<\/a><\/p>\n<p style=\"text-align:left\">Les trois dirigeants ont salu\u00e9 l\u2019\u00e9tablissement du Dialogue sur le commerce et l\u2019investissement CPTPP-UE dans un contexte mondial marqu\u00e9 par de profondes turbulences et de multiples d\u00e9fis. Ils ont soulign\u00e9 qu\u2019il s\u2019agissait d\u2019une \u00e9tape importante pour renforcer les liens entre deux des r\u00e9gions \u00e9conomiques les plus dynamiques au monde et consolider un ordre commercial mondial ouvert, \u00e9quitable et fond\u00e9 sur des r\u00e8gles.<\/p>\n<tr>\n<td class=\"pic\"><img decoding=\"async\" class=\"lazyload\" src=\"https:\/\/www.europesays.com\/fr\/wp-content\/uploads\/2025\/11\/062222-ts.jpg\" alt=\"\"\/><\/td>\n<\/tr>\n<tr>\n<td class=\"caption\">Le Premier ministre Pham Minh Chinh (gauche) a rencontr\u00e9 le Premier ministre du Canada, Mark Carney, et la pr\u00e9sidente de la Commission europ\u00e9enne, Ursula von der Leyen.\u00a0<\/td>\n<\/tr>\n<tr align=\"right\">\n<td class=\"author\">Photo: VNA\/CVN<\/td>\n<\/tr>\n<p style=\"text-align:left\">Le Premier ministre du Canada a affirm\u00e9 qu\u2019il accorderait la priorit\u00e9 \u00e0 la mobilisation de ressources pour promouvoir la coop\u00e9ration entre le CPTPP et l\u2019UE, et a propos\u00e9 de charger les minist\u00e8res et organes comp\u00e9tents d\u2019\u00e9changer afin de concr\u00e9tiser les axes de coop\u00e9ration.<\/p>\n<p style=\"text-align:left\">La pr\u00e9sidente de la Commission europ\u00e9enne a exprim\u00e9 le souhait de promouvoir la coop\u00e9ration en mati\u00e8re de commerce num\u00e9rique, en vue de la signature d\u2019un accord bilat\u00e9ral dans ce domaine.<\/p>\n<p style=\"text-align:left\">S\u2019exprimant lors de la r\u00e9union, le Premier ministre Pham Minh Chinh a soulign\u00e9 l\u2019importance de renforcer la coop\u00e9ration CPTPP-UE et s\u2019est d\u00e9clar\u00e9 satisfait de la premi\u00e8re session du Dialogue sur le commerce et l\u2019investissement CPTPP-UE, qui s\u2019est d\u00e9roul\u00e9e avec succ\u00e8s la semaine derni\u00e8re et au cours de laquelle les deux parties ont convenu d\u2019adopter une d\u00e9claration conjointe.<\/p>\n<tr>\n<td class=\"pic\"><img decoding=\"async\" class=\"lazyload\" src=\"https:\/\/www.europesays.com\/fr\/wp-content\/uploads\/2025\/11\/062330-ts.jpg\" alt=\"\"\/><\/td>\n<\/tr>\n<tr>\n<td class=\"caption\">Lors de la rencontre.\u00a0<\/td>\n<\/tr>\n<tr align=\"right\">\n<td class=\"author\">Photo : VNA\/CVN<\/td>\n<\/tr>\n<p style=\"text-align:left\">Partageant le plan visant \u00e0 assumer la pr\u00e9sidence tournante du CPTPP en 2026, le Premier ministre a indiqu\u00e9 que le Vietnam se pr\u00e9parait minutieusement et esp\u00e9rait recevoir le soutien actif des membres du CPTPP. Il a \u00e9galement d\u00e9clar\u00e9 que pour 2026, le Vietnam avait clairement identifi\u00e9 le Dialogue sur le commerce et l\u2019investissement CPTPP-UE comme l&rsquo;une de ses principales priorit\u00e9s.<\/p>\n<p style=\"text-align:left\">Le Premier ministre du Canada et la pr\u00e9sidente de la Commission europ\u00e9enne ont hautement appr\u00e9ci\u00e9 les \u00e9changes du chef du gouvernement vietnamien, ont salu\u00e9 la prise en charge par le Vietnam de la pr\u00e9sidence du CPTPP en 2026 et ont affirm\u00e9 qu\u2019ils coop\u00e9reraient \u00e9troitement afin que le Vietnam remplisse avec succ\u00e8s ce r\u00f4le majeur pour promouvoir la coop\u00e9ration commerciale et l\u2019investissement entre les membres du CPTPP ainsi qu\u2019entre le CPTPP et ses partenaires.<\/p>\n<p style=\"text-align:right\"><b>VNA\/CVN<\/b><\/p>\n","protected":false},"excerpt":{"rendered":"&#13; Le Vietnam, le Canada et l\u2019UE renforcent la connectivit\u00e9 CPTPP &#8211; UE en marge du G20&#13; \u00c0&hellip;\n","protected":false},"author":2,"featured_media":552844,"comment_status":"","ping_status":"","sticky":false,"template":"","format":"standard","meta":{"footnotes":""},"categories":[1586],"tags":[11,574,66996,1777,674,1779,1011,27,50368,12,25,1778,364,951],"class_list":{"0":"post-552843","1":"post","2":"type-post","3":"status-publish","4":"format-standard","5":"has-post-thumbnail","7":"category-europe","8":"tag-actualites","9":"tag-canada","10":"tag-cptpp","11":"tag-eu","12":"tag-europe","13":"tag-european-union","14":"tag-fr","15":"tag-france","16":"tag-g20","17":"tag-news","18":"tag-republique-francaise","19":"tag-ue","20":"tag-union-europeenne","21":"tag-vietnam"},"share_on_mastodon":{"url":"https:\/\/pubeurope.com\/@fr\/115597664621210771","error":""},"_links":{"self":[{"href":"https:\/\/www.europesays.com\/fr\/wp-json\/wp\/v2\/posts\/552843","targetHints":{"allow":["GET"]}}],"collection":[{"href":"https:\/\/www.europesays.com\/fr\/wp-json\/wp\/v2\/posts"}],"about":[{"href":"https:\/\/www.europesays.com\/fr\/wp-json\/wp\/v2\/types\/post"}],"author":[{"embeddable":true,"href":"https:\/\/www.europesays.com\/fr\/wp-json\/wp\/v2\/users\/2"}],"replies":[{"embeddable":true,"href":"https:\/\/www.europesays.com\/fr\/wp-json\/wp\/v2\/comments?post=552843"}],"version-history":[{"count":0,"href":"https:\/\/www.europesays.com\/fr\/wp-json\/wp\/v2\/posts\/552843\/revisions"}],"wp:featuredmedia":[{"embeddable":true,"href":"https:\/\/www.europesays.com\/fr\/wp-json\/wp\/v2\/media\/552844"}],"wp:attachment":[{"href":"https:\/\/www.europesays.com\/fr\/wp-json\/wp\/v2\/media?parent=552843"}],"wp:term":[{"taxonomy":"category","embeddable":true,"href":"https:\/\/www.europesays.com\/fr\/wp-json\/wp\/v2\/categories?post=552843"},{"taxonomy":"post_tag","embeddable":true,"href":"https:\/\/www.europesays.com\/fr\/wp-json\/wp\/v2\/tags?post=552843"}],"curies":[{"name":"wp","href":"https:\/\/api.w.org\/{rel}","templated":true}]}}