{"id":552845,"date":"2025-11-23T06:45:24","date_gmt":"2025-11-23T06:45:24","guid":{"rendered":"https:\/\/www.europesays.com\/fr\/552845\/"},"modified":"2025-11-23T06:45:24","modified_gmt":"2025-11-23T06:45:24","slug":"les-notes-de-france-australie-bielle-biarrey-en-feu-ramos-leader-tout-terrain","status":"publish","type":"post","link":"https:\/\/www.europesays.com\/fr\/552845\/","title":{"rendered":"Les notes de France &#8211; Australie\u00a0: Bielle-Biarrey en feu, Ramos leader tout-terrain"},"content":{"rendered":"<p>D\u00e8s le coup d&rsquo;envoi, on a pu voir qu&rsquo;<b>Angus Bell (note\u00a0: 8)<\/b> avait du gaz, sur une premi\u00e8re perc\u00e9e dans ses 22m. Le pilier gauche a insist\u00e9, en inscrivant un essai incroyable, se d\u00e9faisant de Ramos aux 30m pour perforer la d\u00e9fense bleue et r\u00e9sister aux retours, tout en jambes. 6 d\u00e9fenseurs battus, 53m gagn\u00e9s, \u00e0 son poste, c&rsquo;est exceptionnel. Ajoutez-y 12 plaquages, meilleur total du match \u00e0 \u00e9galit\u00e9 avec Jegou, pour une performance compl\u00e8te.<\/p>\n<p>Ses partenaires de la premi\u00e8re ligne ont plut\u00f4t \u00e9t\u00e9 \u00e0 leur avantage aussi, le talonneur <b>Faessler (6)<\/b> inscrivant deux essais et le futur droitier du Racing 92, <b>Tupou (6)<\/b>, faisant parler sa puissance et son art du grattage. Derri\u00e8re, le jeune Jorgensen (6), parfois h\u00e9sitant en d\u00e9fense, a justifi\u00e9 de son essai en solo, tout en vitesse, les espoirs plac\u00e9s en lui chez les Wallabies. Mais autour de lui, <b>Sua&rsquo;ali&rsquo;i (4)<\/b> s&rsquo;est montr\u00e9 plut\u00f4t terne, en attaque comme en d\u00e9fense, et <b>Potter (4)<\/b> sans magie dans son duel avec Bielle-Biarrey, qui l&rsquo;a fait souffrir sur l&rsquo;aile.<\/p>\n","protected":false},"excerpt":{"rendered":"D\u00e8s le coup d&rsquo;envoi, on a pu voir qu&rsquo;Angus Bell (note\u00a0: 8) avait du gaz, sur une premi\u00e8re&hellip;\n","protected":false},"author":2,"featured_media":552846,"comment_status":"","ping_status":"","sticky":false,"template":"","format":"standard","meta":{"footnotes":""},"categories":[2],"tags":[11,1011,27,12,25],"class_list":{"0":"post-552845","1":"post","2":"type-post","3":"status-publish","4":"format-standard","5":"has-post-thumbnail","7":"category-actualites","8":"tag-actualites","9":"tag-fr","10":"tag-france","11":"tag-news","12":"tag-republique-francaise"},"share_on_mastodon":{"url":"https:\/\/pubeurope.com\/@fr\/115597667420397224","error":""},"_links":{"self":[{"href":"https:\/\/www.europesays.com\/fr\/wp-json\/wp\/v2\/posts\/552845","targetHints":{"allow":["GET"]}}],"collection":[{"href":"https:\/\/www.europesays.com\/fr\/wp-json\/wp\/v2\/posts"}],"about":[{"href":"https:\/\/www.europesays.com\/fr\/wp-json\/wp\/v2\/types\/post"}],"author":[{"embeddable":true,"href":"https:\/\/www.europesays.com\/fr\/wp-json\/wp\/v2\/users\/2"}],"replies":[{"embeddable":true,"href":"https:\/\/www.europesays.com\/fr\/wp-json\/wp\/v2\/comments?post=552845"}],"version-history":[{"count":0,"href":"https:\/\/www.europesays.com\/fr\/wp-json\/wp\/v2\/posts\/552845\/revisions"}],"wp:featuredmedia":[{"embeddable":true,"href":"https:\/\/www.europesays.com\/fr\/wp-json\/wp\/v2\/media\/552846"}],"wp:attachment":[{"href":"https:\/\/www.europesays.com\/fr\/wp-json\/wp\/v2\/media?parent=552845"}],"wp:term":[{"taxonomy":"category","embeddable":true,"href":"https:\/\/www.europesays.com\/fr\/wp-json\/wp\/v2\/categories?post=552845"},{"taxonomy":"post_tag","embeddable":true,"href":"https:\/\/www.europesays.com\/fr\/wp-json\/wp\/v2\/tags?post=552845"}],"curies":[{"name":"wp","href":"https:\/\/api.w.org\/{rel}","templated":true}]}}