{"id":552847,"date":"2025-11-23T06:46:25","date_gmt":"2025-11-23T06:46:25","guid":{"rendered":"https:\/\/www.europesays.com\/fr\/552847\/"},"modified":"2025-11-23T06:46:25","modified_gmt":"2025-11-23T06:46:25","slug":"top-14-les-notes-de-montauban-toulouse-benjamin-bertrand-surpuissant-jerome-bosviel-impuissant","status":"publish","type":"post","link":"https:\/\/www.europesays.com\/fr\/552847\/","title":{"rendered":"Top 14 \u2013 Les notes de Montauban \u2013 Toulouse\u00a0: Benjamin Bertrand surpuissant, J\u00e9r\u00f4me Bosviel impuissant"},"content":{"rendered":"<p>\n                Lors de la large victoire de son \u00e9quipe \u00e0 Montauban ce samedi, le pilier toulousain Benjamin Bertrand a livr\u00e9 une prestation de tr\u00e8s haut niveau et Teddy Thomas s\u2019est offert un doubl\u00e9. En face, J\u00e9r\u00f4me Bosviel n\u2019a pas su peser sur le match.\n            <\/p>\n<p>Les tops<\/p>\n<p>Quelle premi\u00e8re mi-temps du pilier gauche\u00a0! Titularis\u00e9 en premi\u00e8re ligne, le jeune Toulousain\u00a0a \u00e9t\u00e9 imp\u00e9rial. Globalement dominateur en m\u00eal\u00e9e ferm\u00e9e, il fut aussi l\u2019auteur de deux grattages d\u00e9cisifs dans son camp. Tr\u00e8s actif ballon en mains et tr\u00e8s percutant dans le jeu, comme \u00e0 son habitude, Benjamin Bertrand s\u2019est \u00e9galement illustr\u00e9 en d\u00e9fense avec quelques plaquages incisifs. R\u00e9cemment appel\u00e9 \u00e0 Marcoussis, l\u2019int\u00e9ress\u00e9 continue \u00e0 monter en puissance.<\/p>\n<p>Vendredi, pr\u00e9sent en conf\u00e9rence de presse, Teddy Thomas racontait combien son int\u00e9gration s\u2019\u00e9tait bien pass\u00e9e \u00e0 Toulouse et \u00e0 quel point il ne s\u2019inqui\u00e9tait pas de ne pas encore avoir inscrit le moindre essai sous son nouveau maillot. Il n\u2019a attendu que treize minutes, \u00e0 Montauban, pour ouvrir son compteur, avant de carr\u00e9ment s\u2019offrir un doubl\u00e9 en seconde p\u00e9riode.\u00a0Mais, au-del\u00e0 de ces\u00a0r\u00e9alisations, il s\u2019est montr\u00e9 \u00e0 son aise au centre de l\u2019attaque. Il a d\u00e9chir\u00e9 \u00e0 deux reprises le rideau adverse et s\u2019est \u00e9galement employ\u00e9 en d\u00e9fense.<\/p>\n<p>Alors certes, il n\u2019a pas tout r\u00e9ussi dans le jeu et a connu un peu de d\u00e9chet. Mais il faut pourtant souligner la prestation appliqu\u00e9e de Valentin Delpy dans un contexte complexe pour lui. Revenu cette semaine de son pr\u00eat \u00e0 Colomiers, il \u00e9tait le chef d\u2019orchestre de Toulouse en l\u2019absence de tous les autres ouvreurs du groupe. Et il a parfaitement tenu son r\u00f4le. Auteur d\u2019un 100\u00a0% face aux poteaux, malgr\u00e9 quelques tentatives en coin, et efficace dans son occupation au pied, il a su apporter l\u2019alternance n\u00e9cessaire et m\u00eame se montrer audacieux par moments. Une pige id\u00e9ale.<\/p>\n<p>Les flops<\/p>\n<ul>\n<li><strong>Valentin Simutoga\u00a0: 2,5\/10<\/strong><\/li>\n<\/ul>\n<p>Sanctionn\u00e9 sur la premi\u00e8re m\u00eal\u00e9e du match apr\u00e8s avoir largement subi la pouss\u00e9e, il a b\u00e9n\u00e9fici\u00e9 d\u2019un coup de sifflet sur la deuxi\u00e8me \u00e9preuve de force en raison d\u2019une mauvaise liaison de Bertrand. Mais globalement, le pilier droit a \u00e9t\u00e9 compl\u00e8tement hors des d\u00e9bats. Sur l\u2019essai de Teddy Thomas, il s\u2019est fait \u00e9liminer beaucoup trop facilement par la feinte de passe de Paul Costes au milieu du terrain. En difficult\u00e9 dans le replacement, il a sembl\u00e9 souffrir physiquement. Il a notamment \u00e9t\u00e9 grossi\u00e8rement en retard sur un soutien, ce qui a d\u00e9bouch\u00e9 sur un grattage de Bertrand (31e). Le pilier s\u2019est fait retourner sur un plaquage de Merkler dans les 22 m\u00e8tres toulousains, comme un symbole de son impuissance dans cette rencontre (50e). P\u00e9nalis\u00e9 \u00e0 deux reprises dans le match, Fran\u00e7ais finissait aussi avec deux plaquages manqu\u00e9s.<\/p>\n<ul>\n<li><strong>St\u00e9phane Ahmed\u00a0: 2,5\/10<\/strong><\/li>\n<\/ul>\n<p>Lui aussi a v\u00e9cu un cauchemar sur la pelouse de Sapiac. Peu en vue offensivement, il a surtout \u00e9t\u00e9 rep\u00e9r\u00e9 par des bourdes d\u00e9fensives qui ont plomb\u00e9 sa performance. Il a notamment manqu\u00e9 son premier plaquage du match sur Paul Costes. S\u2019il a r\u00e9ussi \u00e0 rectifier le tir en ass\u00e9nant un bon tampon (12e), il s\u2019est de nouveau manqu\u00e9 en tentant de faire tomber Willis. Cela a amen\u00e9 l\u2019essai de Willis (19e). Quelques minutes plus tard, l\u2019ailier a cafouill\u00e9 un ballon au rebond capricieux sur un coup de pied rasant de Teddy Thomas. D\u00e9poss\u00e9d\u00e9 du ballon, l\u2019ancien Parisien a vu les Toulousains inscrire leur quatri\u00e8me essai du jour sur cette action (27e).<\/p>\n<p>L\u2019ouvreur montalbanais n\u2019a pas \u00e9t\u00e9 inspir\u00e9 ce samedi. Pas aid\u00e9 par un pack sans cesse sous pression dans les rucks, Bosviel n\u2019a pas trouv\u00e9 de solutions offensives. Sur la premi\u00e8re incursion de l\u2019USM dans les 22m toulousains, il a manqu\u00e9 sa passe au pied vers Ahmed. Quelques instants plus tard, il a d\u00e9viss\u00e9 un nouveau coup de pompe, cette fois au milieu de terrain, mais a \u00e9t\u00e9 \u00ab\u00a0sauv\u00e9\u00a0\u00bb par un en-avant de Delibes (8e). Face \u00e0 la belle d\u00e9fense toulousaine, il a tent\u00e9 une passe apr\u00e8s-contact dangereuse mais s\u2019est fait intercepter par Costes et Thomas. Sur l\u2019action qui suivait, Delibes plantait son deuxi\u00e8me essai personnel (27e). L\u2019ouvreur a aussi manqu\u00e9 un plaquage. Il est sorti d\u00e8s la 53e minute de jeu avant de revenir en jeu dans une fin de partie\u2026 lors de laquelle il a commis un en-avant sur une situation d\u2019essai.<\/p>\n<p>    Les notes de Montauban\u00a0:<\/p>\n<ul>\n<li>15. Baptiste Mouchous\u00a0: 5\/10<\/li>\n<li>14. Josua Vici\u00a0: 5,5\/10<\/li>\n<li>13. Maxime Espeut\u00a0: 4\/10<\/li>\n<li>12. Maxime Mathy\u00a0: 4\/10<\/li>\n<li>11. St\u00e9phane Ahmed\u00a0: 2,5\/10<\/li>\n<li>10. J\u00e9r\u00f4me Bosviel\u00a0: 3\/10<\/li>\n<li>9. Hugo Zabalza\u00a0: 4\/10<\/li>\n<li>8. Tyrone Viiga\u00a0: 4\/10<\/li>\n<li>7. Kyllian Ringuet\u00a0: 4,5\/10<\/li>\n<li>6. Sikhumbuzo Notshe\u00a0: 4\/10<\/li>\n<li>5. Noa Kanika\u00a0: 4\/10<\/li>\n<li>4. Tijuee Uanivi\u00a0: 3,5\/10<\/li>\n<li>3. Valentin Simutoga\u00a0: 2,5\/10<\/li>\n<li>2. Ru-Hann Greyling\u00a0: 4,5\/10<\/li>\n<li>1. Thomas Bu\u00e9\u00a0: 5,5\/10<\/li>\n<\/ul>\n<p>    Les notes de Toulouse\u00a0:<\/p>\n<ul>\n<li>15. Lucien Richardis\u00a0: 5,5\/10<\/li>\n<li>14. Dimitri Delibes\u00a0: 6,5\/10<\/li>\n<li>13. Teddy Thomas\u00a0: 7,5\/10<\/li>\n<li>12. Paul Costes\u00a0: 7\/10<\/li>\n<li>11. Matthis Lebel\u00a0: 7,5\/10<\/li>\n<li>10. Valentin Delpy\u00a0: 7\/10<\/li>\n<li>9. Paul Graou\u00a0: 5\/10<\/li>\n<li>8. Alexandre Roumat\u00a0: 7\/10<\/li>\n<li>7. L\u00e9o Banos\u00a0: 6,5\/10<\/li>\n<li>6. Jack Willis (non not\u00e9)\u00a0; remplac\u00e9 par Mathis Castro-Ferreira\u00a0: 6\/10<\/li>\n<li>5. Cl\u00e9ment Verg\u00e9\u00a0: 6,5\/10<\/li>\n<li>4. Joshua Brennan\u00a0: 6\/10<\/li>\n<li>3. Joel Merkler\u00a0: 6,5\/10<\/li>\n<li>2. Thomas Lacombre\u00a0: 7\/10<\/li>\n<li>1. Benjamin Bertrand\u00a0: 8\/10<\/li>\n<\/ul>\n","protected":false},"excerpt":{"rendered":"Lors de la large victoire de son \u00e9quipe \u00e0 Montauban ce samedi, le pilier toulousain Benjamin Bertrand a&hellip;\n","protected":false},"author":2,"featured_media":552848,"comment_status":"","ping_status":"","sticky":false,"template":"","format":"standard","meta":{"footnotes":""},"categories":[2],"tags":[11,1011,27,12,25],"class_list":{"0":"post-552847","1":"post","2":"type-post","3":"status-publish","4":"format-standard","5":"has-post-thumbnail","7":"category-actualites","8":"tag-actualites","9":"tag-fr","10":"tag-france","11":"tag-news","12":"tag-republique-francaise"},"share_on_mastodon":{"url":"https:\/\/pubeurope.com\/@fr\/115597671326053747","error":""},"_links":{"self":[{"href":"https:\/\/www.europesays.com\/fr\/wp-json\/wp\/v2\/posts\/552847","targetHints":{"allow":["GET"]}}],"collection":[{"href":"https:\/\/www.europesays.com\/fr\/wp-json\/wp\/v2\/posts"}],"about":[{"href":"https:\/\/www.europesays.com\/fr\/wp-json\/wp\/v2\/types\/post"}],"author":[{"embeddable":true,"href":"https:\/\/www.europesays.com\/fr\/wp-json\/wp\/v2\/users\/2"}],"replies":[{"embeddable":true,"href":"https:\/\/www.europesays.com\/fr\/wp-json\/wp\/v2\/comments?post=552847"}],"version-history":[{"count":0,"href":"https:\/\/www.europesays.com\/fr\/wp-json\/wp\/v2\/posts\/552847\/revisions"}],"wp:featuredmedia":[{"embeddable":true,"href":"https:\/\/www.europesays.com\/fr\/wp-json\/wp\/v2\/media\/552848"}],"wp:attachment":[{"href":"https:\/\/www.europesays.com\/fr\/wp-json\/wp\/v2\/media?parent=552847"}],"wp:term":[{"taxonomy":"category","embeddable":true,"href":"https:\/\/www.europesays.com\/fr\/wp-json\/wp\/v2\/categories?post=552847"},{"taxonomy":"post_tag","embeddable":true,"href":"https:\/\/www.europesays.com\/fr\/wp-json\/wp\/v2\/tags?post=552847"}],"curies":[{"name":"wp","href":"https:\/\/api.w.org\/{rel}","templated":true}]}}