{"id":552849,"date":"2025-11-23T06:47:14","date_gmt":"2025-11-23T06:47:14","guid":{"rendered":"https:\/\/www.europesays.com\/fr\/552849\/"},"modified":"2025-11-23T06:47:14","modified_gmt":"2025-11-23T06:47:14","slug":"lucie-baud-lune-des-premieres-figures-feminines-du-syndicalisme-en-france","status":"publish","type":"post","link":"https:\/\/www.europesays.com\/fr\/552849\/","title":{"rendered":"Lucie Baud, l&rsquo;une des premi\u00e8res figures f\u00e9minines du syndicalisme en France"},"content":{"rendered":"<p>   <img decoding=\"async\" src=\"https:\/\/www.europesays.com\/fr\/wp-content\/uploads\/2025\/11\/1763880434_404_1200x680\" alt=\"illustration agrandir l'image\" style=\"--_image-preview:url('data:image\/jpeg;base64,\/9j\/2wBDACgcHiMeGSgjISMtKygwPGRBPDc3PHtYXUlkkYCZlo+AjIqgtObDoKrarYqMyP\/L2u71\/\/\/\/m8H\/\/\/\/6\/+b9\/\/j\/2wBDASstLTw1PHZBQXb4pYyl+Pj4+Pj4+Pj4+Pj4+Pj4+Pj4+Pj4+Pj4+Pj4+Pj4+Pj4+Pj4+Pj4+Pj4+Pj4+Pj4+Pj\/wAARCAAXACoDASIAAhEBAxEB\/8QAGAABAQEBAQAAAAAAAAAAAAAAAAMBAgT\/xAAXEAEBAQEAAAAAAAAAAAAAAAAAAQIR\/8QAFwEAAwEAAAAAAAAAAAAAAAAAAQIDAP\/EABcRAQEBAQAAAAAAAAAAAAAAAAACEQH\/2gAMAwEAAhEDEQA\/AIyKZjMxXOVOpS6zFcxmcqSE0+Oo3rAQeHMWxANRZVzHfATUABZ\/\/9k=');\" loading=\"eager\" fetchpriority=\"high\" class=\"svelte-1cksh76 rounded\" onload=\"this.__e=event\" onerror=\"this.__e=event\"\/> Lucie Baud, engag\u00e9e pour les autres \u00a9 Aucun(e) &#8211; Mathieu Montels    <\/p>\n<p class=\"g-ici-body-regular-3 info svelte-1tw4hsy\">Diffus\u00e9 le dimanche 23 novembre 2025 \u00e0 7:40 <\/p>\n<p class=\"g-ici-body-regular-3 info svelte-1tw4hsy\">Publi\u00e9 le dimanche 23 novembre 2025 \u00e0 7:40 <\/p>\n<p class=\"g-ici-body-bold-1 standFirst svelte-1gkeky6\">A son \u00e9poque, les femmes avaient plutot le droit de se taire, et pourtant, elle a pris la parole pour les autres. D\u00e9couvrez l&rsquo;histoire de la vizilloise Lucie Baud<\/p>\n<p>Chaque dimanche, Mathieu Montels vous raconte un destin exceptionnel. Un is\u00e9rois ou une is\u00e9roise qui a marqu\u00e9, \u00e0 sa fa\u00e7on, l&rsquo;histoire. Des figures qui ont parfois \u00e9t\u00e9 oubli\u00e9s, comme celle que nous allons d\u00e9couvrir elle a eu une importance capitale dans l&rsquo;histoire sociale de l&rsquo;Is\u00e8re Lucie Baud.<\/p>\n<ul class=\"SocialNetworks svelte-oam7rq\">\n<li class=\"svelte-oam7rq\"><\/li>\n<li class=\"svelte-oam7rq\"><\/li>\n<li class=\"svelte-oam7rq\"><\/li>\n<li class=\"svelte-oam7rq\"><\/li>\n<li class=\"svelte-oam7rq\"><\/li>\n<\/ul>\n<p class=\"g-ici-body-regular-3 description svelte-ouv2si\">Tous les vendredis, recevez le meilleur de la semaine d\u2019ICI Is\u00e8re\u00a0: certifi\u00e9 100% local\u00a0!<\/p>\n<p>En cliquant sur \u00ab\u00a0S\u2019abonner\u00a0\u00bb, j&rsquo;accepte que les donn\u00e9es recueillies par<br \/>\n        Radio France soient destin\u00e9es \u00e0 l&rsquo;envoi par courrier \u00e9lectronique de<br \/>\n        contenus et d&rsquo;informations relatifs aux programmes. Plus d&rsquo;informations.<\/p>\n<p>Les \u00e9pisodes de l\u2019\u00e9mission\u00a0: Les illustres Is\u00e9rois<\/p>\n<p>Sur le m\u00eame th\u00e8me<\/p>\n<ul class=\"content svelte-193xn8t\">\n<li class=\"IciCard  standard svelte-1bot0hh\">\n<p class=\"standfirst g-ici-body-regular-2 svelte-1bot0hh\">Une passion pour la conduite qui est n\u00e9e tr\u00e8s t\u00f4t, des opportunit\u00e9s saisies et au final, des victoires et des records en pagaille\u00a0! L&rsquo;histoire de Marie-Claude Beaumont, c&rsquo;est l&rsquo;histoire d&rsquo;une jeune femme qui voulait avant tout profiter au maximum de sa vie, et de sa passion pour l&rsquo;automobile.<\/p>\n<\/li>\n<\/ul>\n","protected":false},"excerpt":{"rendered":"Lucie Baud, engag\u00e9e pour les autres \u00a9 Aucun(e) &#8211; Mathieu Montels Diffus\u00e9 le dimanche 23 novembre 2025 \u00e0&hellip;\n","protected":false},"author":2,"featured_media":552850,"comment_status":"","ping_status":"","sticky":false,"template":"","format":"standard","meta":{"footnotes":""},"categories":[4],"tags":[11,1011,27,12,25],"class_list":{"0":"post-552849","1":"post","2":"type-post","3":"status-publish","4":"format-standard","5":"has-post-thumbnail","7":"category-france","8":"tag-actualites","9":"tag-fr","10":"tag-france","11":"tag-news","12":"tag-republique-francaise"},"share_on_mastodon":{"url":"https:\/\/pubeurope.com\/@fr\/115597675957361556","error":""},"_links":{"self":[{"href":"https:\/\/www.europesays.com\/fr\/wp-json\/wp\/v2\/posts\/552849","targetHints":{"allow":["GET"]}}],"collection":[{"href":"https:\/\/www.europesays.com\/fr\/wp-json\/wp\/v2\/posts"}],"about":[{"href":"https:\/\/www.europesays.com\/fr\/wp-json\/wp\/v2\/types\/post"}],"author":[{"embeddable":true,"href":"https:\/\/www.europesays.com\/fr\/wp-json\/wp\/v2\/users\/2"}],"replies":[{"embeddable":true,"href":"https:\/\/www.europesays.com\/fr\/wp-json\/wp\/v2\/comments?post=552849"}],"version-history":[{"count":0,"href":"https:\/\/www.europesays.com\/fr\/wp-json\/wp\/v2\/posts\/552849\/revisions"}],"wp:featuredmedia":[{"embeddable":true,"href":"https:\/\/www.europesays.com\/fr\/wp-json\/wp\/v2\/media\/552850"}],"wp:attachment":[{"href":"https:\/\/www.europesays.com\/fr\/wp-json\/wp\/v2\/media?parent=552849"}],"wp:term":[{"taxonomy":"category","embeddable":true,"href":"https:\/\/www.europesays.com\/fr\/wp-json\/wp\/v2\/categories?post=552849"},{"taxonomy":"post_tag","embeddable":true,"href":"https:\/\/www.europesays.com\/fr\/wp-json\/wp\/v2\/tags?post=552849"}],"curies":[{"name":"wp","href":"https:\/\/api.w.org\/{rel}","templated":true}]}}