{"id":552853,"date":"2025-11-23T06:51:31","date_gmt":"2025-11-23T06:51:31","guid":{"rendered":"https:\/\/www.europesays.com\/fr\/552853\/"},"modified":"2025-11-23T06:51:31","modified_gmt":"2025-11-23T06:51:31","slug":"coupe-davis-corentin-moutet-un-ecorche-vif-qui-a-le-collectif-dans-la-peau","status":"publish","type":"post","link":"https:\/\/www.europesays.com\/fr\/552853\/","title":{"rendered":"Coupe Davis\u00a0:\u00a0Corentin Moutet, un \u00e9corch\u00e9 vif qui a le collectif dans la peau"},"content":{"rendered":"<p>\n    <strong>D\u00c9CRYPTAGE <\/strong>&#8211; Le Francilien, qui conna\u00eet sa meilleure saison sur le circuit, a de bonnes chances d\u2019\u00eatre align\u00e9 ce mardi en quarts de finale contre la Belgique.<\/p>\n<p class=\"fig-paragraph\">Apr\u00e8s son bapt\u00eame r\u00e9ussi contre la Croatie en septembre,\u00a0<a href=\"http:\/\/www.lefigaro.fr\/sports\/tennis\/coupe-davis\/corentin-moutet-et-giovanni-mpetshi-perricard-en-equipe-de-france-pour-la-phase-finale-a-bologne-officiel-20251116\" data-fig-type=\"NewsFlash\" data-gtm-custom-categorie=\"navigation\" data-gtm-custom-action=\"crossclick\" data-gtm-custom-label=\"Contextuel\" data-gtm-event=\"customEventSPE\" data-fig-domain=\"LEFIGARO\" target=\"_blank\" rel=\"noopener\">Corentin Moutet<\/a>\u00a0peut poursuivre cette semaine \u00e0 Bologne sa r\u00e9cente belle histoire sous le maillot bleu, lui qui avait apport\u00e9 deux des trois points de la victoire face \u00e0 la Croatie (3-1) en 8es de finale, et notamment le point d\u00e9cisif face \u00e0 l\u2019exp\u00e9riment\u00e9 Marin Cilic. \u00ab\u00a0Je ne pouvais pas r\u00eaver mieux. Il n\u2019y a rien qui peut remplacer une premi\u00e8re victoire en\u00a0<a href=\"http:\/\/www.lefigaro.fr\/sports\/tennis\/coupe-davis\/coupe-davis-on-n-est-pas-favoris-reconnait-le-capitaine-belge-avant-d-affronter-la-france-20251117\" data-fig-type=\"NewsFlash\" data-gtm-custom-categorie=\"navigation\" data-gtm-custom-action=\"crossclick\" data-gtm-custom-label=\"Contextuel\" data-gtm-event=\"customEventSPE\" data-fig-domain=\"LEFIGARO\" target=\"_blank\" rel=\"noopener\">Coupe Davis<\/a> . C\u2019est un moment que je garderai en t\u00eate toute ma vie\u00a0\u00bb, affirmait-il alors. Les comp\u00e9titions par \u00e9quipes, il aime \u00e7a. \u00ab\u00a0On passe notre temps \u00e0 poursuivre des objectifs individuels et \u00e0 jouer pour soi. L\u00e0, on joue pour un groupe, un collectif. C\u2019est tellement diff\u00e9rent. Entrer sur le terrain en sachant que je repr\u00e9sente des joueurs derri\u00e8re, c\u2019est \u00e7a qui peut me faire mieux jouer. Je vis pour ces moments-l\u00e0. C\u2019\u00e9tait une exp\u00e9rience forte en Croatie.\u00a0\u00bb<\/p>\n<p class=\"fig-paragraph\">Sacr\u00e9 champion de France d\u00e8s ses 12\u00a0ans et d\u2019Europe dans plusieurs cat\u00e9gories d\u2019\u00e2ge (U14 en 2013 et U16 en 2014), le\u2026<\/p>\n<p class=\"fig-premium-paywall__infos\">\n        Cet article est r\u00e9serv\u00e9 aux abonn\u00e9s.        Il vous reste 76% \u00e0 d\u00e9couvrir.\n    <\/p>\n<p>                <img  data- alt=\"Le Figaro\" class=\"fig-img--complete fig-img\"\/><\/p>\n<p class=\"fig-premium-paywall__title\">Black Friday<\/p>\n<p class=\"fig-premium-paywall__subtitle\">-70% sur l&rsquo;abonnement num\u00e9rique<\/p>\n<p class=\"fig-premium-paywall__connect\">\n                D\u00e9j\u00e0 abonn\u00e9\u00a0?                <a class=\"fig-premium-paywall__connect-link\" href=\"https:\/\/connect.lefigaro.fr\/login?client=horizon_web&amp;type=main&amp;redirect_uri=https%3A%2F%2Fwww.lefigaro.fr%2Fsports%2Ftennis%2Fcoupe-davis%2Fcoupe-davis-corentin-moutet-un-ecorche-vif-qui-a-le-collectif-dans-la-peau-20251117\" data-js-gtm=\"{&quot;customCategorie&quot;: &quot;conversion&quot;, &quot;customAction&quot;: &quot;before_Landing_Connexion_paywall_auto&quot;, &quot;customLabel&quot;: &quot;bGVmaWdhcm8uZnJfXzFmMGMzY2U0LWM2MjItNjk2Mi05ZDUyLWQ3OTA1MWZjYTBmMl9fQXJ0aWNsZQ==_Coupe Davis\u00a0:\u00a0Corentin Moutet, un \u00e9corch\u00e9 vif qui a le collectif dans la peau_116&quot;, &quot;customIDSPE&quot;: &quot;bGVmaWdhcm8uZnJfXzFmMGMzY2U0LWM2MjItNjk2Mi05ZDUyLWQ3OTA1MWZjYTBmMl9fQXJ0aWNsZQ==&quot;, &quot;event&quot;: &quot;customEventSPE&quot;}\" target=\"_blank\" rel=\"noopener\"><br \/>\n                    Connectez-vous<br \/>\n                <\/a>\n            <\/p>\n","protected":false},"excerpt":{"rendered":"D\u00c9CRYPTAGE &#8211; Le Francilien, qui conna\u00eet sa meilleure saison sur le circuit, a de bonnes chances d\u2019\u00eatre align\u00e9&hellip;\n","protected":false},"author":2,"featured_media":552854,"comment_status":"","ping_status":"","sticky":false,"template":"","format":"standard","meta":{"footnotes":""},"categories":[1415],"tags":[16961,4178,1011,27,60,1467],"class_list":{"0":"post-552853","1":"post","2":"type-post","3":"status-publish","4":"format-standard","5":"has-post-thumbnail","7":"category-tennis","8":"tag-corentin-moutet","9":"tag-coupe-davis","10":"tag-fr","11":"tag-france","12":"tag-sports","13":"tag-tennis"},"share_on_mastodon":{"url":"https:\/\/pubeurope.com\/@fr\/115597691054337366","error":""},"_links":{"self":[{"href":"https:\/\/www.europesays.com\/fr\/wp-json\/wp\/v2\/posts\/552853","targetHints":{"allow":["GET"]}}],"collection":[{"href":"https:\/\/www.europesays.com\/fr\/wp-json\/wp\/v2\/posts"}],"about":[{"href":"https:\/\/www.europesays.com\/fr\/wp-json\/wp\/v2\/types\/post"}],"author":[{"embeddable":true,"href":"https:\/\/www.europesays.com\/fr\/wp-json\/wp\/v2\/users\/2"}],"replies":[{"embeddable":true,"href":"https:\/\/www.europesays.com\/fr\/wp-json\/wp\/v2\/comments?post=552853"}],"version-history":[{"count":0,"href":"https:\/\/www.europesays.com\/fr\/wp-json\/wp\/v2\/posts\/552853\/revisions"}],"wp:featuredmedia":[{"embeddable":true,"href":"https:\/\/www.europesays.com\/fr\/wp-json\/wp\/v2\/media\/552854"}],"wp:attachment":[{"href":"https:\/\/www.europesays.com\/fr\/wp-json\/wp\/v2\/media?parent=552853"}],"wp:term":[{"taxonomy":"category","embeddable":true,"href":"https:\/\/www.europesays.com\/fr\/wp-json\/wp\/v2\/categories?post=552853"},{"taxonomy":"post_tag","embeddable":true,"href":"https:\/\/www.europesays.com\/fr\/wp-json\/wp\/v2\/tags?post=552853"}],"curies":[{"name":"wp","href":"https:\/\/api.w.org\/{rel}","templated":true}]}}