{"id":552865,"date":"2025-11-23T07:03:25","date_gmt":"2025-11-23T07:03:25","guid":{"rendered":"https:\/\/www.europesays.com\/fr\/552865\/"},"modified":"2025-11-23T07:03:25","modified_gmt":"2025-11-23T07:03:25","slug":"mireille-mathieu-qui-fete-ses-60-ans-de-carriere-jouit-dune-enorme-popularite-au-pays-de-vladimir-poutine-le-peuple-russe-est-un-beau-peuple","status":"publish","type":"post","link":"https:\/\/www.europesays.com\/fr\/552865\/","title":{"rendered":"Mireille Mathieu, qui f\u00eate ses 60 ans de carri\u00e8re, jouit d\u2019une \u00e9norme popularit\u00e9\u2026 au pays de Vladimir Poutine\u00a0: \u00ab\u00a0Le peuple russe est un beau peuple\u00a0\u00bb"},"content":{"rendered":"<p>  \tElle vient de f\u00eater ses 60 ans de carri\u00e8re \u00e0 l\u2019Olympia\u00a0: Mireille Mathieu, la demoiselle d\u2019Avignon, chante dans 12 langues, et m\u00e8ne une carri\u00e8re internationale \u00e0 faire p\u00e2lir de nombreux artistes\u00a0: 200 millions d\u2019albums vendus, et un look ind\u00e9modable.<\/p>\n<p>&#13;<br \/>\n&#13;<\/p>\n<p>Mireille Mathieu a donn\u00e9 rendez-vous \u00e0 une \u00e9quipe de RTL info dans un palace au c\u0153ur de Paris, c\u2019est l\u00e0 que la chanteuse son \u00e9quipe accueillent la presse pour \u00e9voquer ses 60 ans de carri\u00e8re. L\u2019artiste aux 200 millions de disques vendus, s\u2019est install\u00e9e dans une suite de l\u2019h\u00f4tel prestigieux.<\/p>\n<p>\u00c0 79 ans, l\u2019ic\u00f4ne de la chanson fran\u00e7aise, \u00e0 la coupe de cheveux ind\u00e9modable, fait preuve de rigueur et de grande \u00e9l\u00e9gance. \u00ab\u00a0Je fais attention \u00e0 mon aspect car je suis une femme, et c\u2019est important pour le public et pour soi-m\u00eame. J\u2019aime cette coiffure-l\u00e0, c\u2019est intemporel. S\u2019il y a une chose que je ne fais pas, c\u2019est aller au soleil. Depuis l\u2019\u00e2ge de 23 ans, je n\u2019y vais pas. Le principal c\u2019est d\u2019\u00eatre soi-m\u00eame\u00a0\u00bb, explique-t-elle.<\/p>\n<p>&#13;<br \/>\n&#13;<\/p>\n<p>&#13;<br \/>\n&#13;<\/p>\n<p>Dot\u00e9e d\u2019une voix prodigieuse, Mireille Mathieu a 19 ans lorsqu\u2019elle met le public \u00e0 genoux\u00a0: on la surnomme la nouvelle \u00c9dith Piaf. Tr\u00e8s vite, elle parcourt le monde\u00a0: le Canada, le Mexique, l\u2019Allemagne, le\u00a0Japon, la Chine, et la Russie o\u00f9 elle b\u00e9n\u00e9ficie\u00a0d\u2019une immense popularit\u00e9. \u00ab\u00a0Je chantais en 1967 et c\u2019\u00e9tait l\u2019URSS \u00e0 l\u2019\u00e9poque. J\u2019ai chant\u00e9 avec les ch\u0153urs de l\u2019arm\u00e9e rouge, des voix formidables. Le peuple russe a beaucoup souffert, c\u2019est un beau peuple, intelligent\u00a0\u00bb, estime-t-elle.<\/p>\n<p>\n  &#13;<br \/>\n  \u00c0 lire aussi&#13;<br \/>\n  &#13;<\/p>\n<p>  <img decoding=\"async\" class=\"r-img\"  typeof=\"foaf:Image\" src=\"https:\/\/www.europesays.com\/fr\/wp-content\/uploads\/2025\/11\/mireille.jpg\" alt=\"mireille\"\/><br \/>\n        <a class=\"r-stories--link\" href=\"https:\/\/www.rtl.be\/people\/news\/78-ans-mireille-mathieu-repart-en-tournee-mondiale-cest-un-reve-denfant-qui-sest\/2024-10-21\/article\/724880\" target=\"_blank\" rel=\"noopener\">\u00c0 78 ans, Mireille Mathieu repart en tourn\u00e9e mondiale: \u00ab\u00a0C&rsquo;est un r\u00eave d&rsquo;enfant qui s&rsquo;est r\u00e9alis\u00e9\u00a0\u00bb<\/a>&#13;<br \/>\n  &#13;<br \/>\n&#13;\n<\/p>\n<p>Mireille Mathieu a chant\u00e9 sur la place rouge et elle compte parmi ses fans un certain Vladimir Poutine. En 2008, le Kremlin lui remet la m\u00e9daille de l\u2019amiti\u00e9, mais La chanteuse ne fait pas de politique, ce qui l\u2019importe aujourd\u2019hui, c\u2019est de porter sa voix pour la paix. \u00ab\u00a0C\u2019est terrible ce qu\u2019il se passe en Ukraine, il faudrait rayer le mot guerre du dictionnaire, car c\u2019est un mot horrible\u00a0\u00bb.<\/p>\n<p>Entre Mireille Mathieu et la Belgique, c\u2019est une histoire d\u2019amiti\u00e9 et de rencontres improbables\u00a0: en 2022 elle est sollicit\u00e9e par Arno. Le chanteur ostendais lui demande d\u2019interpr\u00e9ter en duo avec lui \u00ab\u00a0La Paloma Adieu\u00a0\u00bb, juste avant son d\u00e9c\u00e8s. \u00ab\u00a0Je savais qu\u2019il m\u2019aimait beaucoup, il avait un parler vrai, c\u2019\u00e9tait un grand artiste, fier de ses racines belges\u00a0\u00bb, note-t-elle.<\/p>\n<p>&#13;<br \/>\n&#13;<\/p>\n<p>Mireille Mathieu est d\u00e9sign\u00e9e symbole de la r\u00e9publique en 1978, \u00e0 l\u2019instar de Brigitte Bardot ou Catherine Deneuve. Depuis, elle reste l\u2019ambassadrice de la chanson fran\u00e7aise \u00e0 travers le monde.<\/p>\n<p><strong>Mireille Mathieu sera en concert \u00e0 Mons (Th\u00e9\u00e2tre royal) le 28 novembre prochain et \u00e0 Bruxelles (Cirque royal)\u00a0le 29 novembre.<\/strong><\/p>\n<p>&#13;<br \/>\n&#13;<\/p>\n<p>&#13;<br \/>\n&#13;<\/p>\n","protected":false},"excerpt":{"rendered":"Elle vient de f\u00eater ses 60 ans de carri\u00e8re \u00e0 l\u2019Olympia\u00a0: Mireille Mathieu, la demoiselle d\u2019Avignon, chante dans&hellip;\n","protected":false},"author":2,"featured_media":552866,"comment_status":"","ping_status":"","sticky":false,"template":"","format":"standard","meta":{"footnotes":""},"categories":[1355],"tags":[58,59,1011,27,1361,873,63397],"class_list":{"0":"post-552865","1":"post","2":"type-post","3":"status-publish","4":"format-standard","5":"has-post-thumbnail","7":"category-musique","8":"tag-divertissement","9":"tag-entertainment","10":"tag-fr","11":"tag-france","12":"tag-music","13":"tag-musique","14":"tag-rtl-info"},"share_on_mastodon":{"url":"https:\/\/pubeurope.com\/@fr\/115597739067590112","error":""},"_links":{"self":[{"href":"https:\/\/www.europesays.com\/fr\/wp-json\/wp\/v2\/posts\/552865","targetHints":{"allow":["GET"]}}],"collection":[{"href":"https:\/\/www.europesays.com\/fr\/wp-json\/wp\/v2\/posts"}],"about":[{"href":"https:\/\/www.europesays.com\/fr\/wp-json\/wp\/v2\/types\/post"}],"author":[{"embeddable":true,"href":"https:\/\/www.europesays.com\/fr\/wp-json\/wp\/v2\/users\/2"}],"replies":[{"embeddable":true,"href":"https:\/\/www.europesays.com\/fr\/wp-json\/wp\/v2\/comments?post=552865"}],"version-history":[{"count":0,"href":"https:\/\/www.europesays.com\/fr\/wp-json\/wp\/v2\/posts\/552865\/revisions"}],"wp:featuredmedia":[{"embeddable":true,"href":"https:\/\/www.europesays.com\/fr\/wp-json\/wp\/v2\/media\/552866"}],"wp:attachment":[{"href":"https:\/\/www.europesays.com\/fr\/wp-json\/wp\/v2\/media?parent=552865"}],"wp:term":[{"taxonomy":"category","embeddable":true,"href":"https:\/\/www.europesays.com\/fr\/wp-json\/wp\/v2\/categories?post=552865"},{"taxonomy":"post_tag","embeddable":true,"href":"https:\/\/www.europesays.com\/fr\/wp-json\/wp\/v2\/tags?post=552865"}],"curies":[{"name":"wp","href":"https:\/\/api.w.org\/{rel}","templated":true}]}}