{"id":552867,"date":"2025-11-23T07:04:14","date_gmt":"2025-11-23T07:04:14","guid":{"rendered":"https:\/\/www.europesays.com\/fr\/552867\/"},"modified":"2025-11-23T07:04:14","modified_gmt":"2025-11-23T07:04:14","slug":"predator-badlands-le-film-cinemas-le-telegramme-quotidien-regional-de-bretagne-le-telegramme-2","status":"publish","type":"post","link":"https:\/\/www.europesays.com\/fr\/552867\/","title":{"rendered":"Predator: Badlands le film &#8211; Cin\u00e9mas &#8211; Le T\u00e9l\u00e9gramme : quotidien regional de Bretagne &#8211; Le T\u00e9l\u00e9gramme"},"content":{"rendered":"<ol>\n<li><a href=\"https:\/\/news.google.com\/rss\/articles\/CBMikAFBVV95cUxNRG5BLWhWYUMtN2JNOS1rNG9FMndXWHZBcjJ0N1gzUmRSVmRRSUsyYkNyLWhBMF9wSE5zWDhMdFRsOHY1MV9PYVpZNkVqRnBaZ19YMmtoNlZoMnIzODhqV1c1YVJIWkdZdFdfZ255MXFUWmtnRTBEZGxuOWxfRnlFZkk5ckl3T3g4MlNoMnlTbVE?oc=5\" target=\"_blank\" rel=\"noopener\">Predator: Badlands le film &#8211; Cin\u00e9mas &#8211; Le T\u00e9l\u00e9gramme : quotidien regional de Bretagne<\/a>&nbsp;&nbsp;Le T\u00e9l\u00e9gramme<\/li>\n<li><a href=\"https:\/\/news.google.com\/rss\/articles\/CBMivAFBVV95cUxNOXdYMkduRFhPczQxYXlucGloSnZIYS1FMHFOZDBLdFBTQUlYNFR5dUVab2NqOGRWdFpjdm1aYm50WXFNdW5VODl0b1JDblo4Z2xqS2tXY0pjQjV0b3N0dkFaQ2dYbmVKTTRDMmVPcUM5bjkwVGhPak9fU0ZGN2pwTHF3cjhSU24tc1dYTDJsMC1OZTdzbC1LTENjU0wyd29UdkNwRmh0WDVEUG1pbzlpYkNtR0ZEWDI0QnVQcg?oc=5\" target=\"_blank\" rel=\"noopener\">Predator: Badlands d\u00e9passe au box-office ce film d&rsquo;une franchise d&rsquo;action culte de cette ann\u00e9e<\/a>&nbsp;&nbsp;Begeek<\/li>\n<li><a href=\"https:\/\/news.google.com\/rss\/articles\/CBMikAFBVV95cUxQWGIweGhXLUFpdThDR2k3bnJMWVRxZWUtMF95STNTc1NRdUxtWkxDTkc0UUtwZ0ZRRFN2YlBKemY0UVJuMWQ5UTVSdW4zdEMxNlRGak11WWQ4NTJxNnlYRUFpeUlMcHFnMGJPclU2UW1zemd5NEJPYUJfOW9oSzRKOWtCYzg1QTI1bktrZUh6dXc?oc=5\" target=\"_blank\" rel=\"noopener\">Predator Badlands et Alien : le r\u00e9alisateur confirme ce petit probl\u00e8me (malgr\u00e9 lui)<\/a>&nbsp;&nbsp;Ecran Large<\/li>\n<li><a href=\"https:\/\/news.google.com\/rss\/articles\/CBMiyAFBVV95cUxPMTcwUG5uVkNJbUhiYTUzUzVuX21MdmY1azk5OXFfOEcyS2xoRDdTVmdyeVJtb25ISWdfS2s2UmR3TE9XenE0ckNQTnBTb0U5QkVjUzNWRm9iZE10S3dNNVZRZW5ueV9ldnNVbG1WTHdTN3Fncml6RTNKMWtqck02a24wQkhuczZFTHRkY25IWUlxSnhXSDQ3Y0ltY0NrdTNVOVIyUjlDZVZtWFhjeGZ5Y1RiU3RUWlJjbEMwcFI1U0ZqWV9ybVZUQQ?oc=5\" target=\"_blank\" rel=\"noopener\">Critique Predator Badlands : le nouveau pari risqu\u00e9 et r\u00e9ussi de Dan Trachtenberg<\/a>&nbsp;&nbsp;IGN France<\/li>\n<\/ol>\n","protected":false},"excerpt":{"rendered":"Predator: Badlands le film &#8211; Cin\u00e9mas &#8211; Le T\u00e9l\u00e9gramme : quotidien regional de Bretagne&nbsp;&nbsp;Le T\u00e9l\u00e9gramme Predator: Badlands d\u00e9passe&hellip;\n","protected":false},"author":2,"featured_media":40399,"comment_status":"","ping_status":"","sticky":false,"template":"","format":"standard","meta":{"footnotes":""},"categories":[1354],"tags":[12458,58,59,1346,1011,27,12457,1360],"class_list":{"0":"post-552867","1":"post","2":"type-post","3":"status-publish","4":"format-standard","5":"has-post-thumbnail","7":"category-films","8":"tag-cinemas","9":"tag-divertissement","10":"tag-entertainment","11":"tag-films","12":"tag-fr","13":"tag-france","14":"tag-homes","15":"tag-movies"},"share_on_mastodon":{"url":"https:\/\/pubeurope.com\/@fr\/115597742132588089","error":""},"_links":{"self":[{"href":"https:\/\/www.europesays.com\/fr\/wp-json\/wp\/v2\/posts\/552867","targetHints":{"allow":["GET"]}}],"collection":[{"href":"https:\/\/www.europesays.com\/fr\/wp-json\/wp\/v2\/posts"}],"about":[{"href":"https:\/\/www.europesays.com\/fr\/wp-json\/wp\/v2\/types\/post"}],"author":[{"embeddable":true,"href":"https:\/\/www.europesays.com\/fr\/wp-json\/wp\/v2\/users\/2"}],"replies":[{"embeddable":true,"href":"https:\/\/www.europesays.com\/fr\/wp-json\/wp\/v2\/comments?post=552867"}],"version-history":[{"count":0,"href":"https:\/\/www.europesays.com\/fr\/wp-json\/wp\/v2\/posts\/552867\/revisions"}],"wp:featuredmedia":[{"embeddable":true,"href":"https:\/\/www.europesays.com\/fr\/wp-json\/wp\/v2\/media\/40399"}],"wp:attachment":[{"href":"https:\/\/www.europesays.com\/fr\/wp-json\/wp\/v2\/media?parent=552867"}],"wp:term":[{"taxonomy":"category","embeddable":true,"href":"https:\/\/www.europesays.com\/fr\/wp-json\/wp\/v2\/categories?post=552867"},{"taxonomy":"post_tag","embeddable":true,"href":"https:\/\/www.europesays.com\/fr\/wp-json\/wp\/v2\/tags?post=552867"}],"curies":[{"name":"wp","href":"https:\/\/api.w.org\/{rel}","templated":true}]}}