{"id":552878,"date":"2025-11-23T07:10:15","date_gmt":"2025-11-23T07:10:15","guid":{"rendered":"https:\/\/www.europesays.com\/fr\/552878\/"},"modified":"2025-11-23T07:10:15","modified_gmt":"2025-11-23T07:10:15","slug":"tentative-de-fuite-jair-bolsonaro-retourne-en-prison-pour-un-fer-a-souder","status":"publish","type":"post","link":"https:\/\/www.europesays.com\/fr\/552878\/","title":{"rendered":"Tentative de fuite\u00a0? Jair Bolsonaro retourne en prison pour un fer \u00e0 souder"},"content":{"rendered":"<p>Retour en prison pour <a href=\"https:\/\/www.20minutes.fr\/monde\/4173760-20250917-bresil-hospitalise-apres-malaise-jair-bolsonaro-atteint-cancer\" target=\"_blank\" class=\"c-link c-link--is-underlined\" rel=\"noopener\">Jair Bolsonaro<\/a>. En r\u00e9sidence surveill\u00e9e depuis plusieurs mois, l\u2019ancien pr\u00e9sident du Br\u00e9sil a \u00e9t\u00e9 plac\u00e9 samedi en d\u00e9tention provisoire apr\u00e8s avoir us\u00e9 d\u2019un fer \u00e0 souder contre son bracelet \u00e9lectronique.<\/p>\n<p>L\u2019impr\u00e9visible ancien dirigeant d\u2019extr\u00eame droite (2019-2022) a \u00e9t\u00e9 <a href=\"https:\/\/www.20minutes.fr\/monde\/4172635-20250911-bresil-ancien-president-bolsonaro-point-etre-condamne-tentative-coup-etat\" target=\"_blank\" class=\"c-link c-link--is-underlined\" rel=\"noopener\">condamn\u00e9 en septembre \u00e0 27 ann\u00e9es de prison<\/a> pour une tentative de coup d\u2019Etat visant \u00e0 emp\u00eacher le retour au pouvoir de son rival de gauche, Luiz Inacio Lula da\u00a0Silva, son tombeur \u00e0 la pr\u00e9sidentielle d\u2019octobre\u00a02022.<\/p>\n<p>Bolsonaro assign\u00e9 \u00e0 r\u00e9sidence depuis ao\u00fbt<\/p>\n<p>Conduit samedi matin dans les locaux de la police f\u00e9d\u00e9rale \u00e0 Brasilia, l\u2019ancien dirigeant, \u00e2g\u00e9 de 70 ans, \u00e9tait assign\u00e9 \u00e0 r\u00e9sidence et sous surveillance \u00e9lectronique depuis ao\u00fbt dans le cadre d\u2019une enqu\u00eate sur des soup\u00e7ons d\u2019obstruction \u00e0 son proc\u00e8s.<\/p>\n<\/p>\n<p>Dans sa d\u00e9cision, le juge Alexandre de Moraes, charg\u00e9 du dossier, explique qu\u2019il a ordonn\u00e9 une d\u00e9tention provisoire et non l\u2019ex\u00e9cution de la peine \u2013 que l\u2019int\u00e9ress\u00e9 essaie encore d\u2019emp\u00eacher par des recours. Selon le magistrat, l\u2019ex-pr\u00e9sident a tent\u00e9 samedi peu apr\u00e8s minuit de \u00ab\u00a0casser\u00a0\u00bb son bracelet \u00e9lectronique dans l\u2019espoir de s\u2019\u00e9vader \u00e0 la faveur d\u2019une manifestation pr\u00e9vue en fin de journ\u00e9e par ses partisans pr\u00e8s de son domicile dans la capitale. Il \u00e9voque un \u00ab\u00a0risque \u00e9lev\u00e9 de fuite\u00a0\u00bb.<\/p>\n<p>Jair Bolsonaro a lui-m\u00eame reconnu avoir attaqu\u00e9 l\u2019appareil avec un fer \u00e0 souder, dans une vid\u00e9o r\u00e9alis\u00e9e par la police une fois alert\u00e9e. A la polici\u00e8re qui, manipulant le bracelet \u00e0 sa cheville, l\u2019interroge sur les traces tr\u00e8s visibles de br\u00fblure sur le bo\u00eetier et lui demande s\u2019il a employ\u00e9 un fer \u00e0 repasser, il r\u00e9pond\u00a0: \u00ab\u00a0Non, un fer \u00e0 souder\u00a0\u00bb. Par \u00ab\u00a0curiosit\u00e9\u00a0\u00bb, glisse-t-il sur un ton d\u00e9contract\u00e9.<\/p>\n<p>Trump regrette la d\u00e9tention de son alli\u00e9<\/p>\n<p>Son fils a\u00een\u00e9, le s\u00e9nateur Flavio Bolsonaro, avait appel\u00e9 \u00e0 une veill\u00e9e de pri\u00e8res pr\u00e8s de chez l\u2019ex-pr\u00e9sident. Le rassemblement ouvrait une \u00ab\u00a0possibilit\u00e9 de tentative de fuite vers une des ambassades proches de sa r\u00e9sidence\u00a0\u00bb, selon le juge Moraes, soulignant la proximit\u00e9 de la chancellerie des Etats-Unis.<\/p>\n<p>Jair Bolsonaro est un alli\u00e9 de Donald Trump. D\u00e9non\u00e7ant une \u00ab\u00a0chasse aux sorci\u00e8res\u00a0\u00bb contre lui, <a href=\"https:\/\/www.20minutes.fr\/monde\/etats-unis\/4173019-20250915-bresil-bras-fer-entre-lula-trump-condamnation-bolsonaro\" target=\"_blank\" class=\"c-link c-link--is-underlined\" rel=\"noopener\">le pr\u00e9sident am\u00e9ricain a inflig\u00e9 en repr\u00e9sailles une surtaxe punitive au Br\u00e9sil<\/a>, avant de l\u2019all\u00e9ger consid\u00e9rablement apr\u00e8s une rencontre avec Lula en octobre. Le locataire de la Maison-Blanche a en outre jug\u00e9 samedi \u00ab\u00a0vraiment mauvaise\u00a0\u00bb la nouvelle de cette d\u00e9tention.<\/p>\n<p><a href=\"https:\/\/www.20minutes.fr\/dossier\/bresil\" target=\"_blank\" class=\"c-link c-btn c-btn--primary\" rel=\"noopener\">Notre dossier sur le Br\u00e9sil<\/a><\/p>\n<p>Alexandre de Moraes a pour sa part donn\u00e9 24 heures \u00e0 ses avocats pour fournir des explications sur l\u2019incident. La d\u00e9fense a annonc\u00e9 qu\u2019elle ferait appel de cette d\u00e9tention provisoire et avertie que \u00ab\u00a0son emprisonnement pourrait mettre sa vie en danger\u00a0\u00bb. Le leader conservateur souffre notamment des s\u00e9quelles d\u2019un coup de couteau re\u00e7u \u00e0 l\u2019abdomen en\u00a02018. Et sur les r\u00e9seaux sociaux, Flavio Bolsonaro a tonn\u00e9 contre le juge Moraes\u00a0: \u00ab\u00a0Si mon p\u00e8re meurt l\u00e0-dedans, ce sera de ta faute\u00a0\u00bb.<\/p>\n","protected":false},"excerpt":{"rendered":"Retour en prison pour Jair Bolsonaro. En r\u00e9sidence surveill\u00e9e depuis plusieurs mois, l\u2019ancien pr\u00e9sident du Br\u00e9sil a \u00e9t\u00e9&hellip;\n","protected":false},"author":2,"featured_media":552879,"comment_status":"","ping_status":"","sticky":false,"template":"","format":"standard","meta":{"footnotes":""},"categories":[5],"tags":[47,11,2548,34231,3727,1011,27,14,35977,19363,74,12,806,133,28],"class_list":{"0":"post-552878","1":"post","2":"type-post","3":"status-publish","4":"format-standard","5":"has-post-thumbnail","7":"category-international","8":"tag-actualite","9":"tag-actualites","10":"tag-bresil","11":"tag-coup-detat","12":"tag-evasion","13":"tag-fr","14":"tag-france","15":"tag-international","16":"tag-jair-bolsonaro","17":"tag-lula","18":"tag-monde","19":"tag-news","20":"tag-prison","21":"tag-video","22":"tag-world"},"share_on_mastodon":{"url":"https:\/\/pubeurope.com\/@fr\/115597765734845906","error":""},"_links":{"self":[{"href":"https:\/\/www.europesays.com\/fr\/wp-json\/wp\/v2\/posts\/552878","targetHints":{"allow":["GET"]}}],"collection":[{"href":"https:\/\/www.europesays.com\/fr\/wp-json\/wp\/v2\/posts"}],"about":[{"href":"https:\/\/www.europesays.com\/fr\/wp-json\/wp\/v2\/types\/post"}],"author":[{"embeddable":true,"href":"https:\/\/www.europesays.com\/fr\/wp-json\/wp\/v2\/users\/2"}],"replies":[{"embeddable":true,"href":"https:\/\/www.europesays.com\/fr\/wp-json\/wp\/v2\/comments?post=552878"}],"version-history":[{"count":0,"href":"https:\/\/www.europesays.com\/fr\/wp-json\/wp\/v2\/posts\/552878\/revisions"}],"wp:featuredmedia":[{"embeddable":true,"href":"https:\/\/www.europesays.com\/fr\/wp-json\/wp\/v2\/media\/552879"}],"wp:attachment":[{"href":"https:\/\/www.europesays.com\/fr\/wp-json\/wp\/v2\/media?parent=552878"}],"wp:term":[{"taxonomy":"category","embeddable":true,"href":"https:\/\/www.europesays.com\/fr\/wp-json\/wp\/v2\/categories?post=552878"},{"taxonomy":"post_tag","embeddable":true,"href":"https:\/\/www.europesays.com\/fr\/wp-json\/wp\/v2\/tags?post=552878"}],"curies":[{"name":"wp","href":"https:\/\/api.w.org\/{rel}","templated":true}]}}