{"id":552880,"date":"2025-11-23T07:11:15","date_gmt":"2025-11-23T07:11:15","guid":{"rendered":"https:\/\/www.europesays.com\/fr\/552880\/"},"modified":"2025-11-23T07:11:15","modified_gmt":"2025-11-23T07:11:15","slug":"la-convention-citoyenne-sur-les-temps-de-lenfant-plaide-pour-une-reforme-dampleur-des-rythmes-scolaires","status":"publish","type":"post","link":"https:\/\/www.europesays.com\/fr\/552880\/","title":{"rendered":"La convention citoyenne sur les temps de l\u2019enfant plaide pour une r\u00e9forme d\u2019ampleur des rythmes scolaires"},"content":{"rendered":"<p>                     <img loading=\"lazy\" decoding=\"async\" src=\"https:\/\/www.europesays.com\/fr\/wp-content\/uploads\/2025\/11\/02ea4ab_upload-1-apd92oazdlue-ad042-conventioncitoyenne-enfance-dsc08911.jpg\" alt=\"Lors de la septi\u00e8me session de travail de la convention citoyenne sur les temps de l\u2019enfant, au Conseil \u00e9conomique, social et environnemental, \u00e0 Paris, le 21 novembre 2025.\"   width=\"664\" height=\"443\"\/>    Lors de la septi\u00e8me session de travail de la convention citoyenne sur les temps de l\u2019enfant, au Conseil \u00e9conomique, social et environnemental, \u00e0 Paris, le 21 novembre 2025.  AGNES DHERBEYS\/MYOP POUR \u00abLE MONDE\u00bb                 <\/p>\n<p class=\"article__paragraph  \">La question pos\u00e9e aux 133 personnes tir\u00e9es au sort pour participer \u00e0 la convention citoyenne sur les temps de l\u2019enfant avait de quoi donner le vertige. \u00ab\u00a0Comment mieux structurer les diff\u00e9rents temps de la vie quotidienne des enfants afin qu\u2019ils soient plus favorables \u00e0 leurs apprentissages, \u00e0 leur d\u00e9veloppement et \u00e0 leur sant\u00e9\u00a0?\u00a0\u00bb, leur avait demand\u00e9 le premier ministre d\u2019alors, Fran\u00e7ois Bayrou, dans sa lettre de saisine sign\u00e9e au mois de mai.<\/p>\n<p>   Lire plus tard  <\/p>\n<p class=\"article__paragraph  \">Les citoyens r\u00e9unis par le Conseil \u00e9conomique, social et environnemental (CESE) se sont pleinement empar\u00e9s de ce champ des possibles pour \u00e9tablir leur rapport final, qui doit \u00eatre soumis au vote dans son ensemble, dimanche 23\u00a0novembre dans la matin\u00e9e. Derni\u00e8re \u00e9tape apr\u00e8s s\u2019\u00eatre accord\u00e9s, mi-novembre, sur 20\u00a0propositions, adopt\u00e9es chacune \u00e0 plus de 66\u00a0% des voix. Ces propositions dessinent une transformation en profondeur de la prise en charge des temps de l\u2019enfant, aujourd\u2019hui trop \u00ab\u00a0fragment\u00e9s\u00a0\u00bb et \u00ab\u00a0sous-investis humainement et financi\u00e8rement\u00a0\u00bb. A commencer par une refonte d\u2019ampleur du syst\u00e8me scolaire, \u00ab\u00a0inadapt\u00e9 aux rythmes biologiques des enfants\u00a0\u00bb.<\/p>\n<p class=\"reading-mode-only \"><strong>Il vous reste 86.97% de cet article \u00e0 lire. La suite est r\u00e9serv\u00e9e aux abonn\u00e9s.<\/strong><\/p>\n","protected":false},"excerpt":{"rendered":"Lors de la septi\u00e8me session de travail de la convention citoyenne sur les temps de l\u2019enfant, au Conseil&hellip;\n","protected":false},"author":2,"featured_media":552881,"comment_status":"","ping_status":"","sticky":false,"template":"","format":"standard","meta":{"footnotes":""},"categories":[4],"tags":[11,1011,27,12,25],"class_list":{"0":"post-552880","1":"post","2":"type-post","3":"status-publish","4":"format-standard","5":"has-post-thumbnail","7":"category-france","8":"tag-actualites","9":"tag-fr","10":"tag-france","11":"tag-news","12":"tag-republique-francaise"},"share_on_mastodon":{"url":"https:\/\/pubeurope.com\/@fr\/115597770452657568","error":""},"_links":{"self":[{"href":"https:\/\/www.europesays.com\/fr\/wp-json\/wp\/v2\/posts\/552880","targetHints":{"allow":["GET"]}}],"collection":[{"href":"https:\/\/www.europesays.com\/fr\/wp-json\/wp\/v2\/posts"}],"about":[{"href":"https:\/\/www.europesays.com\/fr\/wp-json\/wp\/v2\/types\/post"}],"author":[{"embeddable":true,"href":"https:\/\/www.europesays.com\/fr\/wp-json\/wp\/v2\/users\/2"}],"replies":[{"embeddable":true,"href":"https:\/\/www.europesays.com\/fr\/wp-json\/wp\/v2\/comments?post=552880"}],"version-history":[{"count":0,"href":"https:\/\/www.europesays.com\/fr\/wp-json\/wp\/v2\/posts\/552880\/revisions"}],"wp:featuredmedia":[{"embeddable":true,"href":"https:\/\/www.europesays.com\/fr\/wp-json\/wp\/v2\/media\/552881"}],"wp:attachment":[{"href":"https:\/\/www.europesays.com\/fr\/wp-json\/wp\/v2\/media?parent=552880"}],"wp:term":[{"taxonomy":"category","embeddable":true,"href":"https:\/\/www.europesays.com\/fr\/wp-json\/wp\/v2\/categories?post=552880"},{"taxonomy":"post_tag","embeddable":true,"href":"https:\/\/www.europesays.com\/fr\/wp-json\/wp\/v2\/tags?post=552880"}],"curies":[{"name":"wp","href":"https:\/\/api.w.org\/{rel}","templated":true}]}}