{"id":552882,"date":"2025-11-23T07:12:14","date_gmt":"2025-11-23T07:12:14","guid":{"rendered":"https:\/\/www.europesays.com\/fr\/552882\/"},"modified":"2025-11-23T07:12:14","modified_gmt":"2025-11-23T07:12:14","slug":"la-seine-et-marne-et-une-partie-du-massif-central-restent-en-vigilance-orange-neige-verglas-jusqua-8-heures","status":"publish","type":"post","link":"https:\/\/www.europesays.com\/fr\/552882\/","title":{"rendered":"la Seine-et-Marne et une partie du Massif central restent en vigilance orange neige-verglas jusqu&rsquo;\u00e0 8 heures"},"content":{"rendered":"<p>L&rsquo;\u00e9pisode neigeux n&rsquo;est pas encore termin\u00e9. La Seine-et-Marne et une partie du Massif central restent en vigilance orange neige-verglas dimanche 23 novembre, M\u00e9t\u00e9o-France relevant des couches de neige d&rsquo;un \u00e0 quatre centim\u00e8tres en moyenne sur l&rsquo;Ile-de-France. <a href=\"https:\/\/vigilance.meteofrance.fr\/fr\" target=\"_blank\" rel=\"noopener\">Selon son dernier bulletin<\/a>, le pr\u00e9visionniste a lev\u00e9 d\u00e8s 6 heures sa vigilance orange <a href=\"https:\/\/www.franceinfo.fr\/environnement\/meteo\/alertes-meteo-et-vigilances\/huit-departements-de-l-ile-de-france-places-en-vigilance-orange-neige-et-verglas-a-partir-de-20h_7632803.html\" target=\"_blank\" rel=\"noopener\">pour les d\u00e9partements<\/a> des Yvelines, Val-d&rsquo;Oise, Essonne, Paris et la petite couronne. La Seine-et-Marne et le Massif Central restent concern\u00e9s jusqu&rsquo;\u00e0 8 heures. \u00ab\u00a0La perturbation (&#8230;) continue son long d\u00e9calage d&rsquo;ouest en est, vers le quart nord-est du pays\u00a0\u00bb, rapporte M\u00e9t\u00e9o-France. Suivez notre direct.<\/p>\n<p class=\"c-body__bullet\"><strong> Six d\u00e9partements du Massif central concern\u00e9s. <\/strong>L&rsquo;Aveyron, le Cantal, la Corr\u00e8ze, la Creuse, la Haute-Vienne et le Puy-de-D\u00f4me ont \u00e9t\u00e9 plac\u00e9s en vigilance orange \u00e0 3 heures dans la nuit de dimanche, en raison de faibles chutes de neige et de pluies vergla\u00e7antes susceptibles de rendre les chauss\u00e9es glissantes. Dans cette r\u00e9gion, les pr\u00e9cipitations sont rest\u00e9es faibles et \u00e9parses<\/p>\n<p class=\"c-body__bullet\"><strong> 7 500 agents des routes mobilis\u00e9es ce weekend. <\/strong>La pr\u00e9fecture de police avait d\u00e9cid\u00e9 samedi de r\u00e9duire la vitesse autoris\u00e9e de 20 km\/h sur l&rsquo;ensemble de l&rsquo;Ile-de-France et d&rsquo;interdire les d\u00e9passements pour les poids lourds de plus de 3,5 tonnes sur les grands axes. Les trains et r\u00e9seaux urbains ne devraient pas \u00eatre fortement impact\u00e9s, mais des retards d&rsquo;environ une heure ont \u00e9t\u00e9 signal\u00e9s samedi soir \u00e0 Roissy.<\/p>\n<p class=\"c-body__bullet\"><strong> Le site de M\u00e9t\u00e9o France en difficult\u00e9 samedi soir.<\/strong> \u00ab\u00a0En raison du nombre important de connexions sur nos services, vous visitez actuellement le site de secours de M\u00e9t\u00e9o France, avec un contenu restreint\u00a0\u00bb, pouvait-on lire \u00e0 20h, samedi, sur le site de M\u00e9t\u00e9o France. Concr\u00e8tement, certains contenus ne s&rsquo;affichaient plus, notamment la m\u00e9t\u00e9o de la soir\u00e9e et de la nuit pour certains d\u00e9partements.<\/p>\n","protected":false},"excerpt":{"rendered":"L&rsquo;\u00e9pisode neigeux n&rsquo;est pas encore termin\u00e9. La Seine-et-Marne et une partie du Massif central restent en vigilance orange&hellip;\n","protected":false},"author":2,"featured_media":552883,"comment_status":"","ping_status":"","sticky":false,"template":"","format":"standard","meta":{"footnotes":""},"categories":[2],"tags":[11,1011,27,12],"class_list":{"0":"post-552882","1":"post","2":"type-post","3":"status-publish","4":"format-standard","5":"has-post-thumbnail","7":"category-actualites","8":"tag-actualites","9":"tag-fr","10":"tag-france","11":"tag-news"},"share_on_mastodon":{"url":"https:\/\/pubeurope.com\/@fr\/115597773696473118","error":""},"_links":{"self":[{"href":"https:\/\/www.europesays.com\/fr\/wp-json\/wp\/v2\/posts\/552882","targetHints":{"allow":["GET"]}}],"collection":[{"href":"https:\/\/www.europesays.com\/fr\/wp-json\/wp\/v2\/posts"}],"about":[{"href":"https:\/\/www.europesays.com\/fr\/wp-json\/wp\/v2\/types\/post"}],"author":[{"embeddable":true,"href":"https:\/\/www.europesays.com\/fr\/wp-json\/wp\/v2\/users\/2"}],"replies":[{"embeddable":true,"href":"https:\/\/www.europesays.com\/fr\/wp-json\/wp\/v2\/comments?post=552882"}],"version-history":[{"count":0,"href":"https:\/\/www.europesays.com\/fr\/wp-json\/wp\/v2\/posts\/552882\/revisions"}],"wp:featuredmedia":[{"embeddable":true,"href":"https:\/\/www.europesays.com\/fr\/wp-json\/wp\/v2\/media\/552883"}],"wp:attachment":[{"href":"https:\/\/www.europesays.com\/fr\/wp-json\/wp\/v2\/media?parent=552882"}],"wp:term":[{"taxonomy":"category","embeddable":true,"href":"https:\/\/www.europesays.com\/fr\/wp-json\/wp\/v2\/categories?post=552882"},{"taxonomy":"post_tag","embeddable":true,"href":"https:\/\/www.europesays.com\/fr\/wp-json\/wp\/v2\/tags?post=552882"}],"curies":[{"name":"wp","href":"https:\/\/api.w.org\/{rel}","templated":true}]}}