{"id":552884,"date":"2025-11-23T07:13:16","date_gmt":"2025-11-23T07:13:16","guid":{"rendered":"https:\/\/www.europesays.com\/fr\/552884\/"},"modified":"2025-11-23T07:13:16","modified_gmt":"2025-11-23T07:13:16","slug":"une-prestation-de-haut-vol-de-meltingpotes-au-festyvocal-de-firminy-2","status":"publish","type":"post","link":"https:\/\/www.europesays.com\/fr\/552884\/","title":{"rendered":"Une prestation de haut vol de Melting&rsquo;potes au Festyvocal de Firminy"},"content":{"rendered":"<p>\t\t\t\t\t\t\t\t\t\t\t\t\t\t\t\t\t\t\t\t\t\t\t\t\t\t\t\t\t\t\t\t\t\t\t\t\t\t\t\t\t\t\t\t\t\t\t\t\t\t\t\t\t\t\t\t\t\t\t\t\t\t\t<a href=\"https:\/\/www.lacommere43.fr\/component\/banners\/click\/1857.html\" target=\"_blank\" title=\"Grazac Entre terres novembre 2025\" rel=\"noopener\"><br \/>\n\t\t\t\t\t\t\t<img decoding=\"async\" loading=\"lazy\" src=\"https:\/\/www.europesays.com\/fr\/wp-content\/uploads\/2025\/11\/IMG_20251105_113838_624.jpg\" alt=\"Grazac Entre terres novembre 2025\"\/><br \/>\n\t\t\t\t\t\t<\/a><\/p>\n<p><strong>L&rsquo;ensemble vocal Melting&rsquo;potes du Puy, dirig\u00e9 par Nina Pal Markovic, a particip\u00e9 \u00e0 la biennale internationale de musique vocale contemporaine, le Festyvocal, se d\u00e9roulant \u00e0 l&rsquo;\u00e9glise Saint-Pierre Le Corbusier \u00e0 Firminy.<\/strong><\/p>\n<p>Dans cet \u00e9crin acoustique insolite inscrit au patrimoine mondial de l&rsquo;Unesco, le d\u00e9fi \u00e9tait grand pour la quarantaine de choristes amateurs et pour la plupart non musiciens, de se produire avec un r\u00e9pertoire a capella.<\/p>\n<p>La pi\u00e8ce ma\u00eetresse \u00e9tait constitu\u00e9e de \u00ab Parce Mihi Domin\u00e9 \u00bb du compositeur contemporain Claudio Ferrara. Cette cr\u00e9ation mondiale a remport\u00e9 le prix de la R\u00e9gion AURA du concours de composition Festyvocal 2025.<\/p>\n<p><strong>Dix minutes d&rsquo;intense\u00a0\u00e9motion<\/strong><\/p>\n<p>Dix minutes d&rsquo;intense \u00e9motion pour tout spectateur m\u00eame non connaisseur, dix minutes salu\u00e9es fortement par les publics avertis, dix minutes suivies de cinq autres chants de haut vol interpr\u00e9t\u00e9s tout aussi intens\u00e9ment avec une mise en sc\u00e8ne diff\u00e9rente pour chacune des \u0153uvres.<\/p>\n<p>\u00ab\u00a0Les bravos, les applaudissements soutenus du public, les commentaires \u00e0 chaud dans les trav\u00e9es saluant cette cheffe et ce \u00ab son \u00bb unique qu&rsquo;elle donne \u00e0 son ch\u0153ur, saluant ces choristes de tous \u00e2ges si investis, les nombreux messages de f\u00e9licitations, ont t\u00e9moign\u00e9 d&rsquo;une prestation exceptionnelle\u00a0\u00bb, se f\u00e9licite l&rsquo;\u00e9quipe de Melting&rsquo;potes qui poursuit : \u00ab\u00a0Un d\u00e9fi r\u00e9ussi au milieu de ch\u0153urs et groupes vocaux de haut niveau et en avant-premi\u00e8re du Ch\u0153ur national des Jeunes.\u00a0\u00bb<\/p>\n","protected":false},"excerpt":{"rendered":"L&rsquo;ensemble vocal Melting&rsquo;potes du Puy, dirig\u00e9 par Nina Pal Markovic, a particip\u00e9 \u00e0 la biennale internationale de musique&hellip;\n","protected":false},"author":2,"featured_media":551756,"comment_status":"","ping_status":"","sticky":false,"template":"","format":"standard","meta":{"footnotes":""},"categories":[9653],"tags":[1111,2281,11,2430,1777,674,2282,1011,27,2280,2284,2285,2283,12,25,4001],"class_list":{"0":"post-552884","1":"post","2":"type-post","3":"status-publish","4":"format-standard","5":"has-post-thumbnail","7":"category-saint-etienne","8":"tag-actu","9":"tag-actualite-43","10":"tag-actualites","11":"tag-auvergne-rhone-alpes","12":"tag-eu","13":"tag-europe","14":"tag-faits-divers-auvergne","15":"tag-fr","16":"tag-france","17":"tag-information-haute-loire","18":"tag-infos-43","19":"tag-journal-haute-loire","20":"tag-la-commere-43","21":"tag-news","22":"tag-republique-francaise","23":"tag-saint-etienne"},"share_on_mastodon":{"url":"https:\/\/pubeurope.com\/@fr\/115597778266010975","error":""},"_links":{"self":[{"href":"https:\/\/www.europesays.com\/fr\/wp-json\/wp\/v2\/posts\/552884","targetHints":{"allow":["GET"]}}],"collection":[{"href":"https:\/\/www.europesays.com\/fr\/wp-json\/wp\/v2\/posts"}],"about":[{"href":"https:\/\/www.europesays.com\/fr\/wp-json\/wp\/v2\/types\/post"}],"author":[{"embeddable":true,"href":"https:\/\/www.europesays.com\/fr\/wp-json\/wp\/v2\/users\/2"}],"replies":[{"embeddable":true,"href":"https:\/\/www.europesays.com\/fr\/wp-json\/wp\/v2\/comments?post=552884"}],"version-history":[{"count":0,"href":"https:\/\/www.europesays.com\/fr\/wp-json\/wp\/v2\/posts\/552884\/revisions"}],"wp:featuredmedia":[{"embeddable":true,"href":"https:\/\/www.europesays.com\/fr\/wp-json\/wp\/v2\/media\/551756"}],"wp:attachment":[{"href":"https:\/\/www.europesays.com\/fr\/wp-json\/wp\/v2\/media?parent=552884"}],"wp:term":[{"taxonomy":"category","embeddable":true,"href":"https:\/\/www.europesays.com\/fr\/wp-json\/wp\/v2\/categories?post=552884"},{"taxonomy":"post_tag","embeddable":true,"href":"https:\/\/www.europesays.com\/fr\/wp-json\/wp\/v2\/tags?post=552884"}],"curies":[{"name":"wp","href":"https:\/\/api.w.org\/{rel}","templated":true}]}}