{"id":552885,"date":"2025-11-23T07:14:16","date_gmt":"2025-11-23T07:14:16","guid":{"rendered":"https:\/\/www.europesays.com\/fr\/552885\/"},"modified":"2025-11-23T07:14:16","modified_gmt":"2025-11-23T07:14:16","slug":"asse-nancy-2-1-les-stephanois-assurent-lessentiel-et-grimpent-sur-le-podium","status":"publish","type":"post","link":"https:\/\/www.europesays.com\/fr\/552885\/","title":{"rendered":"ASSE &#8211; Nancy (2-1) : les St\u00e9phanois assurent l&rsquo;essentiel et grimpent sur le podium\u00a0"},"content":{"rendered":"<p>Les Verts ont confirm\u00e9 leur retour en forme en dominant Nancy ce samedi 22 novembre (2-1) \u00e0 Geoffroy-Guichard lors de la 15? journ\u00e9e de Ligue 2. Une victoire qui propulse l&rsquo;ASSE \u00e0 la deuxi\u00e8me place, \u00e0 deux points du leader Troyes.<\/p>\n<p>Dans un Chaudron frigorifi\u00e9 mais bouillant, l&rsquo;<b>AS Saint-\u00c9tienne<\/b> a sign\u00e9 un succ\u00e8s pr\u00e9cieux face \u00e0 <b>Nancy<\/b> (2-1) ce <b>samedi 22 novembre<\/b> au soir.\u00a0<\/p>\n<p>Apr\u00e8s avoir fait tomber Troyes avant la tr\u00eave, les hommes d&rsquo;Eirik Horneland poursuivent leur remont\u00e9e et s&rsquo;installent sur le podium, \u00e0 seulement deux longueurs du leader.<\/p>\n<p>Une premi\u00e8re p\u00e9riode domin\u00e9e par les Verts\u00a0<\/p>\n<p>Le sc\u00e9nario s&rsquo;est dessin\u00e9 d\u00e8s la 27? minute : lanc\u00e9 par <b>Davitashvili<\/b>, <b>Irvin Cardona<\/b> a ouvert le score d&rsquo;un lob subtil, malgr\u00e9 une position de hors-jeu contest\u00e9e par les Lorrains. Les St\u00e9phanois ont ensuite manqu\u00e9 le break avant la pause, avec un poteau pour <b>Tardieu<\/b> (37?) et un sauvetage de <b>Fernandez<\/b>.<\/p>\n<p>Le deuxi\u00e8me but est finalement arriv\u00e9 au retour des vestiaires. <b>Florian Tardieu<\/b> a transform\u00e9 un penalty obtenu par <b>Ferreira<\/b> (51?), offrant un avantage confortable aux Verts.\u00a0<\/p>\n<p>Mais Nancy n&rsquo;a pas abdiqu\u00e9 : une main de <b>Bernauer<\/b> a permis \u00e0 <b>Bokangu<\/b> de r\u00e9duire l&rsquo;\u00e9cart sur penalty (58?). Malgr\u00e9 quelques frissons en fin de match, Saint-\u00c9tienne a tenu bon.<\/p>\n<p>Retour en Coupe de France avec une affiche 100% lig\u00e9rienne\u00a0<\/p>\n<p>Avec cette neuvi\u00e8me victoire en quinze journ\u00e9es, l&rsquo;ASSE grimpe \u00e0 la deuxi\u00e8me place (29 pts), juste derri\u00e8re Troyes (31 pts).<\/p>\n<p>Prochain rendez-vous pour les St\u00e9phanois : <b>samedi 29 novembre, \u00e0 20h30<\/b>, dans le Chaudron, pour le 8? tour de la Coupe de France face \u00e0 <b>Ecotay-Moingt<\/b> (R3).<\/p>\n<p><img loading=\"lazy\" decoding=\"async\" src=\"https:\/\/www.europesays.com\/fr\/wp-content\/uploads\/2025\/11\/1763882056_32_img\" width=\"350\" height=\"200\" border=\"0\" title=\"Le match entre l'ASSE et Ecotay-Moingt se jouera \u00c3\u00a0 Geoffroy-Guichard.\"\/><\/p>\n<p>\u25baFootball<\/p>\n<p style=\"font-size: 22px;\"><b>Coupe de France : le match entre l&rsquo;ASSE et Ecotay-Moingt se jouera \u00e0 Geoffroy-Guichard !<\/b><\/p>\n<p>Le 8e tour de Coupe de France entre Ecotay-Moingt&#8230;<\/p>\n<p><\/p>\n","protected":false},"excerpt":{"rendered":"Les Verts ont confirm\u00e9 leur retour en forme en dominant Nancy ce samedi 22 novembre (2-1) \u00e0 Geoffroy-Guichard&hellip;\n","protected":false},"author":2,"featured_media":552886,"comment_status":"","ping_status":"","sticky":false,"template":"","format":"standard","meta":{"footnotes":""},"categories":[9653],"tags":[1111,11,461,2430,3233,1777,674,1011,27,13853,446,1702,12,25,4001,1264],"class_list":{"0":"post-552885","1":"post","2":"type-post","3":"status-publish","4":"format-standard","5":"has-post-thumbnail","7":"category-saint-etienne","8":"tag-actu","9":"tag-actualites","10":"tag-asse","11":"tag-auvergne-rhone-alpes","12":"tag-championnat","13":"tag-eu","14":"tag-europe","15":"tag-fr","16":"tag-france","17":"tag-geoffroy-guichard","18":"tag-ligue-2","19":"tag-nancy","20":"tag-news","21":"tag-republique-francaise","22":"tag-saint-etienne","23":"tag-victoire"},"share_on_mastodon":{"url":"https:\/\/pubeurope.com\/@fr\/115597782285577887","error":""},"_links":{"self":[{"href":"https:\/\/www.europesays.com\/fr\/wp-json\/wp\/v2\/posts\/552885","targetHints":{"allow":["GET"]}}],"collection":[{"href":"https:\/\/www.europesays.com\/fr\/wp-json\/wp\/v2\/posts"}],"about":[{"href":"https:\/\/www.europesays.com\/fr\/wp-json\/wp\/v2\/types\/post"}],"author":[{"embeddable":true,"href":"https:\/\/www.europesays.com\/fr\/wp-json\/wp\/v2\/users\/2"}],"replies":[{"embeddable":true,"href":"https:\/\/www.europesays.com\/fr\/wp-json\/wp\/v2\/comments?post=552885"}],"version-history":[{"count":0,"href":"https:\/\/www.europesays.com\/fr\/wp-json\/wp\/v2\/posts\/552885\/revisions"}],"wp:featuredmedia":[{"embeddable":true,"href":"https:\/\/www.europesays.com\/fr\/wp-json\/wp\/v2\/media\/552886"}],"wp:attachment":[{"href":"https:\/\/www.europesays.com\/fr\/wp-json\/wp\/v2\/media?parent=552885"}],"wp:term":[{"taxonomy":"category","embeddable":true,"href":"https:\/\/www.europesays.com\/fr\/wp-json\/wp\/v2\/categories?post=552885"},{"taxonomy":"post_tag","embeddable":true,"href":"https:\/\/www.europesays.com\/fr\/wp-json\/wp\/v2\/tags?post=552885"}],"curies":[{"name":"wp","href":"https:\/\/api.w.org\/{rel}","templated":true}]}}