{"id":552897,"date":"2025-11-23T07:26:13","date_gmt":"2025-11-23T07:26:13","guid":{"rendered":"https:\/\/www.europesays.com\/fr\/552897\/"},"modified":"2025-11-23T07:26:13","modified_gmt":"2025-11-23T07:26:13","slug":"grenoble-ces-etudiants-font-les-courses-au-supermarche-pour-vous-et-sont-payes-pour-les-faire","status":"publish","type":"post","link":"https:\/\/www.europesays.com\/fr\/552897\/","title":{"rendered":"Grenoble. Ces \u00e9tudiants font les courses au supermarch\u00e9 pour vous et sont pay\u00e9s pour les faire"},"content":{"rendered":"<p>                    Par<br \/>\n        <strong><br \/>\n            <a href=\"https:\/\/actu.fr\/auteur\/lisa-rodrigues\" title=\"Consulter tous les articles de Lisa Rodrigues\" target=\"_blank\" rel=\"noopener\">Lisa Rodrigues<\/a><br \/>\n                    <\/strong><\/p>\n<p>        Publi\u00e9 le<\/p>\n<p>            23 nov. 2025 \u00e0 7h32        <\/p>\n<p>Mardi matin dans les all\u00e9es de l\u2019Intermarch\u00e9 Foch de <a href=\"https:\/\/actu.fr\/auvergne-rhone-alpes\/grenoble_38185\" target=\"_blank\" rel=\"noopener\">Grenoble<\/a>. Pierre-Jean, presque retrait\u00e9 de 62 ans, cherche son p\u00e9ch\u00e9 mignon : les bananes s\u00e9ch\u00e9es. Dans sa qu\u00eate, il est aid\u00e9 par Marie, 22 ans, \u00e9tudiante en criminologie. Une sc\u00e8ne qui n\u2019a rien de particulier, si ce n\u2019est que les deux n\u2019ont aucun lien de parent\u00e9 : Marie est <a href=\"https:\/\/actu.fr\/hauts-de-france\/wattrelos_59650\/metropole-de-lille-ces-jeunes-vous-aident-a-faire-vos-courses-au-supermarche_58645701.html\" target=\"_blank\" rel=\"noopener\">\u00ab\u00a0Compagnon d\u2019emplettes\u00a0\u00bb<\/a>, un petit job \u00e9tudiant \u00e0 port\u00e9e sociale.<br \/>\u00ab\u00a0Tous les mardis matin, je suis l\u00e0, sourit la jeune femme. Je vais suivre les personnes \u00e2g\u00e9es dans leurs courses, pour que \u00e7a soit un <strong>moment convivial<\/strong>, qu\u2019on puisse parler ensemble. Que les courses deviennent un moment qu\u2019elles aiment faire.\u00a0\u00bb\u00a0<\/p>\n<p>    <a href=\"https:\/\/www.google.com\/maps\/embed?pb=!1m18!1m12!1m3!1d2812.2947802220037!2d5.722800074776431!3d45.181128752283456!2m3!1f0!2f0!3f0!3m2!1i1024!2i768!4f13.1!3m3!1m2!1s0x478af4916f611719%3A0x6cdac585fb5e662a!2sIntermarch%C3%A9%20SUPER%20Grenoble!5e0!3m2!1sfr!2sfr!4v1763735857122!5m2!1sfr!2sfr\" title=\"Ouvrie le lien\" target=\"_blank\" rel=\"noopener\">Cliquez ici pour visualiser le contenu<\/a><\/p>\n<p>Un service deux fois par semaine<\/p>\n<p class=\" wall-content\">Cela fait deux ans que des \u00e9tudiants grenoblois viennent deux fois par semaine, <strong>les mardis et samedis de 9h30 \u00e0 11h30<\/strong>, au supermarch\u00e9 du boulevard Mar\u00e9chal-Foch.<\/p>\n<blockquote class=\"tiktok-embed\" cite=\"https:\/\/www.tiktok.com\/@actufrgrenoble\/video\/7575243057650584854\" data-video-id=\"7575243057650584854\" data-embed-from=\"oembed\" style=\"max-width:605px; min-width:325px;\"><p>\n<a target=\"_blank\" title=\"@actufrgrenoble\" href=\"https:\/\/www.tiktok.com\/@actufrgrenoble?refer=embed\" rel=\"noopener\">@actufrgrenoble<\/a> <\/p>\n<p>\u00c0 l\u2019Intermarch\u00e9 Foch \u00e0 Grenoble, des \u00e9tudiants sont pay\u00e9s pour faire vos courses \ud83d\uded2\ud83d\udcb0 C\u2019est le principe des Compagnons d\u2019Emplettes, un service cr\u00e9\u00e9 par la structure Mains d\u2019Argent pour aider les personnes \u00e2g\u00e9es et isol\u00e9es \ud83e\udd1d <a title=\"actu\" target=\"_blank\" href=\"https:\/\/www.tiktok.com\/tag\/actu?refer=embed\" rel=\"noopener\">#actu<\/a> <a title=\"pourtoii\" target=\"_blank\" href=\"https:\/\/www.tiktok.com\/tag\/pourtoii?refer=embed\" rel=\"noopener\">#pourtoii<\/a> <a title=\"market\" target=\"_blank\" href=\"https:\/\/www.tiktok.com\/tag\/market?refer=embed\" rel=\"noopener\">#market<\/a> <a title=\"reportage\" target=\"_blank\" href=\"https:\/\/www.tiktok.com\/tag\/reportage?refer=embed\" rel=\"noopener\">#reportage<\/a> <\/p>\n<p> <a target=\"_blank\" title=\"\u266c Elegant - Bonoy HR\" href=\"https:\/\/www.tiktok.com\/music\/Elegant-7406303806911842305?refer=embed\" rel=\"noopener\">\u266c Elegant \u2013 Bonoy HR<\/a> <\/p>\n<\/blockquote>\n<p class=\" wall-content\">\u00ab\u00a0C\u2019est un service qui a aujourd\u2019hui du sens\u00a0\u00bb, insiste Delphine Rossi, g\u00e9rante du magasin, qui ne se voit pas arr\u00eater le partenariat avec <a href=\"https:\/\/www.mainsdargent.fr\/\" target=\"_blank\" rel=\"noopener\">Mains d\u2019Argent<\/a>, la structure qui se charge du recrutement et de la formation des Compagnons d\u2019Emplettes.<\/p>\n<blockquote class=\"ac-article-quote wall-content\">\n<p>Foch, c&rsquo;est un village dans Grenoble. On a des personnes isol\u00e9es ou en situation de handicap qui viennent. Ce service, il va au plus fort des attentes de ces personnes, sans qu&rsquo;elles renoncent \u00e0 leur ind\u00e9pendance. Et puis, \u00e7a cr\u00e9e de l&#8217;emploi : les jeunes ont un job \u00e9tudiant r\u00e9mun\u00e9r\u00e9.<\/p>\n<p>    <strong>Delphine Rossi<\/strong><br \/>\n        G\u00e9rante de l&rsquo;Intermarch\u00e9 Foch    <\/p><\/blockquote>\n<p class=\" wall-content\">Pour b\u00e9n\u00e9ficier du service \u2013 gratuit pour les b\u00e9n\u00e9ficiaires \u2013 dans son magasin et celui du cours Berriat, Delphine Rossi d\u00e9bourse environ 500 euros par mois. \u00ab\u00a0Mais je ne calcule pas le nombre de personnes prises en charge ou le montant de leur panier. Je me refuse \u00e0 le faire !\u00a0\u00bb\u00a0<\/p>\n<p>Votre r\u00e9gion, votre actu !<\/p>\n<p>Recevez chaque jour les infos qui comptent pour vous.<\/p>\n<p>\t<a href=\"https:\/\/actu.fr\/newsletter\" class=\"ac-btn ac-btn--corner ac-btn--medium ac-btn--blue800\" target=\"_blank\" rel=\"noopener\">S&rsquo;incrire<\/a><br \/>\n\u00ab\u00a0\u00c7a fait de la compagnie\u00a0\u00bb<\/p>\n<p class=\" wall-content\">Les b\u00e9n\u00e9ficiaires que la r\u00e9daction a rencontr\u00e9 sont tous des habitu\u00e9s du service, qu\u2019ils ont connu par le bouche-\u00e0-oreille ou simplement en venant faire leurs courses.<\/p>\n<p class=\" wall-content\">Dans les all\u00e9es du supermarch\u00e9, Charlotte, 21 ans, est avec Jacqueline, 79 ans. La retrait\u00e9e est une habitu\u00e9e des Compagnons d\u2019Emplettes. \u00ab\u00a0<strong>Je viens tous les mardis pour avoir quelqu\u2019un qui m\u2019aide.<\/strong> \u00c7a m\u2019est utile pour prendre les affaires, les entrer et les sortir du sac. \u00c7a fait de la compagnie !\u00a0\u00bb<\/p>\n<p class=\" wall-content\">Pierre-Jean, malvoyant, est, lui aussi, convaincu de l\u2019aide apport\u00e9e par les jeunes. \u00ab\u00a0Des fois, je leur demande le prix, de lire les petites informations sur les bo\u00eetes. Ils me font le sac \u00e0 la sortie. Et on discute !\u00a0\u00bb\u00a0<\/p>\n<p>\u00ab\u00a0On tisse des liens\u00a0\u00bb<\/p>\n<p class=\" wall-content\">Charlotte fait ce travail, pay\u00e9 12\u20ac de l\u2019heure, depuis un peu plus d\u2019un an maintenant. \u00ab\u00a0Je l\u2019ai trouv\u00e9 sur le site du CROUS quand j\u2019\u00e9tais en BTS, je cherchais <a href=\"https:\/\/actu.fr\/auvergne-rhone-alpes\/grenoble_38185\/grenoble-faute-d-argent-thibault-doit-vivre-chez-ses-parents-a-1h-de-la-fac_60014231.html\" target=\"_blank\" rel=\"noopener\">un job \u00e9tudiant.<\/a>\u00a0\u00bb En travaillant les mardis et les samedis, elle arrive \u00e0 se d\u00e9gager <strong>environ 150 euros par mois<\/strong>, un petit compl\u00e9ment \u00e0 sa r\u00e9mun\u00e9ration pour son service civique.<\/p>\n<p class=\" wall-content\">Marie a d\u00e9marr\u00e9 il y a six mois. Comme sa coll\u00e8gue, elle ne fait pas Compagnons d\u2019Emplettes pour la r\u00e9mun\u00e9ration. \u00ab\u00a0\u00c7a me fait du bien \u00e0 moi et \u00e0 eux. Et puis, c\u2019est toujours sympa de revoir les habitu\u00e9s. On se dit \u00e0 chaque fois \u2018\u00e0 la semaine prochaine\u2019, on tisse des liens.\u00a0\u00bb<\/p>\n<blockquote class=\"ac-article-quote wall-content\">\n<p>Il y a une dame avec qui j&rsquo;ai beaucoup parl\u00e9 de livres et de polars, comme j&rsquo;adore \u00e7a et elle aussi. Ce matin elle est pass\u00e9e et elle m&rsquo;a apport\u00e9 une dizaine de livres d&rsquo;Agatha Christie !<\/p>\n<p>    <strong>Marie<\/strong><br \/>\n        \u00c9tudiante et Compagnon d&rsquo;Emplettes    <\/p><\/blockquote>\n<p class=\" wall-content\">Une relation qui n\u2019\u00e9tonne pas Delphine Rossi. \u00ab\u00a0Il y en a m\u00eame qui sont invit\u00e9s le midi \u00e0 manger ou qui ont des chocolats \u00e0 No\u00ebl ! <strong>C\u2019est un vrai lien social<\/strong>.\u00a0\u00bb<\/p>\n<p>\u00ab\u00a0Tant que je peux, je continue\u00a0\u00bb<\/p>\n<p class=\" wall-content\">La g\u00e9rante esp\u00e8re bien pouvoir un jour \u00ab\u00a0aller plus loin\u00a0\u00bb et d\u00e9velopper d\u2019autres services pour les personnes isol\u00e9es avec diff\u00e9rents partenaires, comme le CCAS de la Ville.\u00a0<\/p>\n<p class=\" wall-content\">En attendant, les Compagnons d\u2019Emplettes de Foch continuent leur mission : les deux \u00e9tudiantes ne se voient pas arr\u00eater de sit\u00f4t. \u00ab\u00a0Tant que je peux, je continue, tranche Marie. Et si un jour je d\u00e9m\u00e9nage, je sais que c\u2019est pr\u00e9sent dans plein de villes !\u00a0\u00bb<\/p>\n<p class=\" wall-content\">Personnalisez votre actualit\u00e9 en ajoutant vos villes et m\u00e9dias en favori avec <a href=\"https:\/\/moncompte.actu.fr\" title=\"D\u00e9couvez Mon Actu\" rel=\"nofollow noopener\" data-trk=\"{&quot;cta&quot;:{&quot;action&quot;:&quot;https:\\\/\\\/moncompte.actu.fr&quot;,&quot;category&quot;:&quot;mon compte&quot;,&quot;from&quot;:&quot;article footer&quot;,&quot;name&quot;:&quot;Mon actu&quot;,&quot;type&quot;:&quot;cta&quot;}}\" target=\"_blank\">Mon Actu<\/a>.<\/p>\n<p>                    <script async src=\"\/\/www.tiktok.com\/embed.js\"><\/script><\/p>\n","protected":false},"excerpt":{"rendered":"Par Lisa Rodrigues Publi\u00e9 le 23 nov. 2025 \u00e0 7h32 Mardi matin dans les all\u00e9es de l\u2019Intermarch\u00e9 Foch&hellip;\n","protected":false},"author":2,"featured_media":552898,"comment_status":"","ping_status":"","sticky":false,"template":"","format":"standard","meta":{"footnotes":""},"categories":[9566],"tags":[1111,11,2430,215,1777,674,1011,27,2731,2529,12,25,104],"class_list":{"0":"post-552897","1":"post","2":"type-post","3":"status-publish","4":"format-standard","5":"has-post-thumbnail","7":"category-grenoble","8":"tag-actu","9":"tag-actualites","10":"tag-auvergne-rhone-alpes","11":"tag-commerce","12":"tag-eu","13":"tag-europe","14":"tag-fr","15":"tag-france","16":"tag-grenoble","17":"tag-intermarche","18":"tag-news","19":"tag-republique-francaise","20":"tag-societe"},"share_on_mastodon":{"url":"https:\/\/pubeurope.com\/@fr\/115597829131443878","error":""},"_links":{"self":[{"href":"https:\/\/www.europesays.com\/fr\/wp-json\/wp\/v2\/posts\/552897","targetHints":{"allow":["GET"]}}],"collection":[{"href":"https:\/\/www.europesays.com\/fr\/wp-json\/wp\/v2\/posts"}],"about":[{"href":"https:\/\/www.europesays.com\/fr\/wp-json\/wp\/v2\/types\/post"}],"author":[{"embeddable":true,"href":"https:\/\/www.europesays.com\/fr\/wp-json\/wp\/v2\/users\/2"}],"replies":[{"embeddable":true,"href":"https:\/\/www.europesays.com\/fr\/wp-json\/wp\/v2\/comments?post=552897"}],"version-history":[{"count":0,"href":"https:\/\/www.europesays.com\/fr\/wp-json\/wp\/v2\/posts\/552897\/revisions"}],"wp:featuredmedia":[{"embeddable":true,"href":"https:\/\/www.europesays.com\/fr\/wp-json\/wp\/v2\/media\/552898"}],"wp:attachment":[{"href":"https:\/\/www.europesays.com\/fr\/wp-json\/wp\/v2\/media?parent=552897"}],"wp:term":[{"taxonomy":"category","embeddable":true,"href":"https:\/\/www.europesays.com\/fr\/wp-json\/wp\/v2\/categories?post=552897"},{"taxonomy":"post_tag","embeddable":true,"href":"https:\/\/www.europesays.com\/fr\/wp-json\/wp\/v2\/tags?post=552897"}],"curies":[{"name":"wp","href":"https:\/\/api.w.org\/{rel}","templated":true}]}}