{"id":552899,"date":"2025-11-23T07:27:35","date_gmt":"2025-11-23T07:27:35","guid":{"rendered":"https:\/\/www.europesays.com\/fr\/552899\/"},"modified":"2025-11-23T07:27:35","modified_gmt":"2025-11-23T07:27:35","slug":"le-plan-dalain-carignon-pour-retablir-lordre-a-grenoble","status":"publish","type":"post","link":"https:\/\/www.europesays.com\/fr\/552899\/","title":{"rendered":"LE PLAN D&rsquo;ALAIN CARIGNON POUR R\u00c9TABLIR L&rsquo;ORDRE \u00c0 GRENOBLE"},"content":{"rendered":"<p>Posted On 23 novembre 2025 <\/p>\n<p style=\"text-align: justify;\" data-path-to-node=\"3\">Alain Carignon et le collectif \u00ab\u00a0R\u00e9concilier Grenoble\u00a0\u00bb ont lanc\u00e9 cette semaine une campagne d\u00e9taillant leurs propositions contre l&rsquo;ins\u00e9curit\u00e9, <a href=\"https:\/\/grenoble-le-changement.fr\/2025\/11\/22\/stop-a-insecurite-alain-carignon-sengage-avec-reconcilier-grenoble\/\" target=\"_blank\" rel=\"noopener\">l&rsquo;angle mort le plus flagrant de la municipalit\u00e9 Piolle enferm\u00e9e dans le d\u00e9ni<\/a>\u00a0et une ligne de fuite pour sa candidate Laurence Ruffin qui tente de ne pas en parler car elle n&rsquo;a rien \u00e0 proposer comme nous le d\u00e9taillions hier.<\/p>\n<p style=\"text-align: justify;\" data-path-to-node=\"3\">Pendant ce temps, Alain Carignon d\u00e9veloppe un plan de bataille pr\u00e9cis, chiffr\u00e9, valid\u00e9 et port\u00e9 par des experts, pour reprendre le contr\u00f4le de nos rues et apaiser la ville.<\/p>\n<p>UN PROBL\u00c8ME GRENOBLOIS&#8230;<\/p>\n<p style=\"text-align: justify;\">Ce plan part d&rsquo;un constat simple : <a href=\"https:\/\/grenoble-le-changement.fr\/2025\/04\/09\/insecurite-toutes-les-stats-qui-confirment-que-grenoble-est-n1\/\" target=\"_blank\" rel=\"noopener\">il y a un probl\u00e8me grenoblois en mati\u00e8re d&rsquo;ins\u00e9curit\u00e9 puisque nous sommes devenus 1\u00e8re ville de France pour les agressions<\/a> pour 1000 habitants (devant Marseille et Saint-Denis) et que sur la plupart des d\u00e9lits (coups et blessures volontaires, trafic de stup\u00e9fiant&#8230;) nous sommes bien au-dessus de la moyenne des agglom\u00e9rations comparables. L&#8217;emprise du trafic de drogue et des nuisances qu\u2019il g\u00e9n\u00e8re est grandissante, gangr\u00e9nant compl\u00e8tement certains quartiers, et l&rsquo;ins\u00e9curit\u00e9 croissante pour les Grenoblois, qui subissent en outre des incivilit\u00e9s quotidiennes (tags, d\u00e9chets, nuisances sonores) qui p\u00e8sent lourdement sur la qualit\u00e9 de vie.<\/p>\n<p><a href=\"https:\/\/grenoble-le-changement.fr\/wp-content\/uploads\/2025\/11\/AFFICHE-SECURITE-RECONCILIER-GRENOBLE-scaled.jpg\" rel=\"lightbox[86289] noopener\" target=\"_blank\"><img loading=\"lazy\" decoding=\"async\" class=\"wp-image-86299 aligncenter jetpack-lazy-image\" src=\"https:\/\/grenoble-le-changement.fr\/wp-content\/uploads\/2025\/11\/AFFICHE-SECURITE-RECONCILIER-GRENOBLE-212x300.jpg\" alt=\"\" width=\"426\" height=\"603\" data-lazy-src=\"https:\/\/www.europesays.com\/fr\/wp-content\/uploads\/2025\/11\/AFFICHE-SECURITE-RECONCILIER-GRENOBLE-212x300.jpg\" \/><\/a><\/p>\n<p>\n&#8230; NI\u00c9 PAR LES VERTS\/LFI\n<\/p>\n<p style=\"text-align: justify;\">Et pourtant, on assiste \u00e0 un refus id\u00e9ologique de la majorit\u00e9 municipale Verts\/LFI de se saisir de ces probl\u00e9matiques. Les policiers municipaux sont abandonn\u00e9s par les \u00e9lus<a href=\"https:\/\/grenoble-le-changement.fr\/2025\/08\/22\/policier-municipal-la-municipalite-fait-appel-au-conseil-detat-pour-le-sanctionner\/\" target=\"_blank\" rel=\"noopener\"> quand ils ne sont pas carr\u00e9ment sanctionn\u00e9s par la municipalit\u00e9 lorsqu&rsquo;ils essayent de faire leur travail<\/a>. Sur 120 effectifs th\u00e9oriques, il ne reste que 54 policiers municipaux dont pr\u00e8s de la moiti\u00e9 affect\u00e9s \u00e0 des t\u00e2ches administratives. Ils sont interdits d\u2019intervention dans le 38100 apr\u00e8s 19h, et exercent r\u00e9guli\u00e8rement un droit de retrait car l\u2019absence d\u2019armement rend leur intervention p\u00e9rilleuse dans certains quartiers min\u00e9s par la d\u00e9linquance.\u00a0<\/p>\n<p>UN PLAN DE RUPTURE<\/p>\n<p style=\"text-align: justify;\">Le plan d&rsquo;Alain Carignon et de R\u00e9concilier Grenoble porte <a target=\"_blank\" href=\"https:\/\/reconciliergrenoble.fr\/thematique\/securite-prevention\/\" rel=\"noopener\">une philosophie de rupture totale<\/a>. Fini les discours verbeux pour excuser l&rsquo;inexcusable et th\u00e9oriser l&rsquo;inaction municipale ; place aux actes concrets pour prot\u00e9ger les honn\u00eates gens et dissuader les voyous qui ont pris la ville en otage. L&rsquo;objectif est de garantir \u00e0 chacun un cadre de vie apais\u00e9, en luttant contre toutes les formes d&rsquo;ins\u00e9curit\u00e9 et d&rsquo;incivilit\u00e9 et en r\u00e9duisant l&#8217;emprise du trafic dans la ville. Pour cela, il faudra enfin un Maire qui assume son r\u00f4le de 1er officier de police judiciaire de la ville, qui dispose de l\u2019autorit\u00e9 pour d\u00e9ployer une politique de s\u00e9curit\u00e9.<\/p>\n<p>UNE POLICE MUNICIPALE LARGEMENT RENFORC\u00c9E ET ARM\u00c9E\u00a0<\/p>\n<p style=\"text-align: justify;\" data-path-to-node=\"7\">Le c\u0153ur du r\u00e9acteur de ce plan, c&rsquo;est <a href=\"https:\/\/grenoble-le-changement.fr\/2025\/07\/21\/policiers-municipaux-a-carignon-sengage-a-abroger-la-sanction\/\" target=\"_blank\" rel=\"noopener\">la transformation de notre Police Municipale<\/a>. Alain Carignon propose un un renforcement massif avec <strong>200 agents minimum<\/strong> pour une pr\u00e9sence accrue sur le terrain (ce qui co\u00fbterait 10 millions d\u2019euros pour recruter les 150 agents manquants, avec un objectif de recrutement de 50 agents par an sur 3 ans). La police municipale serait <strong>form\u00e9e et arm\u00e9e<\/strong> (de vraies armes, pas de simples tasers) pour pouvoir intervenir sans \u00eatre une cible sans d\u00e9fense pour les d\u00e9linquants, et ce sur l&rsquo;ensemble de la commune y compris dans le 38100, y compris la nuit.\u00a0<\/p>\n<p style=\"text-align: justify;\" data-path-to-node=\"7\">L&rsquo;accent sera particuli\u00e8rement mis sur la <strong>s\u00e9curisation des abords des \u00e9coles, coll\u00e8ges et lyc\u00e9es<\/strong> pour\u00a0lutter contre\u00a0la vente de drogue, les violences et les trafics divers.<\/p>\n<p><a href=\"https:\/\/grenoble-le-changement.fr\/wp-content\/uploads\/2025\/07\/Capture-de\u0301cran-2025-07-20-a\u0300-11.49.41.png\" rel=\"lightbox[86289] noopener\" target=\"_blank\"><img loading=\"lazy\" decoding=\"async\" class=\" wp-image-83421 jetpack-lazy-image\" src=\"https:\/\/grenoble-le-changement.fr\/wp-content\/uploads\/2025\/07\/Capture-de\u0301cran-2025-07-20-a\u0300-11.49.41-300x231.png\" alt=\"\" width=\"595\" height=\"458\" data-lazy-src=\"https:\/\/www.europesays.com\/fr\/wp-content\/uploads\/2025\/11\/Capture-de\u0301cran-2025-07-20-a\u0300-11.49.41-300x231.png\" \/><\/a>Pendant ce temps, voici comment la municipalit\u00e9 Piolle traite ses policiers municipaux<br \/>\nLA VID\u00c9OPROTECTION POUR DES INTERVENTIONS IMM\u00c9DIATES<\/p>\n<p style=\"text-align: justify;\" data-path-to-node=\"7\">Le deuxi\u00e8me pilier de cette strat\u00e9gie est technologique. <a href=\"https:\/\/grenoble-le-changement.fr\/2023\/07\/10\/cameras-de-video-protection-la-pression-saccentue-sur-e-piolle\/\" target=\"_blank\" rel=\"noopener\">Le dogmatisme anti-cam\u00e9ras des Verts<\/a> a fait de Grenoble une zone grise id\u00e9ale pour les trafics et incivilit\u00e9s en tout genre. Le plan de R\u00e9concilier Grenoble pr\u00e9voit le <strong>d\u00e9ploiement massif de la vid\u00e9oprotection<\/strong> (il y en a actuellement 100 en \u00e9tat de marche, l&rsquo;objectif est d&rsquo;en installer 350 dont l&rsquo;essentiel serait financ\u00e9 par l&rsquo;Etat et la R\u00e9gion). Elles seront coupl\u00e9es \u00e0 un <strong>Centre de Supervision Urbain (CSU) op\u00e9rationnel 24h\/24 et 7j\/7<\/strong>. Cela permettra de d\u00e9tecter les situations anormales (agressions, d\u00e9p\u00f4ts d\u2019objets suspects, rod\u00e9os, intrusions..) et de lancer des interventions imm\u00e9diates.\u00a0<\/p>\n<p style=\"text-align: justify;\" data-path-to-node=\"7\">Toujours dans cette logique de r\u00e9activit\u00e9, l&rsquo;\u00e9quipe d&rsquo;Alain Carignon propose de d\u00e9ployer\u00a0<strong>un num\u00e9ro d\u2019alerte et une application mobile<\/strong>\u00a0permettant aux habitants de\u00a0<strong>signaler en temps r\u00e9el<\/strong> incidents, agressions, harc\u00e8lement directement \u00e0 la police municipale.\u00a0<\/p>\n<p>R\u00c9TABLIR LA COOP\u00c9RATION POUR LE CONTINUUM DE S\u00c9CURIT\u00c9<\/p>\n<p style=\"text-align: justify;\" data-path-to-node=\"7\">Alors que Piolle a isol\u00e9 la ville de ses partenaires par ses prises de position dogmatiques et solitaires, le r\u00e9tablissement de la coop\u00e9ration sera n\u00e9cessaire pour l&rsquo;efficacit\u00e9 de la chaine de s\u00e9curit\u00e9. <strong>C<\/strong><strong style=\"color: initial; font-family: -apple-system, BlinkMacSystemFont, 'Segoe UI', Roboto, Oxygen-Sans, Ubuntu, Cantarell, 'Helvetica Neue', sans-serif; font-size: revert;\">oop\u00e9ration entre polices municipales du territoire de la m\u00e9tropole<\/strong>, pour des interventions coordonn\u00e9es. Et <strong style=\"color: initial; font-family: -apple-system, BlinkMacSystemFont, 'Segoe UI', Roboto, Oxygen-Sans, Ubuntu, Cantarell, 'Helvetica Neue', sans-serif; font-size: revert;\">coop\u00e9ration entre le parquet, la pr\u00e9fecture, la police municipale, la police nationale et les bailleurs sociaux,<\/strong> soit l&rsquo;ensemble du continuum de s\u00e9curit\u00e9.<\/p>\n<p>R\u00c9TABLIR L&rsquo;AUTORIT\u00c9 AVEC UNE POLITIQUE DE TOL\u00c9RANCE Z\u00c9RO<\/p>\n<p style=\"text-align: justify;\" data-path-to-node=\"7\">Enfin, Alain Carignon assume une politique tr\u00e8s claire de r\u00e9tablissement de l&rsquo;autorit\u00e9. Avec une <strong>tol\u00e9rance z\u00e9ro<\/strong><strong>\u00a0contre les incivilit\u00e9s<\/strong>, avec rappel \u00e0 la loi syst\u00e9matique par le maire, premier magistrat de la ville. Et des mesures d&rsquo;<strong>expulsion de leur logement social de toutes les personnes condamn\u00e9es pour trafic<\/strong> de drogue, parce que la collectivit\u00e9 (le contribuable) <a href=\"https:\/\/grenoble-le-changement.fr\/2025\/03\/20\/grenoble-livree-aux-trafiquants-jusque-dans-les-appartements\/\" target=\"_blank\" rel=\"noopener\">n&rsquo;a pas \u00e0 payer pour h\u00e9berger des trafiquants<\/a>.<\/p>\n<p><a href=\"https:\/\/grenoble-le-changement.fr\/wp-content\/uploads\/2025\/03\/DL.png\" rel=\"lightbox[86289] noopener\" target=\"_blank\"><img loading=\"lazy\" decoding=\"async\" class=\" wp-image-80744 jetpack-lazy-image\" src=\"https:\/\/grenoble-le-changement.fr\/wp-content\/uploads\/2025\/03\/DL-300x164.png\" alt=\"\" width=\"662\" height=\"362\" data-lazy-src=\"https:\/\/www.europesays.com\/fr\/wp-content\/uploads\/2025\/11\/DL-300x164.png\" \/><\/a>Le monde \u00e0 l&rsquo;envers dans le Grenoble des Verts\/LFI.<\/p>\n<p style=\"text-align: justify;\" data-path-to-node=\"7\">Un vrai changement de philosophie : fini l&rsquo;impunit\u00e9 pour les d\u00e9linquants. La ville doit \u00eatre du c\u00f4t\u00e9 de ceux qui souffrent de l&rsquo;ins\u00e9curit\u00e9, c&rsquo;est pourquoi le candidat souhaite \u00e9galement assurer <strong style=\"font-size: revert; color: initial; font-family: -apple-system, BlinkMacSystemFont, 'Segoe UI', Roboto, Oxygen-Sans, Ubuntu, Cantarell, 'Helvetica Neue', sans-serif;\">l\u2019accompagnement des victimes<\/strong>, incluant soutien psychologique, aide mat\u00e9rielle et suivi personnalis\u00e9.<\/p>\n<p>PR\u00c9VENTION : LA DEUXI\u00c8ME JAMBE DU PLAN S\u00c9CURIT\u00c9<\/p>\n<p style=\"text-align: justify;\" data-path-to-node=\"7\">L&rsquo;autre jambe du plan s\u00e9curit\u00e9 porte sur le champ de la pr\u00e9vention. En 12 ans, les Verts\/LFI ont m\u00e9thodiquement sabord\u00e9 les structures de pr\u00e9vention et d&rsquo;\u00e9ducation sp\u00e9cialis\u00e9e qui fonctionnaient tr\u00e8s bien (le Plateau, la MJC th\u00e9\u00e2tre Pr\u00e9mol&#8230;) <a href=\"https:\/\/grenoble-le-changement.fr\/2022\/10\/29\/et-maintenant-la-mise-sous-tutelle-des-associations-de-quartier\/\" target=\"_blank\" rel=\"noopener\">par volont\u00e9 de caporaliser des institutions qu&rsquo;ils jugeaient trop ind\u00e9pendantes<\/a>. Des d\u00e9cisions qui ont laiss\u00e9 sur le carreau de nombreux jeunes, notamment dans les quartiers les plus pr\u00e9caires.\u00a0<\/p>\n<p style=\"text-align: justify;\" data-path-to-node=\"7\">L&rsquo;ambition de R\u00e9concilier Grenoble est d&rsquo;occuper le terrain pour ne pas laisser les jeunes \u00e0 la merci de la d\u00e9linquance, en recr\u00e9ant un lien humain bris\u00e9 par dix ans d&rsquo;aust\u00e9rit\u00e9 pour les services \u00e0 la population.<\/p>\n<p><a href=\"https:\/\/grenoble-le-changement.fr\/wp-content\/uploads\/2024\/10\/Capture-de\u0301cran-2024-10-01-a\u0300-16.51.27.png\" rel=\"lightbox[86289] noopener\" target=\"_blank\"><img loading=\"lazy\" decoding=\"async\" class=\" wp-image-76809 jetpack-lazy-image\" src=\"https:\/\/grenoble-le-changement.fr\/wp-content\/uploads\/2024\/10\/Capture-de\u0301cran-2024-10-01-a\u0300-16.51.27-300x142.png\" alt=\"\" width=\"712\" height=\"337\" data-lazy-src=\"https:\/\/www.europesays.com\/fr\/wp-content\/uploads\/2025\/11\/Capture-de\u0301cran-2024-10-01-a\u0300-16.51.27-300x142.png\" \/><\/a>Manifestation des habitants contre le sabordage de la MJC\/th\u00e9\u00e2tre Pr\u00e9mol face \u00e0 une municipalit\u00e9 sourde incarn\u00e9e par un Maire m\u00e9prisant l&rsquo;\u00e9ducation populaire<\/p>\n<p>UNE ACTIVIT\u00c9 POUR 100% DES JEUNES<\/p>\n<p style=\"text-align: justify;\" data-path-to-node=\"11\">Au coeur de la politique de pr\u00e9vention, un engagement tr\u00e8s fort d&rsquo;Alain Carignon :\u00a0<strong style=\"font-size: revert; color: initial; font-family: -apple-system, BlinkMacSystemFont, 'Segoe UI', Roboto, Oxygen-Sans, Ubuntu, Cantarell, 'Helvetica Neue', sans-serif;\">permettre hors temps scolaire \u00e0 100 %<\/strong><strong> des jeunes<\/strong> jusqu\u2019\u00e0 l&rsquo;\u00e2ge de 18 ans d\u2019avoir acc\u00e8s \u00e0 une activit\u00e9 culturelle, sociale, sportive gr\u00e2ce \u00e0 un contrat pass\u00e9 entre la ville et l\u2019ensemble des acteurs associatifs volontaires du territoire. Une offre p\u00e9riscolaire tr\u00e8s large, diversifi\u00e9e et qui fait la part belle \u00e0 toutes sortes d&rsquo;acteurs diff\u00e9rents, <a href=\"https:\/\/grenoble-le-changement.fr\/2024\/10\/02\/mjc-premol-la-municipalite-voulait-letrangler-en-silence\/\" target=\"_blank\" rel=\"noopener\">loin de l&rsquo;uniformisation triste que proposent les Verts\/LFI.\u00a0<\/a><\/p>\n<p>LUTTE CONTRE TOUTES LES FORMES DE VIOLENCE ET RESPONSABILISATION<\/p>\n<p style=\"text-align: justify;\" data-path-to-node=\"11\">Sont \u00e9galement identifi\u00e9s trois champs d&rsquo;action sp\u00e9cifiques pour lesquels l&rsquo;action municipale sera largement renforc\u00e9e :\u00a0<\/p>\n<ul>\n<li style=\"text-align: justify;\" data-path-to-node=\"11\"><strong style=\"color: initial; font-family: -apple-system, BlinkMacSystemFont, 'Segoe UI', Roboto, Oxygen-Sans, Ubuntu, Cantarell, 'Helvetica Neue', sans-serif; font-size: revert;\">La lutte contre les violences conjugales<\/strong>, avec des dispositifs d\u2019alerte et d\u2019accompagnement renforc\u00e9s.<\/li>\n<li style=\"text-align: justify;\" data-path-to-node=\"11\"><strong style=\"color: initial; font-family: -apple-system, BlinkMacSystemFont, 'Segoe UI', Roboto, Oxygen-Sans, Ubuntu, Cantarell, 'Helvetica Neue', sans-serif; font-size: revert;\">La s\u00e9curit\u00e9 nocturne, en d\u00e9ployant une \u00e9quipe de pr\u00e9vention<\/strong> d\u00e9di\u00e9e aux addictions li\u00e9es \u00e0 la consommation d\u2019alcool, aux risques sexuels et \u00e0 la tranquillit\u00e9 publique.<\/li>\n<li style=\"text-align: justify;\" data-path-to-node=\"11\"><strong style=\"color: initial; font-family: -apple-system, BlinkMacSystemFont, 'Segoe UI', Roboto, Oxygen-Sans, Ubuntu, Cantarell, 'Helvetica Neue', sans-serif; font-size: revert;\">Les incivilit\u00e9s routi\u00e8res<\/strong>, en prot\u00e9geant les plus vuln\u00e9rables, notamment les pi\u00e9tons, des comportements dangereux (voitures, v\u00e9los, trottinettes).<\/li>\n<\/ul>\n<p style=\"text-align: justify;\">Et pour responsabiliser les jeunes tout en leur montrant des domaines susceptibles de les int\u00e9resser pour leur orientation professionnelle, la <strong>mise en place de<\/strong><strong style=\"color: initial; font-family: -apple-system, BlinkMacSystemFont, 'Segoe UI', Roboto, Oxygen-Sans, Ubuntu, Cantarell, 'Helvetica Neue', sans-serif; font-size: revert;\">\u00a0travaux d\u2019int\u00e9r\u00eat g\u00e9n\u00e9ral<\/strong> pour les coll\u00e9giens et les lyc\u00e9ens sanctionn\u00e9s.<\/p>\n<p>UN PLAN PORT\u00c9 PAR DES EXPERTS<\/p>\n<p style=\"text-align: justify;\" data-path-to-node=\"11\">Un plan qui traite donc 100% des aspects li\u00e9s \u00e0 la s\u00e9curit\u00e9\/pr\u00e9vention relevant du champ de comp\u00e9tence d&rsquo;une municipalit\u00e9. Gage de sa cr\u00e9dibilit\u00e9, <a href=\"https:\/\/grenoble-le-changement.fr\/2025\/11\/22\/stop-a-insecurite-alain-carignon-sengage-avec-reconcilier-grenoble\/\" target=\"_blank\" rel=\"noopener\">il est port\u00e9 par des experts au sein du collectif<\/a> R\u00e9concilier Grenoble : Jean-Claude Borel-Garin, ex directeur de la Police Nationale en Is\u00e8re et n\u00b02 du Raid, Guillaume Josserand, ex chef d&rsquo;Etat Major de la police \u00e0 Grenoble, et Roger Oria Major Honoraire de la police.\u00a0<\/p>\n<p><img decoding=\"async\" data-id=\"86320\" src=\"https:\/\/grenoble-le-changement.fr\/wp-content\/uploads\/2025\/11\/guillaume-josserand-cp-secu.jpg\" alt=\"\" class=\"wp-image-86320 jetpack-lazy-image\" data-lazy-src=\"https:\/\/www.europesays.com\/fr\/wp-content\/uploads\/2025\/11\/guillaume-josserand-cp-secu.jpg\" \/><\/p>\n<p><img decoding=\"async\" data-id=\"86276\" src=\"https:\/\/grenoble-le-changement.fr\/wp-content\/uploads\/2025\/11\/Capture-de\u0301cran-2025-11-21-a\u0300-12.04.55.png\" alt=\"\" class=\"wp-image-86276 jetpack-lazy-image\" data-lazy-src=\"https:\/\/www.europesays.com\/fr\/wp-content\/uploads\/2025\/11\/Capture-de\u0301cran-2025-11-21-a\u0300-12.04.55.png\" \/><\/p>\n<p><img decoding=\"async\" data-id=\"86277\" src=\"https:\/\/grenoble-le-changement.fr\/wp-content\/uploads\/2025\/11\/Capture-de\u0301cran-2025-11-21-a\u0300-12.06.04.png\" alt=\"\" class=\"wp-image-86277 jetpack-lazy-image\" data-lazy-src=\"https:\/\/www.europesays.com\/fr\/wp-content\/uploads\/2025\/11\/Capture-de\u0301cran-2025-11-21-a\u0300-12.06.04.png\" \/><br \/>\nAlain Carignon et une partie du collectif R\u00e9concilier Grenoble pour la pr\u00e9sentation du plan s\u00e9curit\u00e9 \u00e0 la presse.<\/p>\n<p>UN PLAN FINANC\u00c9 PAR LES \u00c9CONOMIES DE FONCTIONNEMENT<\/p>\n<p style=\"text-align: justify;\" data-path-to-node=\"12\">Et surtout, un plan financ\u00e9. Car Alain Carignon<a href=\"https:\/\/grenoble-le-changement.fr\/2025\/10\/10\/crise-financiere-les-propositions-alain-carignon-pour-eviter-la-hausse-dimpots\/\" target=\"_blank\" rel=\"noopener\"> s&rsquo;attaque \u00e0 la question du \u00ab\u00a0comment\u00a0\u00bb avec un plan d&rsquo;\u00e9conomies massives gr\u00e2ce \u00e0 la fusion des services ville-m\u00e9tropole<\/a>, aujourd&rsquo;hui un mille-feuille administratif, une pompe \u00e0 fric inefficace qui asphyxie le contribuable grenoblois et nuit \u00e0 l&rsquo;efficacit\u00e9 du service. C&rsquo;est un gisement d&rsquo;\u00e9conomies massives imm\u00e9diatement mobilisable pour la s\u00e9curit\u00e9. C&rsquo;est la seule mani\u00e8re d&rsquo;investir massivement sans augmenter les imp\u00f4ts.\u00a0<\/p>\n<p>\u00ab\u00a0UN SYST\u00c8ME ASPHYXI\u00c9 ET INEFFICACE\u00a0\u00bb<\/p>\n<p style=\"text-align: justify;\" data-path-to-node=\"12\">\u00ab\u00a0Il y a des doublons consid\u00e9rables et absurdes, il y a m\u00eame des services en triple. Quel g\u00e2chis d\u2019argent public ! D\u2019autant plus que c\u2019est d\u2019une inefficacit\u00e9 en plus ! On le voit sur la propret\u00e9 de la ville. La propret\u00e9 est partag\u00e9e en deux, entre la Ville et la M\u00e9tropole. La seconde ramasse les poubelles, quand la premi\u00e8re ramasse les corbeilles. Autre exemple : la M\u00e9tropole est responsable des d\u00e9chetteries, mais la Ville est responsable des encombrants. Et donc quand la M\u00e9tropole porte des encombrants \u00e0 la d\u00e9chetterie, la Ville paye. Tout ce syst\u00e8me est asphyxi\u00e9 et inefficace\u00a0\u00bb a-t-il encore d\u00e9taill\u00e9 \u00e0 Eve Moulinier du Dauphin\u00e9 Lib\u00e9r\u00e9 (<a target=\"_blank\" href=\"https:\/\/c.ledauphine.com\/elections\/2025\/11\/21\/isere-municipales-2026-carignon-fustige-les-doublons-absurdes-entre-la-ville-de-grenoble-et-la-metropole\" rel=\"noopener\">21\/11\/25<\/a>) en marge de la pr\u00e9sentation de son plan.<\/p>\n<p>2026 : REDRESSER LA BARRE OU POURSUIVRE LE D\u00c9CLIN<\/p>\n<p style=\"text-align: justify;\" data-path-to-node=\"21\">Les Grenoblois sont \u00e0 la crois\u00e9e des chemins alors que plus de 70% d&rsquo;entre eux se d\u00e9clarent m\u00e9contents de la situation de la ville en mati\u00e8re de s\u00e9curit\u00e9, <a href=\"https:\/\/grenoble-le-changement.fr\/2025\/05\/24\/sondage-carignon-en-tete-de-lopposition-les-grenoblois-veulent-le-changement\/\" target=\"_blank\" rel=\"noopener\">selon le sondage IPSOS de mai dernier.<\/a> En mars prochain, ils ont le choix : continuer avec les h\u00e9ritiers d&rsquo;un syst\u00e8me qui a fait des d\u00e9linquants les rois de la ville, incarn\u00e9 par la candidate Laurence Ruffin qui promet l&rsquo;immobilisme, ou opter pour le sursaut propos\u00e9 par Alain Carignon. Un plan financ\u00e9, cr\u00e9dible, port\u00e9 par des experts, pour que Grenoble cesse enfin d&rsquo;\u00eatre la capitale des agressions pour redevenir agr\u00e9able \u00e0 vivre.\u00a0<\/p>\n","protected":false},"excerpt":{"rendered":"Posted On 23 novembre 2025 Alain Carignon et le collectif \u00ab\u00a0R\u00e9concilier Grenoble\u00a0\u00bb ont lanc\u00e9 cette semaine une campagne&hellip;\n","protected":false},"author":2,"featured_media":552900,"comment_status":"","ping_status":"","sticky":false,"template":"","format":"standard","meta":{"footnotes":""},"categories":[9566],"tags":[1111,11,9601,2430,9607,1777,674,10608,1011,27,2731,14756,14757,10136,12,25,47846],"class_list":{"0":"post-552899","1":"post","2":"type-post","3":"status-publish","4":"format-standard","5":"has-post-thumbnail","7":"category-grenoble","8":"tag-actu","9":"tag-actualites","10":"tag-alain-carignon","11":"tag-auvergne-rhone-alpes","12":"tag-eric-piolle","13":"tag-eu","14":"tag-europe","15":"tag-eve-moulinier","16":"tag-fr","17":"tag-france","18":"tag-grenoble","19":"tag-guillaume-josserand","20":"tag-jean-claude-borel-garin","21":"tag-laurence-ruffin","22":"tag-news","23":"tag-republique-francaise","24":"tag-roger-oria"},"share_on_mastodon":{"url":"https:\/\/pubeurope.com\/@fr\/115597834375995175","error":""},"_links":{"self":[{"href":"https:\/\/www.europesays.com\/fr\/wp-json\/wp\/v2\/posts\/552899","targetHints":{"allow":["GET"]}}],"collection":[{"href":"https:\/\/www.europesays.com\/fr\/wp-json\/wp\/v2\/posts"}],"about":[{"href":"https:\/\/www.europesays.com\/fr\/wp-json\/wp\/v2\/types\/post"}],"author":[{"embeddable":true,"href":"https:\/\/www.europesays.com\/fr\/wp-json\/wp\/v2\/users\/2"}],"replies":[{"embeddable":true,"href":"https:\/\/www.europesays.com\/fr\/wp-json\/wp\/v2\/comments?post=552899"}],"version-history":[{"count":0,"href":"https:\/\/www.europesays.com\/fr\/wp-json\/wp\/v2\/posts\/552899\/revisions"}],"wp:featuredmedia":[{"embeddable":true,"href":"https:\/\/www.europesays.com\/fr\/wp-json\/wp\/v2\/media\/552900"}],"wp:attachment":[{"href":"https:\/\/www.europesays.com\/fr\/wp-json\/wp\/v2\/media?parent=552899"}],"wp:term":[{"taxonomy":"category","embeddable":true,"href":"https:\/\/www.europesays.com\/fr\/wp-json\/wp\/v2\/categories?post=552899"},{"taxonomy":"post_tag","embeddable":true,"href":"https:\/\/www.europesays.com\/fr\/wp-json\/wp\/v2\/tags?post=552899"}],"curies":[{"name":"wp","href":"https:\/\/api.w.org\/{rel}","templated":true}]}}