{"id":552910,"date":"2025-11-23T07:37:12","date_gmt":"2025-11-23T07:37:12","guid":{"rendered":"https:\/\/www.europesays.com\/fr\/552910\/"},"modified":"2025-11-23T07:37:12","modified_gmt":"2025-11-23T07:37:12","slug":"comment-benjamin-pavard-determinant-a-nice-a-reussi-a-inverser-la-tendance-apres-des-prestations-ratees","status":"publish","type":"post","link":"https:\/\/www.europesays.com\/fr\/552910\/","title":{"rendered":"comment Benjamin Pavard, d\u00e9terminant \u00e0 Nice, a r\u00e9ussi \u00e0 inverser la tendance apr\u00e8s des prestations rat\u00e9es"},"content":{"rendered":"<p>C\u2019est peut-\u00eatre un d\u00e9tail pour beaucoup, mais pour Benjamin Pavard, cela veut dire beaucoup. Lorsque Leonardo Balerdi a quitt\u00e9 sa troupe, vendredi soir alors que <a href=\"https:\/\/www.laprovence.com\/article\/om\/1807901217256214\/nice-om-1-5-un-feu-dartifice-olympien-pour-reprendre-la-tete-de-la-ligue-1-et-preparer-au-mieux-newcastle\" target=\"_blank\" rel=\"noopener\">le triomphe olympien contre Nice \u00e9tait acquis<\/a> et que Roberto De Zerbi voulait pr\u00e9server son capitaine pour son retour \u00e0 la comp\u00e9tition, le brassard s\u2019est retrouv\u00e9 sans biceps attitr\u00e9.<\/p>\n<p>Pierre-Emile Hojbjerg vice-capitaine d\u00e9clar\u00e9 et taulier du vestiaire\u00a0? Pr\u00e9sent \u00e0 Nice mais rest\u00e9 en civil, cal\u00e9 dans les tribunes douillettes de l\u2019Allianz Riviera, pour souffler apr\u00e8s <a href=\"https:\/\/www.laprovence.com\/article\/om\/17629487503217\/om-hojbjerg-reste-aux-soins-a-la-veille-du-deplacement-a-nice\" target=\"_blank\" rel=\"noopener\">les efforts consentis avec le Danemark<\/a>. Les autres l\u2019ayant arbor\u00e9 depuis les trois coups de la saison\u00a0? Sortis de l\u2019ar\u00e8ne ni\u00e7oise (Aubameyang, Kondogbia) ou \u00e0 l\u2019infirmerie (Aguerd).<\/p>\n<p>Ses efforts pour venir \u00e0 l\u2019OM<\/p>\n<p>L\u2019\u00e9vidence s\u2019est rapidement impos\u00e9e\u00a0: seul Pavard pouvait h\u00e9riter du bout de tissu. Tout sauf un choix par d\u00e9faut tant le champion du monde 2018, fort de sa riche exp\u00e9rience emmagasin\u00e9e parmi les plus prestigieuses maisons europ\u00e9ennes, venait de livrer une prestation solide, propre et d\u00e9terminante (\u00e0 l\u2019origine de l\u2019ouverture du score sign\u00e9e \u00ab\u00a0Auba\u00a0\u00bb), aux antipodes <a href=\"https:\/\/www.laprovence.com\/article\/om\/278685521030714\/om-du-sporting-a-latalanta-retour-sur-la-mauvaise-passe-de-pavard\" target=\"_blank\" rel=\"noopener\">des brouillons griffonn\u00e9s lors de la pr\u00e9c\u00e9dente s\u00e9quence<\/a>. De Lisbonne \u00e0 Lens, en passant par la&#8230;<\/p>\n","protected":false},"excerpt":{"rendered":"C\u2019est peut-\u00eatre un d\u00e9tail pour beaucoup, mais pour Benjamin Pavard, cela veut dire beaucoup. Lorsque Leonardo Balerdi a&hellip;\n","protected":false},"author":2,"featured_media":552911,"comment_status":"","ping_status":"","sticky":false,"template":"","format":"standard","meta":{"footnotes":""},"categories":[2819],"tags":[17,1111,11,17232,20,66997,1777,674,1011,27,12,2401,149,51610,882,25,7530],"class_list":{"0":"post-552910","1":"post","2":"type-post","3":"status-publish","4":"format-standard","5":"has-post-thumbnail","7":"category-nice","8":"tag-17","9":"tag-actu","10":"tag-actualites","11":"tag-benjamin","12":"tag-comment","13":"tag-determinant","14":"tag-eu","15":"tag-europe","16":"tag-fr","17":"tag-france","18":"tag-news","19":"tag-nice","20":"tag-om","21":"tag-pavard","22":"tag-provence-alpes-cote-dazur","23":"tag-republique-francaise","24":"tag-reussi"},"share_on_mastodon":{"url":"https:\/\/pubeurope.com\/@fr\/115597871947144143","error":""},"_links":{"self":[{"href":"https:\/\/www.europesays.com\/fr\/wp-json\/wp\/v2\/posts\/552910","targetHints":{"allow":["GET"]}}],"collection":[{"href":"https:\/\/www.europesays.com\/fr\/wp-json\/wp\/v2\/posts"}],"about":[{"href":"https:\/\/www.europesays.com\/fr\/wp-json\/wp\/v2\/types\/post"}],"author":[{"embeddable":true,"href":"https:\/\/www.europesays.com\/fr\/wp-json\/wp\/v2\/users\/2"}],"replies":[{"embeddable":true,"href":"https:\/\/www.europesays.com\/fr\/wp-json\/wp\/v2\/comments?post=552910"}],"version-history":[{"count":0,"href":"https:\/\/www.europesays.com\/fr\/wp-json\/wp\/v2\/posts\/552910\/revisions"}],"wp:featuredmedia":[{"embeddable":true,"href":"https:\/\/www.europesays.com\/fr\/wp-json\/wp\/v2\/media\/552911"}],"wp:attachment":[{"href":"https:\/\/www.europesays.com\/fr\/wp-json\/wp\/v2\/media?parent=552910"}],"wp:term":[{"taxonomy":"category","embeddable":true,"href":"https:\/\/www.europesays.com\/fr\/wp-json\/wp\/v2\/categories?post=552910"},{"taxonomy":"post_tag","embeddable":true,"href":"https:\/\/www.europesays.com\/fr\/wp-json\/wp\/v2\/tags?post=552910"}],"curies":[{"name":"wp","href":"https:\/\/api.w.org\/{rel}","templated":true}]}}